{"id":82725,"date":"2016-07-26T13:04:43","date_gmt":"2016-07-26T11:04:43","guid":{"rendered":"http:\/\/gazdasagportal.hu\/?p=82725"},"modified":"2016-07-26T12:46:37","modified_gmt":"2016-07-26T10:46:37","slug":"kiadjak-magyarorszagnak-a-csalassal-gyanusithato-szolnoki-brokert","status":"publish","type":"post","link":"https:\/\/gazdasagportal.hu\/index.php\/kiadjak-magyarorszagnak-a-csalassal-gyanusithato-szolnoki-brokert\/","title":{"rendered":"Kiadj\u00e1k Magyarorsz\u00e1gnak a csal\u00e1ssal gyan\u00fas\u00edthat\u00f3 szolnoki br\u00f3kert"},"content":{"rendered":"<p><strong>Kiadj\u00e1k Magyarorsz\u00e1gnak a n\u00e9met hat\u00f3s\u00e1gok az eddig 62 rendbeli csal\u00e1ssal meggyan\u00fas\u00edtott szolnoki br\u00f3kert, akit eur\u00f3pai elfogat\u00f3parancs alapj\u00e1n m\u00e1jus v\u00e9g\u00e9n fogtak el N\u00e9metorsz\u00e1gban \u00e9s kiadat\u00e1si letart\u00f3ztat\u00e1sba ker\u00fclt &#8211; er\u0151s\u00edtette meg a J\u00e1sz-Nagykun-Szolnok Megyei F\u0151\u00fcgy\u00e9szs\u00e9g sajt\u00f3sz\u00f3viv\u0151je a pestisracok.hu inform\u00e1ci\u00f3j\u00e1t kedden az MTI-nek.<\/strong><!--more--><\/p>\n<div class=\"ads-in-post1\"><div id=\"gazdasagportal.hu_fullbanner_wideboard\"><\/div>\r\n<\/div>\n<p>    Bal\u00e1zsn\u00e9 Busku Ter\u00e9zia a nyomoz\u00e1s \u00e9rdekeire hivatkozva azt nem k\u00edv\u00e1nta k\u00f6z\u00f6lni, hogy mikor \u00e9s hov\u00e1 viszik a &#8211; Br\u00f3ker J\u00f3zsik\u00e9nt is emlegetett &#8211; gyan\u00fas\u00edtottat. Elmondta: az \u00fcgy\u00e9szs\u00e9g ind\u00edtv\u00e1nyozza a nyomoz\u00e1si b\u00edr\u00f3n\u00e1l a gyan\u00fas\u00edtott el\u0151zetes letart\u00f3ztat\u00e1s\u00e1t, mert a f\u00e9rfi megsz\u00f6k\u00f6tt a hat\u00f3s\u00e1g el\u0151l \u00e9s fenn\u00e1ll annak vesz\u00e9lye, hogy szabadl\u00e1bon hagy\u00e1sa eset\u00e9n \u00fajra megsz\u00f6kne.<br \/>\n    Hozz\u00e1tette, a f\u00e9rfi egyel\u0151re 62 rendbeli csal\u00e1ssal gyan\u00fas\u00edthat\u00f3, de ez nem z\u00e1rja ki, hogy a nyomoz\u00e1s sor\u00e1n tov\u00e1bbi s\u00e9rtetteket is tal\u00e1ljanak. Eddig szolnoki, szegedi, martf\u0171i, budapesti, g\u00f6d\u00f6ll\u0151i s\u00e9rtetteket hallgattak ki.<br \/>\n    Tov\u00e1bbra is egy ember gyan\u00fas\u00edthat\u00f3 a b\u0171ncselekm\u00e9nyekkel, a nyomoz\u00e1s hat\u00e1rideje szeptember 29., ami meghosszabb\u00edthat\u00f3 &#8211; k\u00f6z\u00f6lte.<br \/>\n    Kit\u00e9rt arra, hogy az \u00fcgyben a Csongr\u00e1d Megyei Rend\u0151r-f\u0151kapit\u00e1nys\u00e1g nyomoz. Ezt megel\u0151z\u0151en a Szolnoki Rend\u0151rkapit\u00e1nys\u00e1g j\u00e1rt el, elfogults\u00e1g miatt jel\u00f6lt\u00e9k ki a Csongr\u00e1d megyei f\u0151kapit\u00e1nys\u00e1got &#8211; f\u0171zte hozz\u00e1. A nyomoz\u00e1s \u00fcgy\u00e9szs\u00e9gi fel\u00fcgyelet\u00e9t a Szolnoki J\u00e1r\u00e1si \u00e9s Nyomoz\u00f3 \u00dcgy\u00e9szs\u00e9g l\u00e1tja el &#8211; jelezte.<br \/>\n    A sajt\u00f3sz\u00f3viv\u0151 kifejtette: a gyan\u00fa szerint a f\u00e9rfi kedvez\u0151 befektet\u00e9si lehet\u0151s\u00e9gekre hivatkozva magas kamat, illetve hozam \u00edg\u00e9ret\u00e9vel k\u00f6t\u00f6tt k\u00f6lcs\u00f6nad\u00e1si meg\u00e1llapod\u00e1sokat a s\u00e9rtettekkel, de a v\u00e1llalt k\u00f6telezetts\u00e9geit nem \u00e1llt sz\u00e1nd\u00e9k\u00e1ban teljes\u00edteni. Tett\u00e9t az anyagi haszonszerz\u00e9s motiv\u00e1lta.<br \/>\n    A nyomoz\u00e1si b\u00edr\u00f3 m\u00e1rcius 25-\u00e9n adta ki a felt\u00e9telezett elk\u00f6vet\u0151vel szemben a nemzetk\u00f6zi \u00e9s az eur\u00f3pai elfogat\u00f3parancsot, amelynek alapj\u00e1n a f\u00e9rfit m\u00e1jus 31-\u00e9n N\u00e9metorsz\u00e1gban fogt\u00e1k el.<br \/>\n    A pestisracok.hu port\u00e1l szerint a csal\u00f3val szemben eg\u00e9szen m\u00e1rciusig csup\u00e1n belf\u00f6ldi elfogat\u00f3parancs volt \u00e9rv\u00e9nyben, pedig m\u00e1r akkor tudni lehetett, hogy a f\u00e9rfi tavaly ny\u00e1r v\u00e9g\u00e9n N\u00e9metorsz\u00e1gba menek\u00fclt. Err\u0151l m\u00e9g a m\u00falt \u00e9v szeptember\u00e9ben sz\u00e1molt be a hat\u00f3s\u00e1goknak az \u00fcgy egyik s\u00e9rtettje.<br \/>\n    Bal\u00e1zsn\u00e9 Busku Ter\u00e9zia erre reag\u00e1lva azt k\u00f6z\u00f6lte, hogy az eur\u00f3pai \u00e9s nemzetk\u00f6zi elfogat\u00f3parancsot az\u00e9rt bocs\u00e1tott\u00e1k ki k\u00e9s\u0151bb, mert a szolnoki br\u00f3kernek ismert c\u00edme volt k\u00fclf\u00f6ld\u00f6n, ahonnan a rend\u0151rs\u00e9g beid\u00e9zte. Azt k\u00f6vet\u0151en lehetett kezdem\u00e9nyezni a nyomoz\u00e1si b\u00edr\u00f3n\u00e1l a parancs kibocs\u00e1t\u00e1s\u00e1t, hogy a f\u00e9rfi nem jelent meg.<br \/>\n    A h\u00edrport\u00e1l inform\u00e1ci\u00f3i szerint F. J\u00f3zsef Szeverin az elm\u00falt n\u00e9h\u00e1ny \u00e9vben felt\u00e9telezhet\u0151en sz\u00e1zmilli\u00f3kkal k\u00e1ros\u00edtott meg legal\u00e1bb nyolcvan embert. Nagy val\u00f3sz\u00edn\u0171s\u00e9ggel m\u00e1r a h\u00e9ten Magyarorsz\u00e1gra hozz\u00e1k a br\u00f3kert &#8211; \u00edrt\u00e1k.<br \/>\n    Tavaly novemberben a szoljon.hu \u00edrt t\u00f6bb elkeseredett s\u00e9rtettr\u0151l &#8211; id\u00e9zt\u00e9k fel. Az egyik csal\u00e1d p\u00e9ld\u00e1ul a l\u00e1nyuk k\u00fclf\u00f6ldi tan\u00edttat\u00e1s\u00e1t szerette volna finansz\u00edrozni, \u00edgy huszonh\u00e1rommilli\u00f3 forintot adtak a csal\u00f3nak. Telefonon tartott\u00e1k vele a kapcsolatot, de amikor k\u00e9rt\u00e9k a p\u00e9nz\u00fcket, a br\u00f3ker sosem adta oda, mondv\u00e1n, k\u00e9s\u0151bb jobban j\u00e1rn\u00e1nak. A f\u00e9rfit 2013 v\u00e9g\u00e9n m\u00e1r hi\u00e1ba h\u00edvt\u00e1k, nem vette fel a telefont.<br \/>\n    A pestisracok.hu h\u00e9tf\u0151i inform\u00e1ci\u00f3i szerint van olyan k\u00e1rosult is, aki \u00f6tvenmilli\u00f3 forintot adott \u00e1t &#8222;Br\u00f3ker J\u00f3zsinak&#8221;.(MTI)<\/p>\n","protected":false},"excerpt":{"rendered":"<p>Kiadj\u00e1k Magyarorsz\u00e1gnak a n\u00e9met hat\u00f3s\u00e1gok az eddig 62 rendbeli csal\u00e1ssal meggyan\u00fas\u00edtott szolnoki br\u00f3kert, akit eur\u00f3pai elfogat\u00f3parancs alapj\u00e1n m\u00e1jus v\u00e9g\u00e9n fogtak el N\u00e9metorsz\u00e1gban \u00e9s kiadat\u00e1si letart\u00f3ztat\u00e1sba ker\u00fclt &#8211; er\u0151s\u00edtette meg a J\u00e1sz-Nagykun-Szolnok Megyei F\u0151\u00fcgy\u00e9szs\u00e9g sajt\u00f3sz\u00f3viv\u0151je a pestisracok.hu inform\u00e1ci\u00f3j\u00e1t kedden az MTI-nek.<\/p>\n","protected":false},"author":1,"featured_media":0,"comment_status":"open","ping_status":"closed","sticky":false,"template":"","format":"standard","meta":[],"categories":[4,19],"tags":[],"_links":{"self":[{"href":"https:\/\/gazdasagportal.hu\/index.php\/wp-json\/wp\/v2\/posts\/82725"}],"collection":[{"href":"https:\/\/gazdasagportal.hu\/index.php\/wp-json\/wp\/v2\/posts"}],"about":[{"href":"https:\/\/gazdasagportal.hu\/index.php\/wp-json\/wp\/v2\/types\/post"}],"author":[{"embeddable":true,"href":"https:\/\/gazdasagportal.hu\/index.php\/wp-json\/wp\/v2\/users\/1"}],"replies":[{"embeddable":true,"href":"https:\/\/gazdasagportal.hu\/index.php\/wp-json\/wp\/v2\/comments?post=82725"}],"version-history":[{"count":1,"href":"https:\/\/gazdasagportal.hu\/index.php\/wp-json\/wp\/v2\/posts\/82725\/revisions"}],"predecessor-version":[{"id":82726,"href":"https:\/\/gazdasagportal.hu\/index.php\/wp-json\/wp\/v2\/posts\/82725\/revisions\/82726"}],"wp:attachment":[{"href":"https:\/\/gazdasagportal.hu\/index.php\/wp-json\/wp\/v2\/media?parent=82725"}],"wp:term":[{"taxonomy":"category","embeddable":true,"href":"https:\/\/gazdasagportal.hu\/index.php\/wp-json\/wp\/v2\/categories?post=82725"},{"taxonomy":"post_tag","embeddable":true,"href":"https:\/\/gazdasagportal.hu\/index.php\/wp-json\/wp\/v2\/tags?post=82725"}],"curies":[{"name":"wp","href":"https:\/\/api.w.org\/{rel}","templated":true}]}}