{"id":82567,"date":"2016-07-22T08:01:39","date_gmt":"2016-07-22T06:01:39","guid":{"rendered":"http:\/\/gazdasagportal.hu\/?p=82567"},"modified":"2016-07-22T07:32:41","modified_gmt":"2016-07-22T05:32:41","slug":"republikanus-konvencio-trump-a-felviragzas-es-a-biztonsag-igeretevel-fogadta-el-az-elnokjeloltseget","status":"publish","type":"post","link":"https:\/\/gazdasagportal.hu\/index.php\/republikanus-konvencio-trump-a-felviragzas-es-a-biztonsag-igeretevel-fogadta-el-az-elnokjeloltseget\/","title":{"rendered":"Republik\u00e1nus konvenci\u00f3 &#8211; Trump a felvir\u00e1gz\u00e1s \u00e9s a biztons\u00e1g \u00edg\u00e9ret\u00e9vel fogadta el az eln\u00f6kjel\u00f6lts\u00e9get"},"content":{"rendered":"<p><strong>Donald Trump a felvir\u00e1gz\u00e1s \u00e9s a biztons\u00e1g \u00edg\u00e9ret\u00e9vel fogadta el az eln\u00f6kjel\u00f6lts\u00e9get a republik\u00e1nusok konvenci\u00f3j\u00e1nak utols\u00f3 napj\u00e1n, cs\u00fct\u00f6rt\u00f6k este az esem\u00e9ny z\u00e1r\u00e1sak\u00e9nt elmondott besz\u00e9d\u00e9ben. <\/strong><!--more--><\/p>\n<div class=\"ads-in-post1\"><div id=\"gazdasagportal.hu_fullbanner_wideboard\"><\/div>\r\n<\/div>\n<p>    Donald Trump &#8222;tele al\u00e1zattal \u00e9s h\u00e1l\u00e1val&#8221; fogadta el a Republik\u00e1nus P\u00e1rt eln\u00f6kjel\u00f6lts\u00e9g\u00e9t. Besz\u00e9d\u00e9nek elej\u00e9n azt \u00edg\u00e9rte, hogy vele a republik\u00e1nusok visszat\u00e9rnek a Feh\u00e9r H\u00e1zba, az Egyes\u00fclt \u00c1llamok pedig a felvir\u00e1gz\u00e1s \u00e9s a b\u00e9kess\u00e9g korszak\u00e1ba. A t\u00f6rv\u00e9nyess\u00e9g \u00e9s a rend Amerik\u00e1j\u00e1t \u00edg\u00e9rte, \u00e9s azt hangs\u00falyozta, hogy \u0151 az &#8222;elfelejtett&#8221; Amerika hangj\u00e1t hallatja.<br \/>\n    A milli\u00e1rdos \u00fczletember elkeseredett, s\u00f6t\u00e9t hangulat\u00fa orsz\u00e1g k\u00e9p\u00e9t v\u00e1zolta fel, meg\u00edg\u00e9rve, hogy megv\u00e9di az orsz\u00e1got \u00e9s vissza\u00e1ll\u00edtja a t\u00f6rv\u00e9nyess\u00e9get, a rendet. &#8222;Az amerikaiak, akik ezt az \u00fczenetet n\u00e9zik ma este, az elm\u00falt napokban l\u00e1tt\u00e1k az utc\u00e1inkon elszabadul\u00f3 er\u0151szak \u00e9s a k\u00f6z\u00f6ss\u00e9geinken fel\u00fclkereked\u0151 k\u00e1osz k\u00e9peit. Sokan szem\u00e9lyesen is szemtan\u00fai voltak az er\u0151szaknak, sokan \u00e1ldozataiv\u00e1 is v\u00e1ltak. Azt \u00fczenem mindenkinek: a nemzet\u00fcnket k\u00ednz\u00f3 b\u0171n\u00f6z\u00e9snek \u00e9s er\u0151szaknak hamarosan v\u00e9ge lesz, \u00e9s ezt komolyan mondom: 2017. janu\u00e1r 20-\u00e1val kezd\u0151d\u0151en megint rend lesz az orsz\u00e1gban&#8221; &#8211; fogalmazott Trump, hozz\u00e1t\u00e9ve: nincs prosperit\u00e1s rend n\u00e9lk\u00fcl.<br \/>\n    &#8222;Az elfelejtett Amerika hangja vagyok&#8221; &#8211; jelentette ki, majd a k\u00e9tkezi munk\u00e1sok \u00e9s a k\u00f6z\u00e9poszt\u00e1ly v\u00e9delmez\u0151jek\u00e9nt megjelen\u00edtve mag\u00e1t arra figyelmeztetett, hogy ha Hillary Clinton, a demokrat\u00e1k v\u00e1rhat\u00f3 eln\u00f6kjel\u00f6ltje ker\u00fcl a Feh\u00e9r H\u00e1zba, akkor az orsz\u00e1g gazdas\u00e1gi neh\u00e9zs\u00e9gei csak n\u00f6vekednek majd. &#8222;Azok a probl\u00e9m\u00e1k, amelyekkel ma szemben\u00e9z\u00fcnk &#8211; szeg\u00e9nys\u00e9g \u00e9s er\u0151szak itthon, h\u00e1bor\u00fa \u00e9s rombol\u00e1s k\u00fclf\u00f6ld\u00f6n &#8211; mindaddig vel\u00fcnk maradnak, am\u00edg tov\u00e1bbra is azokra a politikusokra t\u00e1maszkodunk, akik l\u00e9trehozt\u00e1k \u0151ket&#8221; &#8211; mondta Trump. Ostorozta a politikai elitet, mondv\u00e1n, hogy a nemzet \u00e9rdekei el\u00e9 helyezik a saj\u00e1t \u00fcgyeiket. &#8222;Am\u00edg olyan politikusok vezetnek benn\u00fcnket, akiknek nem Amerika az els\u0151, addig biztosak lehet\u00fcnk benne, hogy m\u00e1s nemzetek nem b\u00e1nnak vel\u00fcnk tisztelettel. De ez megv\u00e1ltozik majd, amint hivatalba l\u00e9pek&#8221; &#8211; folytatta.<br \/>\n    Ad\u00f3cs\u00f6kkent\u00e9st \u00e9s ad\u00f3egyszer\u0171s\u00edt\u00e9st \u00edg\u00e9rt, ezzel \u00faj munkahelyeket \u00e9s az amerikaiak \u00e9letsz\u00ednvonal\u00e1nak javul\u00e1s\u00e1t is. &#8222;Utakat, orsz\u00e1gutakat, hidakat, alagutakat, rep\u00fcl\u0151tereket \u00e9p\u00edt\u00fcnk majd \u00e9s a holnap vas\u00fatvonalait is meg\u00e9p\u00edtj\u00fck&#8221; &#8211; mondta. Hat\u00e1rozott \u00edg\u00e9retet tett arra, hogy visszavonja, semmiss\u00e9 teszi Obama eln\u00f6k vitatott eg\u00e9szs\u00e9gbiztos\u00edt\u00e1si reformj\u00e1t, valamint \u00fajrat\u00e1rgyalja a szerinte Amerik\u00e1ra h\u00e1tr\u00e1nyos amerikai-kanadai-mexik\u00f3i szabadkereskedelmi meg\u00e1llapod\u00e1st (a NAFTA-t) is. &#8222;Soha t\u00f6bb\u00e9 nem \u00edrunk al\u00e1 rossz kereskedelmi meg\u00e1llapod\u00e1sokat, Amerika mindenekel\u0151tt&#8221; &#8211; ism\u00e9telte meg az el\u0151v\u00e1laszt\u00e1sokon m\u00e1r megfogalmazott \u00e1ll\u00e1spontj\u00e1t.<br \/>\n    Riaszt\u00f3an s\u00f6t\u00e9t k\u00e9pet festett arr\u00f3l, hogy az illeg\u00e1lis bev\u00e1ndorl\u00e1s \u00e9s az Iszl\u00e1m \u00c1llam nev\u0171 terrorszervezet milyen fenyeget\u00e9st jelent az Egyes\u00fclt \u00c1llamokra.<br \/>\n    Megism\u00e9telte a v\u00e1laszt\u00e1si kamp\u00e1nyban hangoztatott \u00e1ll\u00e1spontj\u00e1t, miszerint az ellen\u0151rizetlen\u00fcl, illeg\u00e1lisan \u00e9rkez\u0151 bev\u00e1ndorl\u00f3k elveszik a munk\u00e1t az amerikai \u00e1llampolg\u00e1rokt\u00f3l \u00e9s nem egyszer b\u0171ncselekm\u00e9nyeket k\u00f6vetnek el. &#8222;Ennek is v\u00e9get vet\u00fcnk&#8221; &#8211; sz\u00f6gezte le, \u00e9s meger\u0151s\u00edtette kor\u00e1bbi \u00edg\u00e9ret\u00e9t, hogy nagy falat \u00e9p\u00edttet az amerikai-mexik\u00f3i hat\u00e1ron.<br \/>\n    A t\u00f6bb mint egy\u00f3r\u00e1s besz\u00e9dben Trump \u00e9lesen \u00e9s folyamatosan t\u00e1madta Hillary Clintont, a demokrat\u00e1k v\u00e1rhat\u00f3 eln\u00f6kjel\u00f6ltj\u00e9t. V\u00e9lem\u00e9nye szerint Hillary Clinton \u00f6r\u00f6ks\u00e9ge nem m\u00e1s, mint &#8222;hal\u00e1l, destrukci\u00f3, terrorizmus \u00e9s Amerika gy\u00f6nges\u00e9ge&#8221;. Clintont t\u00e1madva, el\u00edt\u00e9lte az \u00fagynevezett nemzet\u00e9p\u00edt\u00e9si politik\u00e1t, amelyet m\u00e9g a Bush-adminisztr\u00e1ci\u00f3 kezdett meg a K\u00f6zel-Keleten. Felhozta Irak, L\u00edbia, Sz\u00edria \u00e9s Egyiptom p\u00e9ld\u00e1j\u00e1t, \u00e9s hangs\u00falyozta, hogy ezekben az orsz\u00e1gokban a helyzet csak rosszabbodott. Az Obama-korm\u00e1nyban kor\u00e1bban k\u00fcl\u00fcgyminiszteri posztot bet\u00f6lt\u0151 Hillary Clintont tette felel\u0151ss\u00e9 az Iszl\u00e1m \u00c1llam nev\u0171 terrorszervezet l\u00e9tlej\u00f6tt\u00e9\u00e9rt, \u00e9s k\u00e1rhoztatta \u0151t az\u00e9rt is, mert sz\u00edriai menek\u00fcltek ezreit fogadn\u00e1 be. &#8222;Tizen\u00f6t \u00e9vi h\u00e1bor\u00faskod\u00e1s ut\u00e1n a K\u00f6zel-Keleten, ezermilli\u00e1rd doll\u00e1rok elk\u00f6lt\u00e9se \u00e9s emberi \u00e9letek t\u00edzezreinek elveszt\u00e9se ut\u00e1n a helyzet rosszabb, mint valaha&#8221; &#8211; sz\u00f6gezte le Trump.<br \/>\n    Besz\u00e9de el\u0151tt a l\u00e1nya, a 34 \u00e9ves Ivanka l\u00e9pett a p\u00f3diumra, \u00e9s mutatta be \u00e9desapj\u00e1t, ecsetelve sikereit \u00e9s vezet\u0151i k\u00e9pess\u00e9geit, hangs\u00falyozva azt, hogy \u00e9desapja eln\u00f6kk\u00e9nt k\u00e9pes is lesz megval\u00f3s\u00edtani az \u00edg\u00e9reteit.<br \/>\n    A p\u00e1rtgy\u0171l\u00e9sen levet\u00edtettek egy r\u00f6vid filmet is Donald Trump \u00e9let\u00e9r\u0151l \u00e9s p\u00e1ly\u00e1j\u00e1r\u00f3l, a film narr\u00e1tora az ismert jobboldali sz\u00edn\u00e9sz, Jon Voight volt, aki &#8222;bar\u00e1tomk\u00e9nt&#8221; mutatta be Donald Trumpot.<br \/>\n    Besz\u00e9det mondott m\u00e9g &#8211; m\u00e1sok mellett &#8211; ifjabb Jerry Falwell, az evang\u00e9liumi kereszt\u00e9nyek legtekint\u00e9lyesebb egyetem\u00e9nek vezet\u0151je, aki Ronald Reagan-i fordulathoz hasonl\u00edtotta, ha Donald Trump gy\u0151z \u0151sszel az eln\u00f6kv\u00e1laszt\u00e1son. P\u00f3diumra l\u00e9pett a Szil\u00edcium-v\u00f6lgy egyik ismert nagyv\u00e1llalkoz\u00f3ja, Peter Thiel, ami elemz\u0151k k\u00f6r\u00e9ben felt\u0171n\u00e9st keltett. Thiel ugyanis ny\u00edltan v\u00e1llalja homoszexualit\u00e1s\u00e1t. Republik\u00e1nus p\u00e1rtgy\u0171l\u00e9sen m\u00e9g nem fordult el\u0151 ilyen megh\u00edv\u00e1s. Els\u0151 komment\u00e1rjaikban az elemz\u0151k felfigyeltek egy\u00e9bk\u00e9nt m\u00e9g arra is, hogy szint\u00e9n el\u0151sz\u00f6r fordult el\u0151, hogy ilyen jelent\u0151s p\u00e1rtkonvenci\u00f3n nem ker\u00fclt sz\u00f3ba a republik\u00e1nus t\u00e1bor sz\u00edv\u00e9nek oly kedves t\u00e9ma: a hit k\u00e9rd\u00e9se sem.(MTI)<\/p>\n","protected":false},"excerpt":{"rendered":"<p>Donald Trump a felvir\u00e1gz\u00e1s \u00e9s a biztons\u00e1g \u00edg\u00e9ret\u00e9vel fogadta el az eln\u00f6kjel\u00f6lts\u00e9get a republik\u00e1nusok konvenci\u00f3j\u00e1nak utols\u00f3 napj\u00e1n, cs\u00fct\u00f6rt\u00f6k este az esem\u00e9ny z\u00e1r\u00e1sak\u00e9nt elmondott besz\u00e9d\u00e9ben.<\/p>\n","protected":false},"author":1,"featured_media":0,"comment_status":"open","ping_status":"closed","sticky":false,"template":"","format":"standard","meta":[],"categories":[13],"tags":[],"_links":{"self":[{"href":"https:\/\/gazdasagportal.hu\/index.php\/wp-json\/wp\/v2\/posts\/82567"}],"collection":[{"href":"https:\/\/gazdasagportal.hu\/index.php\/wp-json\/wp\/v2\/posts"}],"about":[{"href":"https:\/\/gazdasagportal.hu\/index.php\/wp-json\/wp\/v2\/types\/post"}],"author":[{"embeddable":true,"href":"https:\/\/gazdasagportal.hu\/index.php\/wp-json\/wp\/v2\/users\/1"}],"replies":[{"embeddable":true,"href":"https:\/\/gazdasagportal.hu\/index.php\/wp-json\/wp\/v2\/comments?post=82567"}],"version-history":[{"count":1,"href":"https:\/\/gazdasagportal.hu\/index.php\/wp-json\/wp\/v2\/posts\/82567\/revisions"}],"predecessor-version":[{"id":82568,"href":"https:\/\/gazdasagportal.hu\/index.php\/wp-json\/wp\/v2\/posts\/82567\/revisions\/82568"}],"wp:attachment":[{"href":"https:\/\/gazdasagportal.hu\/index.php\/wp-json\/wp\/v2\/media?parent=82567"}],"wp:term":[{"taxonomy":"category","embeddable":true,"href":"https:\/\/gazdasagportal.hu\/index.php\/wp-json\/wp\/v2\/categories?post=82567"},{"taxonomy":"post_tag","embeddable":true,"href":"https:\/\/gazdasagportal.hu\/index.php\/wp-json\/wp\/v2\/tags?post=82567"}],"curies":[{"name":"wp","href":"https:\/\/api.w.org\/{rel}","templated":true}]}}