{"id":82522,"date":"2016-07-21T07:13:58","date_gmt":"2016-07-21T05:13:58","guid":{"rendered":"http:\/\/gazdasagportal.hu\/?p=82522"},"modified":"2016-07-21T07:13:58","modified_gmt":"2016-07-21T05:13:58","slug":"merkel-a-puccskiserlet-ugye-nem-erinti-az-eu-torokorszag-menekultugyi-megallapodast","status":"publish","type":"post","link":"https:\/\/gazdasagportal.hu\/index.php\/merkel-a-puccskiserlet-ugye-nem-erinti-az-eu-torokorszag-menekultugyi-megallapodast\/","title":{"rendered":"Merkel: a puccsk\u00eds\u00e9rlet \u00fcgye nem \u00e9rinti az EU-T\u00f6r\u00f6korsz\u00e1g menek\u00fclt\u00fcgyi meg\u00e1llapod\u00e1st"},"content":{"rendered":"<p><strong>A t\u00f6r\u00f6korsz\u00e1gi puccsk\u00eds\u00e9rlet \u00fcgye nem \u00e9rinti a menek\u00fcltv\u00e1ls\u00e1g k\u00f6z\u00f6s kezel\u00e9s\u00e9r\u0151l k\u00f6t\u00f6tt EU-T\u00f6r\u00f6korsz\u00e1g meg\u00e1llapod\u00e1s v\u00e9grehajt\u00e1s\u00e1t &#8211; mondta Angela Merkel n\u00e9met kancell\u00e1r szerd\u00e1n Berlinben.<\/strong><!--more--><\/p>\n<div class=\"ads-in-post1\"><div id=\"gazdasagportal.hu_fullbanner_wideboard\"><\/div>\r\n<\/div>\n<p>    A kancell\u00e1r Theresa May brit korm\u00e1nyf\u0151vel k\u00f6z\u00f6sen tartott sajt\u00f3t\u00e1j\u00e9koztat\u00f3j\u00e1n k\u00e9rd\u00e9sre v\u00e1laszolva kiemelte, hogy a n\u00e9met korm\u00e1ny &#8222;m\u00e9ly aggodalommal&#8221; \u00e9s &#8222;er\u0151s kritik\u00e1val&#8221; k\u00f6veti a katonai \u00e1llamcs\u00ednyk\u00eds\u00e9rlet buk\u00e1s\u00e1val megindult t\u00f6r\u00f6korsz\u00e1gi folyamatokat, \u00e9s a b\u00edr\u00e1latokat szem\u00e9lyesen is elmondta Recep Tayyip Erdogan t\u00f6r\u00f6k eln\u00f6knek.<br \/>\n    Azonban a menek\u00fclt\u00fcgyi meg\u00e1llapod\u00e1s azokon a biztos\u00edt\u00e9kokon alapul, amelyeket T\u00f6r\u00f6korsz\u00e1g adott az EU-nak a G\u00f6r\u00f6gorsz\u00e1gb\u00f3l T\u00f6r\u00f6korsz\u00e1gba visszak\u00fcld\u00f6tt mened\u00e9kk\u00e9r\u0151k helyzet\u00e9vel kapcsolatban, az  EU pedig egy &#8222;fontos partnerrel&#8221;, az ENSZ Menek\u00fclt\u00fcgyi F\u0151biztoss\u00e1g\u00e1val (UNHCR) &#8222;nagyon intenz\u00edven megfigyeli&#8221;, hogy mik\u00e9nt \u00e9rv\u00e9nyes\u00fclnek ezek a biztos\u00edt\u00e9kok, \u00e9s &#8222;eddig semmi jele nincs annak, hogy a t\u00f6r\u00f6k f\u00e9l nem teljes\u00edten\u00e9 v\u00e1llal\u00e1sait&#8221; &#8211; mondta Angela Merkel.<br \/>\n    Tov\u00e1bb\u00e1 a meg\u00e1llapod\u00e1s v\u00e9grehajt\u00e1sa mindk\u00e9t f\u00e9l \u00e9rdeke, hiszen T\u00f6r\u00f6korsz\u00e1gnak is fontos az illeg\u00e1lis migr\u00e1ci\u00f3 felsz\u00e1mol\u00e1sa az \u00c9gei-tengeren, ami pillanatnyilag nagyon j\u00f3l alakul, \u00e9s azt is tartalmazza, hogy uni\u00f3s tagorsz\u00e1gok \u00e1tvesznek T\u00f6r\u00f6korsz\u00e1gt\u00f3l menek\u00fclteket &#8211; fejtette ki a n\u00e9met kancell\u00e1r, r\u00e1mutatva, hogy leg\u00e1lis menek\u00fcltkontingesek \u00f6nk\u00e9ntes alap\u00fa befogad\u00e1s\u00e1r\u00f3l van sz\u00f3.<br \/>\n    El\u0151z\u0151leg a kancell\u00e1r sz\u00f3viv\u0151je, Steffen Seibert berlini t\u00e1j\u00e9koztat\u00f3j\u00e1n \u00e9lesen b\u00edr\u00e1lta a puccsk\u00eds\u00e9rlet ut\u00e1ni tisztogat\u00e1sokat. Mint mondta, az ankarai vezet\u00e9s szinte naponta tesz l\u00e9p\u00e9seket, amelyek nem felelnek meg a jog\u00e1llami elj\u00e1r\u00e1ssal szemben t\u00e1masztott k\u00f6vetelm\u00e9nyeknek \u00e9s ar\u00e1nytalanok.(MTI)<\/p>\n","protected":false},"excerpt":{"rendered":"<p>A t\u00f6r\u00f6korsz\u00e1gi puccsk\u00eds\u00e9rlet \u00fcgye nem \u00e9rinti a menek\u00fcltv\u00e1ls\u00e1g k\u00f6z\u00f6s kezel\u00e9s\u00e9r\u0151l k\u00f6t\u00f6tt EU-T\u00f6r\u00f6korsz\u00e1g meg\u00e1llapod\u00e1s v\u00e9grehajt\u00e1s\u00e1t &#8211; mondta Angela Merkel n\u00e9met kancell\u00e1r szerd\u00e1n Berlinben.<\/p>\n","protected":false},"author":1,"featured_media":0,"comment_status":"open","ping_status":"closed","sticky":false,"template":"","format":"standard","meta":[],"categories":[12],"tags":[],"_links":{"self":[{"href":"https:\/\/gazdasagportal.hu\/index.php\/wp-json\/wp\/v2\/posts\/82522"}],"collection":[{"href":"https:\/\/gazdasagportal.hu\/index.php\/wp-json\/wp\/v2\/posts"}],"about":[{"href":"https:\/\/gazdasagportal.hu\/index.php\/wp-json\/wp\/v2\/types\/post"}],"author":[{"embeddable":true,"href":"https:\/\/gazdasagportal.hu\/index.php\/wp-json\/wp\/v2\/users\/1"}],"replies":[{"embeddable":true,"href":"https:\/\/gazdasagportal.hu\/index.php\/wp-json\/wp\/v2\/comments?post=82522"}],"version-history":[{"count":1,"href":"https:\/\/gazdasagportal.hu\/index.php\/wp-json\/wp\/v2\/posts\/82522\/revisions"}],"predecessor-version":[{"id":82523,"href":"https:\/\/gazdasagportal.hu\/index.php\/wp-json\/wp\/v2\/posts\/82522\/revisions\/82523"}],"wp:attachment":[{"href":"https:\/\/gazdasagportal.hu\/index.php\/wp-json\/wp\/v2\/media?parent=82522"}],"wp:term":[{"taxonomy":"category","embeddable":true,"href":"https:\/\/gazdasagportal.hu\/index.php\/wp-json\/wp\/v2\/categories?post=82522"},{"taxonomy":"post_tag","embeddable":true,"href":"https:\/\/gazdasagportal.hu\/index.php\/wp-json\/wp\/v2\/tags?post=82522"}],"curies":[{"name":"wp","href":"https:\/\/api.w.org\/{rel}","templated":true}]}}