{"id":82518,"date":"2016-07-21T04:44:23","date_gmt":"2016-07-21T02:44:23","guid":{"rendered":"http:\/\/gazdasagportal.hu\/?p=82518"},"modified":"2016-07-20T23:08:23","modified_gmt":"2016-07-20T21:08:23","slug":"europol-komoly-kockazatot-jelentenek-a-maganyos-farkaskent-lecsapo-merenylok-europaban","status":"publish","type":"post","link":"https:\/\/gazdasagportal.hu\/index.php\/europol-komoly-kockazatot-jelentenek-a-maganyos-farkaskent-lecsapo-merenylok-europaban\/","title":{"rendered":"Europol: komoly kock\u00e1zatot jelentenek a mag\u00e1nyos farkask\u00e9nt lecsap\u00f3 mer\u00e9nyl\u0151k Eur\u00f3p\u00e1ban"},"content":{"rendered":"<p><strong>Komoly kock\u00e1zatot jelentenek a &#8222;mag\u00e1nyos farkask\u00e9nt&#8221; lecsap\u00f3 mer\u00e9nyl\u0151k Eur\u00f3p\u00e1ban, a k\u00f6zelm\u00faltbeli franciaorsz\u00e1gi \u00e9s n\u00e9metorsz\u00e1gi esem\u00e9nyek demonstr\u00e1lj\u00e1k, hogy az ilyen t\u00edpus\u00fa t\u00e1mad\u00e1sokat rendk\u00edv\u00fcl neh\u00e9z felder\u00edteni \u00e9s megakad\u00e1lyozni &#8211; olvashat\u00f3 az eur\u00f3pai rend\u0151rs\u00e9gi egy\u00fcttm\u0171k\u00f6d\u00e9si szervezet (Europol) szerd\u00e1n k\u00f6zz\u00e9tett jelent\u00e9s\u00e9ben.<\/strong><!--more--><\/p>\n<div class=\"ads-in-post1\"><div id=\"gazdasagportal.hu_fullbanner_wideboard\"><\/div>\r\n<\/div>\n<p>    A h\u00e1gai sz\u00e9khely\u0171 szervezet honlapj\u00e1n olvashat\u00f3 \u00e9rt\u00e9kel\u00e9sben kiemelt\u00e9k: a biztons\u00e1gi szolg\u00e1latok \u00e1ltal nem ismert, mag\u00e1nyosan cselekv\u0151 mer\u00e9nyl\u0151k jelentette n\u00f6vekv\u0151 vesz\u00e9ly r\u00e9szben annak sz\u00e1ml\u00e1j\u00e1ra \u00edrhat\u00f3, hogy az Iszl\u00e1m \u00c1llam (I\u00c1) nev\u0171 terrorista szervezet \u00e9s a f\u0151 riv\u00e1lisak\u00e9nt sz\u00e1mon tartott al-Kaida sz\u00e1mos alkalommal t\u00e1mad\u00e1sok v\u00e9grehajt\u00e1s\u00e1ra sz\u00f3l\u00edtotta fel a nyugati orsz\u00e1gokban \u00e9l\u0151 muzulm\u00e1nokat.<br \/>\n    Az Europol szak\u00e9rt\u0151i kit\u00e9rtek r\u00e1, hogy b\u00e1r az orland\u00f3i, a nizzai, a magnanville-i \u00e9s a w\u00fcrzburgi mer\u00e9nyletek elk\u00f6vet\u0151jek\u00e9nt mind az Iszl\u00e1m \u00c1llam jelentkezett, ezek egyik\u00e9ben sem k\u00f6zvetlen\u00fcl a terrorszervezet k\u00e9sz\u00edtette el\u0151 vagy hajtotta v\u00e9gre a t\u00e1mad\u00e1st. Hangs\u00falyozt\u00e1k, a tavaly novemberi p\u00e1rizsi vagy a m\u00e1rciusi br\u00fcsszeli t\u00e1mad\u00e1sokkal ellent\u00e9tben nincs r\u00e1 semmilyen bizony\u00edt\u00e9k, hogy az I\u00c1 b\u00e1rmilyen konkr\u00e9t t\u00e1mogat\u00e1st ny\u00fajtott volna ezen terrorcselekm\u00e9nyek elk\u00f6vet\u0151inek.<br \/>\n    &#8222;Annak ellen\u00e9re, hogy a mag\u00e1nyosan cselekv\u0151 mer\u00e9nyl\u0151k k\u00f6z\u00fcl sokan vall\u00e1si \u00e9s ideol\u00f3giai elveket kapcsolnak a tetteikhez, nem szabad figyelmen k\u00edv\u00fcl hagyni az esetleges ment\u00e1lis zavarok szerep\u00e9t&#8221; &#8211; mondta Rob Wainwright, a rend\u0151ri szervezet igazgat\u00f3ja. Hozz\u00e1tette, a 2000 \u00e9s 2015 k\u00f6z\u00f6tt &#8222;mag\u00e1nyos farkask\u00e9nt&#8221; lecsap\u00f3 mer\u00e9nyl\u0151k mintegy 35 sz\u00e1zal\u00e9k\u00e1n\u00e1l ment\u00e1lis probl\u00e9m\u00e1kat diagnosztiz\u00e1ltak.<br \/>\n    Az Eur\u00f3pai Uni\u00f3ban tavaly elk\u00f6vetett terrorcselekm\u00e9nyekben \u00f6sszesen 151 ember vesztette \u00e9let\u00e9t, 360-an pedig megsebes\u00fcltek, ami jelent\u0151s n\u00f6veked\u00e9s a 2014-es n\u00e9gy halotthoz \u00e9s hat sebes\u00fclth\u00f6z k\u00e9pest. A tavalyi 151 hal\u00e1los \u00e1ldozat k\u00f6z\u00fcl 150-nek dzsihadista mer\u00e9nyl\u0151k okozt\u00e1k a hal\u00e1l\u00e1t.<br \/>\n    A jelent\u00e9s szerint t\u00f6bb mint ezer embert vettek \u0151rizetbe terrorizmussal kapcsolatos \u00fcgyekben 2015-ben az EU-ban. Az ilyen \u00fcgyekben \u0151rizetbe vettek k\u00f6zel negyede 25 \u00e9ven aluli volt, 58 sz\u00e1zal\u00e9ka az EU-ban sz\u00fcletett, 63 sz\u00e1zal\u00e9ka uni\u00f3s \u00e1llampolg\u00e1r. A szak\u00e9rt\u0151k szerint egyre magasabb a n\u0151k ar\u00e1nya a terrorizmussal kapcsolatban \u0151rizetbe vettek k\u00f6z\u00f6tt, tavaly 128 n\u0151t fogtak el emiatt Eur\u00f3p\u00e1ban.<br \/>\n    A dokumentumban kiemelt\u00e9k, ugyan el\u0151fordultak ilyen esetek, de nincs r\u00e1 &#8222;konkr\u00e9t bizony\u00edt\u00e9k&#8221;, hogy a terrorh\u00e1l\u00f3zatok m\u00f3dszeresen arra haszn\u00e1ln\u00e1k fel az Eur\u00f3p\u00e1ba tart\u00f3 menek\u00fclt\u00e1radatot, hogy harcosokat juttassanak be a kontinensre.<br \/>\n    Az Eur\u00f3pai Uni\u00f3 tag\u00e1llamaiban tavaly 211 mer\u00e9nyletet hi\u00fas\u00edtottak meg a hat\u00f3s\u00e1gok, 103-at Nagy-Britanni\u00e1ban, 72-t Franciaorsz\u00e1gban, 25-\u00f6t Spanyolorsz\u00e1gban.(MTI)<\/p>\n<div class=\"ads-in-post1\"><div id=\"gazdasagportal.hu_fullbanner_wideboard\"><\/div>\r\n<\/div>\n","protected":false},"excerpt":{"rendered":"<p>Komoly kock\u00e1zatot jelentenek a &#8222;mag\u00e1nyos farkask\u00e9nt&#8221; lecsap\u00f3 mer\u00e9nyl\u0151k Eur\u00f3p\u00e1ban, a k\u00f6zelm\u00faltbeli franciaorsz\u00e1gi \u00e9s n\u00e9metorsz\u00e1gi esem\u00e9nyek demonstr\u00e1lj\u00e1k, hogy az ilyen t\u00edpus\u00fa t\u00e1mad\u00e1sokat rendk\u00edv\u00fcl neh\u00e9z felder\u00edteni \u00e9s megakad\u00e1lyozni &#8211; olvashat\u00f3 az eur\u00f3pai rend\u0151rs\u00e9gi egy\u00fcttm\u0171k\u00f6d\u00e9si szervezet (Europol) szerd\u00e1n k\u00f6zz\u00e9tett jelent\u00e9s\u00e9ben.<\/p>\n","protected":false},"author":1,"featured_media":0,"comment_status":"open","ping_status":"closed","sticky":false,"template":"","format":"standard","meta":[],"categories":[12],"tags":[],"_links":{"self":[{"href":"https:\/\/gazdasagportal.hu\/index.php\/wp-json\/wp\/v2\/posts\/82518"}],"collection":[{"href":"https:\/\/gazdasagportal.hu\/index.php\/wp-json\/wp\/v2\/posts"}],"about":[{"href":"https:\/\/gazdasagportal.hu\/index.php\/wp-json\/wp\/v2\/types\/post"}],"author":[{"embeddable":true,"href":"https:\/\/gazdasagportal.hu\/index.php\/wp-json\/wp\/v2\/users\/1"}],"replies":[{"embeddable":true,"href":"https:\/\/gazdasagportal.hu\/index.php\/wp-json\/wp\/v2\/comments?post=82518"}],"version-history":[{"count":1,"href":"https:\/\/gazdasagportal.hu\/index.php\/wp-json\/wp\/v2\/posts\/82518\/revisions"}],"predecessor-version":[{"id":82519,"href":"https:\/\/gazdasagportal.hu\/index.php\/wp-json\/wp\/v2\/posts\/82518\/revisions\/82519"}],"wp:attachment":[{"href":"https:\/\/gazdasagportal.hu\/index.php\/wp-json\/wp\/v2\/media?parent=82518"}],"wp:term":[{"taxonomy":"category","embeddable":true,"href":"https:\/\/gazdasagportal.hu\/index.php\/wp-json\/wp\/v2\/categories?post=82518"},{"taxonomy":"post_tag","embeddable":true,"href":"https:\/\/gazdasagportal.hu\/index.php\/wp-json\/wp\/v2\/tags?post=82518"}],"curies":[{"name":"wp","href":"https:\/\/api.w.org\/{rel}","templated":true}]}}