{"id":82516,"date":"2016-07-21T06:05:55","date_gmt":"2016-07-21T04:05:55","guid":{"rendered":"http:\/\/gazdasagportal.hu\/?p=82516"},"modified":"2016-07-20T23:06:46","modified_gmt":"2016-07-20T21:06:46","slug":"leminositette-torokorszagot-a-standard-poors","status":"publish","type":"post","link":"https:\/\/gazdasagportal.hu\/index.php\/leminositette-torokorszagot-a-standard-poors\/","title":{"rendered":"Lemin\u0151s\u00edtette T\u00f6r\u00f6korsz\u00e1got a Standard &#038; Poor&#8217;s"},"content":{"rendered":"<p><strong>Lemin\u0151s\u00edtette szerd\u00e1n T\u00f6r\u00f6korsz\u00e1g eddig sem befektet\u00e9si aj\u00e1nl\u00e1s\u00fa \u00e1llamad\u00f3s-besorol\u00e1s\u00e1t a Standard &#038; Poor&#8217;s, els\u0151sorban azzal a v\u00e9lem\u00e9ny\u00e9vel indokolva a l\u00e9p\u00e9st, hogy a m\u00falt heti katonai puccsk\u00eds\u00e9rlet politikai k\u00f6vetkezm\u00e9nyei kikezdik a beruh\u00e1z\u00e1si k\u00f6rnyezetet, aminek negat\u00edv n\u00f6veked\u00e9si \u00e9s t\u0151kebe\u00e1raml\u00e1si hat\u00e1sai is lesznek.<\/strong><!--more--><\/p>\n<div class=\"ads-in-post1\"><div id=\"gazdasagportal.hu_fullbanner_wideboard\"><\/div>\r\n<\/div>\n<p>    A nemzetk\u00f6zi hitelmin\u0151s\u00edt\u0151 szerda este Londonban bejelentette, hogy T\u00f6r\u00f6korsz\u00e1g hossz\u00fa \u00e9s r\u00f6vid futamidej\u0171 szuver\u00e9n devizak\u00f6telezetts\u00e9geinek oszt\u00e1lyzat\u00e1t az eddigi &#8222;BB plusz\/B&#8221;-r\u0151l &#8222;BB\/B&#8221;-re, a helyi valut\u00e1ban kibocs\u00e1tott t\u00f6r\u00f6k \u00e1llamad\u00f3ss\u00e1g besorol\u00e1s\u00e1t pedig &#8222;BBB m\u00ednusz\/A-3&#8221;-r\u00f3l &#8222;BB plusz\/B&#8221;-re rontotta.<br \/>\n    A c\u00e9g az \u00faj oszt\u00e1lyzatokon is tov\u00e1bbi lemin\u0151s\u00edt\u00e9s lehet\u0151s\u00e9g\u00e9re utal\u00f3 negat\u00edv kil\u00e1t\u00e1st hagyott \u00e9rv\u00e9nyben.<br \/>\n    Egy napon bel\u00fcl ez a m\u00e1sodik negat\u00edv hitelmin\u0151s\u00edt\u0151i l\u00e9p\u00e9s T\u00f6r\u00f6korsz\u00e1ggal szemben. A Moody&#8217;s Investors Service el\u0151z\u0151 nap lemin\u0151s\u00edt\u00e9si fel\u00fclvizsg\u00e1lat al\u00e1 vette T\u00f6r\u00f6korsz\u00e1g &#8222;Baa3&#8221; szint\u0171 &#8211; m\u00e9g \u00e9pphogy befektet\u00e9si aj\u00e1nl\u00e1s\u00fa &#8211; ad\u00f3sbesorol\u00e1s\u00e1t, azzal az indokkal, hogy meg kell vizsg\u00e1lni a kudarcba fulladt katonai puccsk\u00eds\u00e9rlet hat\u00e1sait a t\u00f6r\u00f6k gazdas\u00e1g n\u00f6veked\u00e9s\u00e9re, a gazdas\u00e1gpolitikai d\u00f6nt\u00e9shoz\u00f3 int\u00e9zm\u00e9nyrendszerre \u00e9s a k\u00fcls\u0151 tartal\u00e9kokra, k\u00fcl\u00f6n\u00f6s tekintettel az e ter\u00fcleteket m\u00e1r eddig is terhel\u0151 kih\u00edv\u00e1sokra.<br \/>\n    A Standard &#038; Poor&#8217;s a szerdai lemin\u0151s\u00edt\u00e9s ut\u00e1n imm\u00e1r k\u00e9t fokozattal gyeng\u00e9bb szuver\u00e9n besorol\u00e1st tart \u00e9rv\u00e9nyben T\u00f6r\u00f6korsz\u00e1gra, mint a Moody&#8217;s \u00e9s a harmadik nagy nemzetk\u00f6zi hitelmin\u0151s\u00edt\u0151, a Fitch Ratings.<br \/>\n    Ha a Moody&#8217;s is lemin\u0151s\u00edti T\u00f6r\u00f6korsz\u00e1got a fel\u00fclvizsg\u00e1lat eredm\u00e9nyek\u00e9nt, az azt jelenten\u00e9, hogy T\u00f6r\u00f6korsz\u00e1got az int\u00e9zm\u00e9nyi befektet\u0151k t\u00f6bb\u00e9 nem tekinten\u00e9k befektet\u00e9sre aj\u00e1nlott kateg\u00f3ri\u00e1j\u00fa \u00e1llamad\u00f3snak. A nemzetk\u00f6zi gyakorlat alapj\u00e1n ugyanis a befektet\u00e9si t\u00e1rsas\u00e1gok \u00e1ltal\u00e1ban k\u00e9t nemzetk\u00f6zi hitelmin\u0151s\u00edt\u0151 oszt\u00e1lyzat\u00e1t veszik figyelembe annak meghat\u00e1roz\u00e1s\u00e1hoz, hogy az adott szuver\u00e9n vagy kereskedelmi ad\u00f3soszt\u00e1lyzatot befektet\u00e9sre aj\u00e1nlottnak tartj\u00e1k-e, vagy sem.     A Moody&#8217;s esetleges oszt\u00e1lyzatront\u00e1sa nyom\u00e1n a t\u00f6r\u00f6k szuver\u00e9n befektet\u00e9si term\u00e9kek potenci\u00e1lis v\u00e1s\u00e1rl\u00f3i k\u00f6re is sz\u0171k\u00fclhet, sz\u00e1mos int\u00e9zm\u00e9nyi befektet\u0151 szab\u00e1lyzata ugyanis kiz\u00e1r\u00f3lag befektet\u00e9si aj\u00e1nl\u00e1s\u00fa pap\u00edrok tart\u00e1s\u00e1t enged\u00e9lyezi.<br \/>\n    A Standard &#038; Poor&#8217;s a szerdai lemin\u0151s\u00edt\u00e9shez f\u0171z\u00f6tt elemz\u00e9s\u00e9ben kiemelte azt a v\u00e9lem\u00e9ny\u00e9t, hogy a kudarcba fulladt puccsk\u00eds\u00e9rlet k\u00f6vetkezt\u00e9ben megn\u00f6vekedtek a t\u00f6r\u00f6k k\u00fcls\u0151 ad\u00f3ss\u00e1g\u00e1llom\u00e1ny meg\u00faj\u00edt\u00e1si lehet\u0151s\u00e9geit terhel\u0151 kock\u00e1zatok. Az S&#038;P becsl\u00e9se szerint T\u00f6r\u00f6korsz\u00e1gnak a k\u00f6vetkez\u0151 tizenk\u00e9t h\u00f3napban a teljes k\u00fcls\u0151 ad\u00f3ss\u00e1g\u00e1llom\u00e1ny 42 sz\u00e1zal\u00e9k\u00e1t kell meg\u00faj\u00edtania. Ez t\u00f6bb mint 170 milli\u00e1rd doll\u00e1rt jelent, ami a mozg\u00f3s\u00edthat\u00f3 tartal\u00e9kok \u00f6tsz\u00f6r\u00f6se, \u00e9s az idei \u00e9vre v\u00e1rt t\u00f6r\u00f6k hazai \u00f6sszterm\u00e9k (GDP) 24 sz\u00e1zal\u00e9ka.<br \/>\n    A Standard &#038; Poor&#8217;s szerint emellett az is val\u00f3sz\u00edn\u0171, hogy T\u00f6r\u00f6korsz\u00e1g elt\u00e1volodik azokt\u00f3l a reformokt\u00f3l, amelyek kor\u00e1bban meghirdetett c\u00e9lja a t\u00f6r\u00f6k gazdas\u00e1g k\u00fcls\u0151 finansz\u00edroz\u00e1si f\u00fcgg\u00e9s\u00e9nek enyh\u00edt\u00e9se lett volna.<br \/>\n    A minap a Fitch Ratings is k\u00f6zvetett utal\u00e1st tett T\u00f6r\u00f6korsz\u00e1g lemin\u0151s\u00edt\u00e9s\u00e9nek lehet\u0151s\u00e9g\u00e9re.<br \/>\n    A Fitch &#8222;BBB m\u00ednusz&#8221; besorol\u00e1ssal tartja nyilv\u00e1n a t\u00f6r\u00f6k \u00e1llamad\u00f3ss\u00e1got; ez azonos a Moody&#8217;s &#8222;Baa3&#8221; t\u00f6r\u00f6k besorol\u00e1s\u00e1val. Az oszt\u00e1lyzat kil\u00e1t\u00e1sa stabil, de ha a Fitch innen lemin\u0151s\u00edti a t\u00f6r\u00f6k szuver\u00e9n besorol\u00e1st, azzal T\u00f6r\u00f6korsz\u00e1g enn\u00e9l a c\u00e9gn\u00e9l is elvesz\u00edten\u00e9 befektet\u00e9si aj\u00e1nl\u00e1s\u00fa szuver\u00e9n oszt\u00e1lyzat\u00e1t.<br \/>\n    A Fitch k\u00f6z\u00f6lte: meg\u00edt\u00e9l\u00e9se szerint a puccsk\u00eds\u00e9rlet \u00e9s a korm\u00e1ny reakci\u00f3ja egyar\u00e1nt illusztr\u00e1lja a t\u00f6r\u00f6k szuver\u00e9n ad\u00f3sprofilra nehezed\u0151 politikai kock\u00e1zatokat.<br \/>\n    Az, hogy e kock\u00e1zatok miatt nyom\u00e1s al\u00e1 ker\u00fcl-e a t\u00f6r\u00f6k \u00e1llamad\u00f3s-besorol\u00e1s, att\u00f3l f\u00fcgg, hogy a t\u00f6rt\u00e9ntekre adott korm\u00e1nyzati reakci\u00f3 mennyire m\u00e9ly\u00edti tov\u00e1bb a politikai megosztotts\u00e1got, \u00e9s mennyire gyeng\u00edti az int\u00e9zm\u00e9nyrendszer f\u00fcggetlens\u00e9g\u00e9t. Mindez ugyanis kikezdheti a gazdas\u00e1gpolitika koherenci\u00e1j\u00e1t, \u00e9s n\u00f6velheti a k\u00fcls\u0151 finansz\u00edroz\u00e1si stresszhelyzet kialakul\u00e1s\u00e1nak kock\u00e1zat\u00e1t &#8211; \u00e1llt a Fitch elemz\u00e9s\u00e9ben.<br \/>\n(MTI)<\/p>\n","protected":false},"excerpt":{"rendered":"<p>Lemin\u0151s\u00edtette szerd\u00e1n T\u00f6r\u00f6korsz\u00e1g eddig sem befektet\u00e9si aj\u00e1nl\u00e1s\u00fa \u00e1llamad\u00f3s-besorol\u00e1s\u00e1t a Standard &#038; Poor&#8217;s, els\u0151sorban azzal a v\u00e9lem\u00e9ny\u00e9vel indokolva a l\u00e9p\u00e9st, hogy a m\u00falt heti katonai puccsk\u00eds\u00e9rlet politikai k\u00f6vetkezm\u00e9nyei kikezdik a beruh\u00e1z\u00e1si k\u00f6rnyezetet, aminek negat\u00edv n\u00f6veked\u00e9si \u00e9s t\u0151kebe\u00e1raml\u00e1si hat\u00e1sai is lesznek.<\/p>\n","protected":false},"author":1,"featured_media":2023,"comment_status":"open","ping_status":"closed","sticky":false,"template":"","format":"standard","meta":[],"categories":[146,246],"tags":[],"_links":{"self":[{"href":"https:\/\/gazdasagportal.hu\/index.php\/wp-json\/wp\/v2\/posts\/82516"}],"collection":[{"href":"https:\/\/gazdasagportal.hu\/index.php\/wp-json\/wp\/v2\/posts"}],"about":[{"href":"https:\/\/gazdasagportal.hu\/index.php\/wp-json\/wp\/v2\/types\/post"}],"author":[{"embeddable":true,"href":"https:\/\/gazdasagportal.hu\/index.php\/wp-json\/wp\/v2\/users\/1"}],"replies":[{"embeddable":true,"href":"https:\/\/gazdasagportal.hu\/index.php\/wp-json\/wp\/v2\/comments?post=82516"}],"version-history":[{"count":1,"href":"https:\/\/gazdasagportal.hu\/index.php\/wp-json\/wp\/v2\/posts\/82516\/revisions"}],"predecessor-version":[{"id":82517,"href":"https:\/\/gazdasagportal.hu\/index.php\/wp-json\/wp\/v2\/posts\/82516\/revisions\/82517"}],"wp:featuredmedia":[{"embeddable":true,"href":"https:\/\/gazdasagportal.hu\/index.php\/wp-json\/wp\/v2\/media\/2023"}],"wp:attachment":[{"href":"https:\/\/gazdasagportal.hu\/index.php\/wp-json\/wp\/v2\/media?parent=82516"}],"wp:term":[{"taxonomy":"category","embeddable":true,"href":"https:\/\/gazdasagportal.hu\/index.php\/wp-json\/wp\/v2\/categories?post=82516"},{"taxonomy":"post_tag","embeddable":true,"href":"https:\/\/gazdasagportal.hu\/index.php\/wp-json\/wp\/v2\/tags?post=82516"}],"curies":[{"name":"wp","href":"https:\/\/api.w.org\/{rel}","templated":true}]}}