{"id":82514,"date":"2016-07-21T04:04:51","date_gmt":"2016-07-21T02:04:51","guid":{"rendered":"http:\/\/gazdasagportal.hu\/?p=82514"},"modified":"2016-07-20T23:09:01","modified_gmt":"2016-07-20T21:09:01","slug":"nemet-lap-a-nemetorszagi-menekultek-tobbsege-csak-segedmunkara-alkalmas","status":"publish","type":"post","link":"https:\/\/gazdasagportal.hu\/index.php\/nemet-lap-a-nemetorszagi-menekultek-tobbsege-csak-segedmunkara-alkalmas\/","title":{"rendered":"N\u00e9met lap: a n\u00e9metorsz\u00e1gi menek\u00fcltek t\u00f6bbs\u00e9ge csak seg\u00e9dmunk\u00e1ra alkalmas"},"content":{"rendered":"<p><strong>N\u00e9metorsz\u00e1gban a munkaer\u0151piacra bel\u00e9pett menek\u00fcltek t\u00f6bbs\u00e9ge csak seg\u00e9dmunk\u00e1ra alkalmas &#8211; \u00edrta szerd\u00e1n a Bild c\u00edm\u0171 lap a sz\u00f6vets\u00e9gi munka\u00fcgyi hivatal (BA) adataira hivatkozva.<\/strong><!--more--><\/p>\n<div class=\"ads-in-post1\"><div id=\"gazdasagportal.hu_fullbanner_wideboard\"><\/div>\r\n<\/div>\n<p>    A BA kimutat\u00e1sa szerint j\u00fanius v\u00e9g\u00e9ig 297 ezer menek\u00fcltet regisztr\u00e1ltak \u00e1ll\u00e1skeres\u0151k\u00e9nt. Csaknem 74 sz\u00e1zal\u00e9kuknak nincs szakmai k\u00e9pzetts\u00e9ge. \u00c9retts\u00e9givel csup\u00e1n 25,8 sz\u00e1zal\u00e9kuk rendelkezik, \u00e9s 36,8 sz\u00e1zal\u00e9kuknak semmilyen sincs vagy legfeljebb \u00e1ltal\u00e1nos iskolai v\u00e9gzetts\u00e9ge van.<br \/>\n    Az \u00e1ll\u00e1skeres\u0151 menek\u00fcltek 58 sz\u00e1zal\u00e9ka a BA besorol\u00e1sa alapj\u00e1n csak seg\u00e9dmunk\u00e1sk\u00e9nt kaphat \u00e1ll\u00e1st, \u00e9s mind\u00f6ssze 4 sz\u00e1zal\u00e9kuk alkalmas speci\u00e1lis, magas szint\u0171 szaktud\u00e1st ig\u00e9nyl\u0151 \u00e1ll\u00e1s bet\u00f6lt\u00e9s\u00e9re &#8211; \u00edrta a Bild.<br \/>\n    Legut\u00f3bb a Frankfurter Allgemeine Zeitung c\u00edm\u0171 lap k\u00e9sz\u00edtett \u00f6ssze\u00e1ll\u00edt\u00e1st a menek\u00fcltek munkaer\u0151piaci integr\u00e1ci\u00f3j\u00e1r\u00f3l, a frankfurti t\u0151zsde DAX-30 index\u00e9ben jegyzett &#8211; a legnagyobb piaci t\u0151ke\u00e9rt\u00e9k\u0171 &#8211; r\u00e9szv\u00e9nyt\u00e1rsas\u00e1gokat vizsg\u00e1lva. Adatai szerint  az indexben szerepl\u0151 t\u00e1rsas\u00e1gokn\u00e1l j\u00fanius v\u00e9g\u00e9n 54 menek\u00fclt jog\u00e1ll\u00e1s\u00fa munkav\u00e1llal\u00f3 dolgozott, \u00e9s a 30 c\u00e9g \u00e1ltal menek\u00fclteknek meghirdetett 2700 gyakornoki helyb\u0151l 500-at t\u00f6lt\u00f6ttek be.<br \/>\n    A BA szak\u00e9rt\u0151inek kor\u00e1bbi nyilatkozatai szerint a munkaer\u0151piacra bel\u00e9p\u0151 menek\u00fcltek a &#8222;holnaput\u00e1n munkav\u00e1llal\u00f3i&#8221;, foglalkoztatotts\u00e1guk nagyj\u00e1b\u00f3l 5 \u00e9v alatt \u00e9ri el az 50 sz\u00e1zal\u00e9kot, 10 \u00e9v alatt emelkedik 60 sz\u00e1zal\u00e9kra \u00e9s 15 \u00e9v alatt haladja meg a 70 sz\u00e1zal\u00e9kot.(MTI)<\/p>\n<div class=\"ads-in-post1\"><div id=\"gazdasagportal.hu_fullbanner_wideboard\"><\/div>\r\n<\/div>\n","protected":false},"excerpt":{"rendered":"<p>N\u00e9metorsz\u00e1gban a munkaer\u0151piacra bel\u00e9pett menek\u00fcltek t\u00f6bbs\u00e9ge csak seg\u00e9dmunk\u00e1ra alkalmas &#8211; \u00edrta szerd\u00e1n a Bild c\u00edm\u0171 lap a sz\u00f6vets\u00e9gi munka\u00fcgyi hivatal (BA) adataira hivatkozva.<\/p>\n","protected":false},"author":1,"featured_media":0,"comment_status":"open","ping_status":"closed","sticky":false,"template":"","format":"standard","meta":[],"categories":[12],"tags":[],"_links":{"self":[{"href":"https:\/\/gazdasagportal.hu\/index.php\/wp-json\/wp\/v2\/posts\/82514"}],"collection":[{"href":"https:\/\/gazdasagportal.hu\/index.php\/wp-json\/wp\/v2\/posts"}],"about":[{"href":"https:\/\/gazdasagportal.hu\/index.php\/wp-json\/wp\/v2\/types\/post"}],"author":[{"embeddable":true,"href":"https:\/\/gazdasagportal.hu\/index.php\/wp-json\/wp\/v2\/users\/1"}],"replies":[{"embeddable":true,"href":"https:\/\/gazdasagportal.hu\/index.php\/wp-json\/wp\/v2\/comments?post=82514"}],"version-history":[{"count":2,"href":"https:\/\/gazdasagportal.hu\/index.php\/wp-json\/wp\/v2\/posts\/82514\/revisions"}],"predecessor-version":[{"id":82520,"href":"https:\/\/gazdasagportal.hu\/index.php\/wp-json\/wp\/v2\/posts\/82514\/revisions\/82520"}],"wp:attachment":[{"href":"https:\/\/gazdasagportal.hu\/index.php\/wp-json\/wp\/v2\/media?parent=82514"}],"wp:term":[{"taxonomy":"category","embeddable":true,"href":"https:\/\/gazdasagportal.hu\/index.php\/wp-json\/wp\/v2\/categories?post=82514"},{"taxonomy":"post_tag","embeddable":true,"href":"https:\/\/gazdasagportal.hu\/index.php\/wp-json\/wp\/v2\/tags?post=82514"}],"curies":[{"name":"wp","href":"https:\/\/api.w.org\/{rel}","templated":true}]}}