{"id":82507,"date":"2016-07-20T18:36:59","date_gmt":"2016-07-20T16:36:59","guid":{"rendered":"http:\/\/gazdasagportal.hu\/?p=82507"},"modified":"2016-07-20T17:37:41","modified_gmt":"2016-07-20T15:37:41","slug":"terrorizmus-elmarad-tobb-nyari-tomegrendezveny-parizsban","status":"publish","type":"post","link":"https:\/\/gazdasagportal.hu\/index.php\/terrorizmus-elmarad-tobb-nyari-tomegrendezveny-parizsban\/","title":{"rendered":"Terrorizmus &#8211; Elmarad t\u00f6bb ny\u00e1ri t\u00f6megrendezv\u00e9ny P\u00e1rizsban"},"content":{"rendered":"<p><strong>Elmaradnak P\u00e1rizsban \u00e9s k\u00f6rny\u00e9k\u00e9n azok a ny\u00e1ri t\u00f6megrendezv\u00e9nyek, amelyek &#8222;biztons\u00e1ga nem kiel\u00e9g\u00edt\u0151en garant\u00e1lt&#8221; &#8211; k\u00f6z\u00f6lte szerd\u00e1n a francia f\u0151v\u00e1ros rend\u0151rs\u00e9ge.<\/strong><!--more--><\/p>\n<div class=\"ads-in-post1\"><div id=\"gazdasagportal.hu_fullbanner_wideboard\"><\/div>\r\n<\/div>\n<p>    A k\u00f6zlem\u00e9ny p\u00e9ldak\u00e9nt eml\u00edtette az augusztus 7-re tervezett aut\u00f3mentes napot a Champs-\u00c9lys\u00e9es sug\u00e1r\u00faton, a k\u00f6ztereken \u00e9s parkokban tervezett szabadt\u00e9ri filmfesztiv\u00e1lt j\u00falius v\u00e9g\u00e9n, valamint a j\u00falius 23-24-i kos\u00e1rlabda torn\u00e1t a Vincennes-i erd\u0151ben.<br \/>\n    Folytat\u00f3dnak viszont a La Villette parkban a j\u00falius 13-\u00e1n kezd\u0151d\u00f6tt \u00e9s augusztus 21-i tart\u00f3 szabadt\u00e9ri mozi vet\u00edt\u00e9sei, \u00e9s a p\u00e1rizsi Pl\u00e1zs is megny\u00edlt szerd\u00e1n, rendk\u00edv\u00fcli biztos\u00edt\u00e1s mellett.<br \/>\n    A m\u00falt heti 84 \u00e1ldozatot k\u00f6vetel\u0151 nizzai mer\u00e9nyletet k\u00f6vet\u0151en &#8222;a k\u00fcl\u00f6nb\u00f6z\u0151 rendezv\u00e9nyek biztons\u00e1gi int\u00e9zked\u00e9seit alapos vizsg\u00e1latnak vetj\u00fck al\u00e1&#8221; &#8211; \u00edrta a prefekt\u00fara.<br \/>\n    A havi egyszeri aut\u00f3mentes napr\u00f3l a Champs-\u00c9lys\u00e9es sug\u00e1r\u00faton, ahol naponta mintegy 300 ezren fordulnak meg, m\u00e1jusban d\u00f6nt\u00f6tt a p\u00e1rizsi v\u00e1rosvezet\u00e9s. Legk\u00f6zelebb j\u00f6v\u0151 vas\u00e1rnap z\u00e1rj\u00e1k le a &#8222;vil\u00e1g egyik legszebb sug\u00e1r\u00fatj\u00e1t&#8221; az aut\u00f3s forgalom el\u00f6l a Tour de France ker\u00e9kp\u00e1ros verseny utols\u00f3 futam\u00e1ra. Ezt k\u00f6vet\u0151en augusztus 7-\u00e9n lett volna ism\u00e9t aut\u00f3mentes nap a sug\u00e1r\u00faton, ami a k\u00f6zlem\u00e9ny szerint biztosan elmarad.<br \/>\n    A francia f\u0151v\u00e1ros egyik legjelent\u0151sebb ny\u00e1ri rendezv\u00e9ny\u00e9t, a szerd\u00e1n megny\u00edlt p\u00e1rizsi Pl\u00e1zst nem f\u00fcggesztett\u00e9k fel, de a biztons\u00e1gi int\u00e9zked\u00e9seket jelent\u0151sen meger\u0151s\u00edtett\u00e9k a Szajna-parton, ahol 16. alkalommal alak\u00edtottak ki tengerpartot id\u00e9z\u0151 homokos pihen\u0151helyet.<br \/>\n    A szok\u00e1soknak megfelel\u0151en a naperny\u0151kkel \u00e9s tusol\u00f3kkal ell\u00e1tott Paris Plage-ra &#8222;fizikai akad\u00e1lyokkal&#8221; tett\u00e9k lehetetlenn\u00e9 a behajt\u00e1st. A ment\u0151knek fenntartott bej\u00e1ratn\u00e1l pedig a p\u00e1rizsi v\u00e1rosh\u00e1za biztons\u00e1gi \u0151rei szem\u00e9lyesen ellen\u0151riznek minden g\u00e9pj\u00e1rm\u0171vet.<br \/>\n    A d\u00e9lkelet-franciaorsz\u00e1gi Nizz\u00e1ban m\u00falt cs\u00fct\u00f6rt\u00f6k este a tun\u00e9ziai Mohamed Lahouaiej-Bouhlel egy b\u00e9relt h\u0171t\u0151kocsival belehajtott a francia nemzeti \u00fcnnepet lez\u00e1r\u00f3 k\u00e9s\u0151 esti t\u0171zij\u00e1t\u00e9kot n\u00e9z\u0151 t\u00f6megbe, \u00e9s k\u00f6zben l\u00f6v\u00e9seket adott le a v\u00e1ros tengerparti s\u00e9t\u00e1ny\u00e1n. A kor\u00e1bban Franciaorsz\u00e1gban soha nem alkalmazott terrorista m\u00f3dszer miatt a p\u00e1rizsi rakparton betont\u00f6mb\u00f6ket \u00e9s korl\u00e1tokat helyeztek el, m\u00e1shol pedig keresztbe \u00e1ll\u00edtott g\u00e9pj\u00e1rm\u0171vekkel akad\u00e1lyozt\u00e1k meg a behajt\u00e1st.<br \/>\n(MTI)<\/p>\n","protected":false},"excerpt":{"rendered":"<p>Elmaradnak P\u00e1rizsban \u00e9s k\u00f6rny\u00e9k\u00e9n azok a ny\u00e1ri t\u00f6megrendezv\u00e9nyek, amelyek &#8222;biztons\u00e1ga nem kiel\u00e9g\u00edt\u0151en garant\u00e1lt&#8221; &#8211; k\u00f6z\u00f6lte szerd\u00e1n a francia f\u0151v\u00e1ros rend\u0151rs\u00e9ge.<\/p>\n","protected":false},"author":1,"featured_media":0,"comment_status":"open","ping_status":"closed","sticky":false,"template":"","format":"standard","meta":[],"categories":[12],"tags":[],"_links":{"self":[{"href":"https:\/\/gazdasagportal.hu\/index.php\/wp-json\/wp\/v2\/posts\/82507"}],"collection":[{"href":"https:\/\/gazdasagportal.hu\/index.php\/wp-json\/wp\/v2\/posts"}],"about":[{"href":"https:\/\/gazdasagportal.hu\/index.php\/wp-json\/wp\/v2\/types\/post"}],"author":[{"embeddable":true,"href":"https:\/\/gazdasagportal.hu\/index.php\/wp-json\/wp\/v2\/users\/1"}],"replies":[{"embeddable":true,"href":"https:\/\/gazdasagportal.hu\/index.php\/wp-json\/wp\/v2\/comments?post=82507"}],"version-history":[{"count":1,"href":"https:\/\/gazdasagportal.hu\/index.php\/wp-json\/wp\/v2\/posts\/82507\/revisions"}],"predecessor-version":[{"id":82508,"href":"https:\/\/gazdasagportal.hu\/index.php\/wp-json\/wp\/v2\/posts\/82507\/revisions\/82508"}],"wp:attachment":[{"href":"https:\/\/gazdasagportal.hu\/index.php\/wp-json\/wp\/v2\/media?parent=82507"}],"wp:term":[{"taxonomy":"category","embeddable":true,"href":"https:\/\/gazdasagportal.hu\/index.php\/wp-json\/wp\/v2\/categories?post=82507"},{"taxonomy":"post_tag","embeddable":true,"href":"https:\/\/gazdasagportal.hu\/index.php\/wp-json\/wp\/v2\/tags?post=82507"}],"curies":[{"name":"wp","href":"https:\/\/api.w.org\/{rel}","templated":true}]}}