{"id":82401,"date":"2016-07-17T17:44:46","date_gmt":"2016-07-17T15:44:46","guid":{"rendered":"http:\/\/gazdasagportal.hu\/?p=82401"},"modified":"2016-07-17T16:16:30","modified_gmt":"2016-07-17T14:16:30","slug":"nizzai-terrortamadas-szakerto-barhol-elofordulhatnak-hasonlo-merenyletek","status":"publish","type":"post","link":"https:\/\/gazdasagportal.hu\/index.php\/nizzai-terrortamadas-szakerto-barhol-elofordulhatnak-hasonlo-merenyletek\/","title":{"rendered":"Nizzai terrort\u00e1mad\u00e1s &#8211; Szak\u00e9rt\u0151: b\u00e1rhol el\u0151fordulhatnak hasonl\u00f3 mer\u00e9nyletek"},"content":{"rendered":"<p><strong>A Nemzeti K\u00f6zszolg\u00e1lati Egyetem (NKE) egyetemi docense szerint b\u00e1rhol, b\u00e1rmikor el\u0151fordulhatnak a nizzai t\u00f6meges g\u00e1zol\u00e1shoz hasonl\u00f3 mer\u00e9nyletek. Kaiser Ferenc az M1 aktu\u00e1lis csatorna vas\u00e1rnap reggeli m\u0171sor\u00e1ban ugyanakkor hozz\u00e1tette: legval\u00f3sz\u00edn\u0171bb azonban azokban az orsz\u00e1gokban, ahol jelent\u0151s muszlim k\u00f6z\u00f6ss\u00e9gek \u00e9lnek.<\/strong><!--more--><\/p>\n<div class=\"ads-in-post1\"><div id=\"gazdasagportal.hu_fullbanner_wideboard\"><\/div>\r\n<\/div>\n<p>    Ezen k\u00f6z\u00f6ss\u00e9gek eset\u00e9ben is nagyj\u00e1b\u00f3l mind\u00f6ssze 1-2 ezrel\u00e9k a radikaliz\u00e1l\u00f3d\u00f3k ar\u00e1nya ott ahol milli\u00f3s l\u00e9tsz\u00e1mban vannak jelen muszlimok, ez ak\u00e1r 1-2 ezer potenci\u00e1lis elk\u00f6vet\u0151t jelenthet &#8211; tette hozz\u00e1 a biztons\u00e1gpolitikai szak\u00e9rt\u0151.<br \/>\n    A d\u00e9l-franciaorsz\u00e1gi Nizz\u00e1ban cs\u00fct\u00f6rt\u00f6k este egy 31 \u00e9ves tun\u00e9ziai f\u00e9rfi b\u00e9relt teheraut\u00f3val belehajtott a francia nemzeti \u00fcnnepet lez\u00e1r\u00f3 k\u00e9s\u0151 esti t\u0171zij\u00e1t\u00e9kot n\u00e9z\u0151 t\u00f6megbe, \u00e9s k\u00f6zben l\u00f6v\u00e9seket adott le a v\u00e1ros tengerparti s\u00e9t\u00e1ny\u00e1n. A t\u00e1mad\u00e1snak a legfrissebb adatok szerint 84 halottja \u00e9s 303 sebes\u00fcltje van, ut\u00f3bbiak k\u00f6z\u00fcl 121-en m\u00e9g k\u00f3rh\u00e1zban fekszenek, 26 embernek pedig v\u00e1ls\u00e1gos az \u00e1llapota.<br \/>\n    A t\u00e1mad\u00e1st szombaton a mag\u00e1t Iszl\u00e1m \u00c1llamnak (ISIS) nevez\u0151 terrorszervezet v\u00e1llalta mag\u00e1ra. Manuel Valls francia korm\u00e1nyf\u0151 a Journal du Dimanche c\u00edm\u0171 vas\u00e1rnapi lapnak nyilatkozva arr\u00f3l besz\u00e9lt, hogy a nizzai mer\u00e9nyl\u0151 csup\u00e1n tette el\u0151tt r\u00f6viddel fordult a radik\u00e1lis iszl\u00e1mhoz. A nyomoz\u00e1s sor\u00e1n kider\u00fclt, hogy a t\u00e1mad\u00f3 &#8222;nagyon gyorsan radikaliz\u00e1l\u00f3dott&#8221; &#8211; mondta Valls. A korm\u00e1nyf\u0151 hozz\u00e1tette, hogy az Iszl\u00e1m \u00c1llam (I\u00c1) dzsihadista szervezet c\u00e9lzottan olyan mag\u00e1nyos elk\u00f6vet\u0151ket sz\u00f3l\u00edt fel t\u00e1mad\u00e1sra, akik &#8222;ismeretlenek titkosszolg\u00e1lataink sz\u00e1m\u00e1ra&#8221;.<br \/>\n    Kaiser Ferenc az M1-en kiemelte: a mag\u00e1t Iszl\u00e1m \u00c1llamnak nevez\u0151 terrorszervezetnek sajnos ebb\u0151l a szempontb\u00f3l nagyon j\u00f3 a kommunik\u00e1ci\u00f3ja: folyamatosan t\u00f6ltenek fel \u00fczeneteket, k\u00e9zik\u00f6nyveket az internetre: megosztanak minden inform\u00e1ci\u00f3t arr\u00f3l, hogy lehet &#8222;t\u00f6meges v\u00e9rengz\u00e9st&#8221; v\u00e9grehajtani. Ez\u00e9rt cser\u00e9be azt k\u00e9rik, hogy a t\u00e1mad\u00f3 az \u0151 nev\u00fckben k\u00f6vesse el cselekm\u00e9ny\u00e9t.<br \/>\n    \u00cdgy felbujt\u00f3k\u00e9nt mindenk\u00e9ppen ott tal\u00e1ljuk az esem\u00e9nyek h\u00e1tter\u00e9ben az ISIS-t &#8211; mondta a szak\u00e9rt\u0151, hozz\u00e1t\u00e9ve: m\u00e9g akkor is, ha az illet\u0151 radikaliz\u00e1ci\u00f3ja egyoldal\u00fa volt. A jelenlegi inform\u00e1ci\u00f3k alapj\u00e1n a nizzai mer\u00e9nyl\u0151 radikaliz\u00e1ci\u00f3ja is egyoldal\u00fa volt: m\u00e9g csak nem is t\u00f6lt\u00f6tt fel, vagy osztott meg ilyen t\u00e9m\u00e1j\u00fa \u00fczeneteket, csak olvasott &#8211; jegyezte meg Kaiser Ferenc, hozz\u00e1t\u00e9ve: ez\u00e9rt sem ker\u00fclt kor\u00e1bban a francia terrorelh\u00e1r\u00edt\u00f3 szervek l\u00e1t\u00f3k\u00f6r\u00e9be.(MTI)<\/p>\n","protected":false},"excerpt":{"rendered":"<p>A Nemzeti K\u00f6zszolg\u00e1lati Egyetem (NKE) egyetemi docense szerint b\u00e1rhol, b\u00e1rmikor el\u0151fordulhatnak a nizzai t\u00f6meges g\u00e1zol\u00e1shoz hasonl\u00f3 mer\u00e9nyletek. Kaiser Ferenc az M1 aktu\u00e1lis csatorna vas\u00e1rnap reggeli m\u0171sor\u00e1ban ugyanakkor hozz\u00e1tette: legval\u00f3sz\u00edn\u0171bb azonban azokban az orsz\u00e1gokban, ahol jelent\u0151s muszlim k\u00f6z\u00f6ss\u00e9gek \u00e9lnek.<\/p>\n","protected":false},"author":1,"featured_media":0,"comment_status":"open","ping_status":"closed","sticky":false,"template":"","format":"standard","meta":[],"categories":[12],"tags":[],"_links":{"self":[{"href":"https:\/\/gazdasagportal.hu\/index.php\/wp-json\/wp\/v2\/posts\/82401"}],"collection":[{"href":"https:\/\/gazdasagportal.hu\/index.php\/wp-json\/wp\/v2\/posts"}],"about":[{"href":"https:\/\/gazdasagportal.hu\/index.php\/wp-json\/wp\/v2\/types\/post"}],"author":[{"embeddable":true,"href":"https:\/\/gazdasagportal.hu\/index.php\/wp-json\/wp\/v2\/users\/1"}],"replies":[{"embeddable":true,"href":"https:\/\/gazdasagportal.hu\/index.php\/wp-json\/wp\/v2\/comments?post=82401"}],"version-history":[{"count":1,"href":"https:\/\/gazdasagportal.hu\/index.php\/wp-json\/wp\/v2\/posts\/82401\/revisions"}],"predecessor-version":[{"id":82402,"href":"https:\/\/gazdasagportal.hu\/index.php\/wp-json\/wp\/v2\/posts\/82401\/revisions\/82402"}],"wp:attachment":[{"href":"https:\/\/gazdasagportal.hu\/index.php\/wp-json\/wp\/v2\/media?parent=82401"}],"wp:term":[{"taxonomy":"category","embeddable":true,"href":"https:\/\/gazdasagportal.hu\/index.php\/wp-json\/wp\/v2\/categories?post=82401"},{"taxonomy":"post_tag","embeddable":true,"href":"https:\/\/gazdasagportal.hu\/index.php\/wp-json\/wp\/v2\/tags?post=82401"}],"curies":[{"name":"wp","href":"https:\/\/api.w.org\/{rel}","templated":true}]}}