{"id":82397,"date":"2016-07-17T13:57:07","date_gmt":"2016-07-17T11:57:07","guid":{"rendered":"http:\/\/gazdasagportal.hu\/?p=82397"},"modified":"2016-07-17T13:57:07","modified_gmt":"2016-07-17T11:57:07","slug":"eroszakos-kozosules-is-tortenhetett-kolnben-a-szilveszteri-tamadasok-soran","status":"publish","type":"post","link":"https:\/\/gazdasagportal.hu\/index.php\/eroszakos-kozosules-is-tortenhetett-kolnben-a-szilveszteri-tamadasok-soran\/","title":{"rendered":"Er\u0151szakos k\u00f6z\u00f6s\u00fcl\u00e9s is t\u00f6rt\u00e9nhetett K\u00f6lnben a szilveszteri t\u00e1mad\u00e1sok sor\u00e1n"},"content":{"rendered":"<p><strong>Er\u0151szakos k\u00f6z\u00f6s\u00fcl\u00e9s is t\u00f6rt\u00e9nhetett K\u00f6lnben a szilveszter \u00e9jjel n\u0151k ellen t\u00f6megesen elk\u00f6vetett t\u00e1mad\u00e1sok sor\u00e1n h\u00e9tv\u00e9gi n\u00e9met sajt\u00f3jelent\u00e9sek szerint.<\/strong><!--more--><\/p>\n<div class=\"ads-in-post1\"><div id=\"gazdasagportal.hu_fullbanner_wideboard\"><\/div>\r\n<\/div>\n<p>    A besz\u00e1mol\u00f3k alapj\u00e1n az \u00e9szak-rajna-vesztf\u00e1liai tartom\u00e1nyi gy\u0171l\u00e9s (Landtag) vizsg\u00e1l\u00f3bizotts\u00e1g\u00e1nak legut\u00f3bbi \u00fcl\u00e9s\u00e9n a Lobby f\u00fcr M\u00e4dchen nev\u0171, l\u00e1nyokat \u00e9s fiatal n\u0151ket seg\u00edt\u0151 egyes\u00fclet koordin\u00e1tora, Frauke Mahr elmondta, hogy k\u00e9t er\u0151szakos k\u00f6z\u00f6s\u00fcl\u00e9sr\u0151l is tudnak.<br \/>\n    Az \u00e1ldozatok janu\u00e1rban jelentkeztek n\u00e1luk telefonon, egyik\u00fckkel csak egyszer besz\u00e9ltek, a m\u00e1sik viszont m\u00e9g mindig a kliens\u00fck, rendszeres t\u00e1mogat\u00e1sra, tan\u00e1csad\u00e1sra szorul. Elmond\u00e1suk szerint mindkettej\u00fcket a k\u00f6lni f\u0151p\u00e1lyaudvar el\u0151tti t\u00e9ren er\u0151szakolt\u00e1k meg szilveszter \u00e9jjel. A sz\u00e9gyen\u00e9rzet miatt egyik\u00fck sem tett feljelent\u00e9st.<br \/>\n    Az egyik \u00e1ldozat arr\u00f3l sz\u00e1molt be, hogy a t\u00f6megben elszakadt a bar\u00e1tait\u00f3l \u00e9s egy csoport f\u00e9rfi k\u00f6rbevette. A t\u00e1mad\u00f3k egym\u00e1s k\u00f6z\u00f6tt l\u00f6kd\u00f6st\u00e9k, majd letepert\u00e9k \u00e9s meger\u0151szakolt\u00e1k. Az elk\u00f6vet\u0151t egy rend\u0151r r\u00e1ngatta le a 18 \u00e9ves \u00e1ldozatr\u00f3l, aki sokkos \u00e1llapotban elmenek\u00fclt. K\u00e9s\u0151bb s\u00e9r\u00fcl\u00e9seit kezelni kellett k\u00f3rh\u00e1zban, ahol meg\u00e1llap\u00edtott\u00e1k, hogy terhes. Az \u00e1ldozat nem tudta meg\u00e1llap\u00edtani, hogy mikor esett teherbe. V\u00e9g\u00fcl a terhess\u00e9g megszak\u00edt\u00e1sa mellett d\u00f6nt\u00f6tt.<br \/>\n    A sajt\u00f3jelent\u00e9sek szerint a parlamenti vizsg\u00e1l\u00f3bizotts\u00e1got meglepte az egyes\u00fclet munkat\u00e1rs\u00e1nak besz\u00e1mol\u00f3ja, mert ilyen esetr\u0151l nem tudtak. Az eddigi adatok szerint a szilveszteri t\u00e1mad\u00e1sok t\u00f6bbs\u00e9ge szexu\u00e1lis k\u00e9nyszer\u00edt\u00e9snek min\u0151s\u00fcl\u0151 moleszt\u00e1l\u00e1s, \u00e9s ugyan vannak \u00e1ldozatok, akik az\u00e9rt tettek feljelent\u00e9st, mert a t\u00e1mad\u00f3k ujjal behatoltak valamely testny\u00edl\u00e1sukba, ami m\u00e1r nemi er\u0151szaknak sz\u00e1m\u00edt, de \u00fagynevezett befejezett er\u0151szakos k\u00f6z\u00f6s\u00fcl\u00e9sr\u0151l nem k\u00e9sz\u00fclt feljegyz\u00e9s.<br \/>\n    A K\u00f6lnische Rundschau c\u00edm\u0171 helyi lap \u00e9s a Rheinische Post c\u00edm\u0171 tartom\u00e1nyi lap szombaton egyar\u00e1nt arr\u00f3l sz\u00e1molt be, hogy a vizsg\u00e1l\u00f3bizotts\u00e1g az \u00faj inform\u00e1ci\u00f3k nyom\u00e1n els\u0151 l\u00e9p\u00e9sk\u00e9nt \u00fajra \u00e1ttekinti a rend\u0151rs\u00e9g szilveszteri tev\u00e9kenys\u00e9g\u00e9t, hogy megtal\u00e1lj\u00e1k azt a rend\u0151rt, aki a f\u00f6ldre tepert \u00e1ldozat seg\u00edts\u00e9g\u00e9re sietett, \u00e9s meg akarj\u00e1k hallgatni az egyes\u00fcletnek az \u00e1ldozattal kapcsolatban \u00e1ll\u00f3 munkat\u00e1rs\u00e1t is.<br \/>\n    Szilveszter \u00e9jjel K\u00f6lnben, Hamburgban \u00e9s t\u00f6bb m\u00e1s nagyv\u00e1rosban t\u00f6megesen k\u00f6vettek el n\u0151k s\u00e9relm\u00e9re szexu\u00e1lis zaklat\u00e1st \u00e9s lop\u00e1st. Az elk\u00f6vet\u0151k a hat\u00f3s\u00e1gok szerint t\u00f6bbnyire \u00e9szak-afrikai f\u00e9rfiak voltak, akik csoportosan k\u00f6rbevett\u00e9k, moleszt\u00e1lt\u00e1k \u00e9s meglopt\u00e1k az \u00e1ldozatokat. A 16 n\u00e9met tartom\u00e1ny k\u00f6z\u00fcl 12-ben t\u00f6rt\u00e9ntek ilyen b\u0171ncselekm\u00e9nyek.<br \/>\n     A sz\u00f6vets\u00e9gi b\u0171n\u00fcgyi hivatal (BKA) kimutat\u00e1sa alapj\u00e1n t\u00f6bb mint 1200 n\u0151 ellen k\u00f6vettek el szexu\u00e1lis b\u0171ncselekm\u00e9nyt szilveszter \u00e9jjel nagyv\u00e1rosok k\u00f6zterein, az elk\u00f6vet\u0151k sz\u00e1ma pedig meghaladhatja a k\u00e9tezret. Azonban csak 120 felt\u00e9telezett elk\u00f6vet\u0151t siker\u00fclt azonos\u00edtani \u00e9s elj\u00e1r\u00e1s al\u00e1 vonni, \u00e9s azzal kell sz\u00e1molni, hogy sz\u00e1mos esetet m\u00e1r nem lehet felt\u00e1rni &#8211; mondta a napokban Holger M\u00fcnch, a BKA eln\u00f6ke a S\u00fcddeutsche Zeitung c\u00edm\u0171 lapnak.<br \/>\n(MTI)<\/p>\n","protected":false},"excerpt":{"rendered":"<p>Er\u0151szakos k\u00f6z\u00f6s\u00fcl\u00e9s is t\u00f6rt\u00e9nhetett K\u00f6lnben a szilveszter \u00e9jjel n\u0151k ellen t\u00f6megesen elk\u00f6vetett t\u00e1mad\u00e1sok sor\u00e1n h\u00e9tv\u00e9gi n\u00e9met sajt\u00f3jelent\u00e9sek szerint.<\/p>\n","protected":false},"author":1,"featured_media":0,"comment_status":"open","ping_status":"closed","sticky":false,"template":"","format":"standard","meta":[],"categories":[12],"tags":[],"_links":{"self":[{"href":"https:\/\/gazdasagportal.hu\/index.php\/wp-json\/wp\/v2\/posts\/82397"}],"collection":[{"href":"https:\/\/gazdasagportal.hu\/index.php\/wp-json\/wp\/v2\/posts"}],"about":[{"href":"https:\/\/gazdasagportal.hu\/index.php\/wp-json\/wp\/v2\/types\/post"}],"author":[{"embeddable":true,"href":"https:\/\/gazdasagportal.hu\/index.php\/wp-json\/wp\/v2\/users\/1"}],"replies":[{"embeddable":true,"href":"https:\/\/gazdasagportal.hu\/index.php\/wp-json\/wp\/v2\/comments?post=82397"}],"version-history":[{"count":1,"href":"https:\/\/gazdasagportal.hu\/index.php\/wp-json\/wp\/v2\/posts\/82397\/revisions"}],"predecessor-version":[{"id":82398,"href":"https:\/\/gazdasagportal.hu\/index.php\/wp-json\/wp\/v2\/posts\/82397\/revisions\/82398"}],"wp:attachment":[{"href":"https:\/\/gazdasagportal.hu\/index.php\/wp-json\/wp\/v2\/media?parent=82397"}],"wp:term":[{"taxonomy":"category","embeddable":true,"href":"https:\/\/gazdasagportal.hu\/index.php\/wp-json\/wp\/v2\/categories?post=82397"},{"taxonomy":"post_tag","embeddable":true,"href":"https:\/\/gazdasagportal.hu\/index.php\/wp-json\/wp\/v2\/tags?post=82397"}],"curies":[{"name":"wp","href":"https:\/\/api.w.org\/{rel}","templated":true}]}}