{"id":82395,"date":"2016-07-17T11:11:28","date_gmt":"2016-07-17T09:11:28","guid":{"rendered":"http:\/\/gazdasagportal.hu\/?p=82395"},"modified":"2016-07-17T11:12:00","modified_gmt":"2016-07-17T09:12:00","slug":"torok-puccskiserlet-szakerto-amator-modon-szerveztek-meg-az-akciot","status":"publish","type":"post","link":"https:\/\/gazdasagportal.hu\/index.php\/torok-puccskiserlet-szakerto-amator-modon-szerveztek-meg-az-akciot\/","title":{"rendered":"T\u00f6r\u00f6k puccsk\u00eds\u00e9rlet &#8211; Szak\u00e9rt\u0151: amat\u0151r m\u00f3don szervezt\u00e9k meg az akci\u00f3t"},"content":{"rendered":"<p><strong>A Honv\u00e9d Vez\u00e9rkar Tudom\u00e1nyos Kutat\u00f3hely\u00e9nek kutat\u00f3ja szerint &#8222;amat\u0151r m\u00f3don&#8221; szervezt\u00e9k meg szombatra virrad\u00f3ra a t\u00f6r\u00f6korsz\u00e1gi puccsk\u00eds\u00e9rletet. &#8222;Az \u00e1llamcs\u00ednyek alapszab\u00e1lyait is figyelmen k\u00edv\u00fcl hagyt\u00e1k&#8221; &#8211; tette hozz\u00e1 Kiss \u00c1lmos P\u00e9ter az M1 aktu\u00e1lis csatorna vas\u00e1rnap reggeli m\u0171sor\u00e1ban.<\/strong><!--more--><\/p>\n<div class=\"ads-in-post1\"><div id=\"gazdasagportal.hu_fullbanner_wideboard\"><\/div>\r\n<\/div>\n<p>    Mint kifejtette: elmulasztott\u00e1k a legfontosabbat, vagyis az \u00e1llamf\u0151nek \u00e9s azoknak az embereknek a semleges\u00edt\u00e9s\u00e9t, akikre a nyilv\u00e1noss\u00e1g hallgathat. Emellett azon katonai egys\u00e9geket \u00e9s parancsnokokat sem semleges\u00edtett\u00e9k, akik nem vettek r\u00e9szt a puccsban. Mindemellett nem figyeltek oda a strat\u00e9giai kommunik\u00e1ci\u00f3ra sem &#8211; jegyezte meg. Kiss \u00c1lmos P\u00e9ter kiemelte: napjainkban nem lehet figyelmen k\u00edv\u00fcl hagyni az elektronikus m\u00e9diumokat, a k\u00f6z\u00f6ss\u00e9gi m\u00e9di\u00e1t. A t\u00f6r\u00f6k eln\u00f6k Recep Tayyip Erdogan is a Facebookon jelezte h\u00edveinek, hogy szabadl\u00e1bon van, s nem siker\u00fclt a puccs.<br \/>\n    Szombatra virrad\u00f3ra sikertelen puccsk\u00eds\u00e9rletet hajtottak v\u00e9gre T\u00f6r\u00f6korsz\u00e1gban. A t\u00f6r\u00f6k vez\u00e9rkari f\u0151n\u00f6k\u00f6t is t\u00faszul ejtett\u00e9k, de v\u00e9g\u00fcl siker\u00fclt kiszabad\u00edtani. A megk\u00eds\u00e9relt t\u00f6r\u00f6k katonai hatalom\u00e1tv\u00e9tel sor\u00e1n \u00f6sszesen mintegy 250 ember halt meg \u00e9s t\u00f6bb mint 1400-an megsebes\u00fcltek. Ankara szerint a t\u00f6rt\u00e9ntek m\u00f6g\u00f6tt egy, a hadseregben is ki\u00e9p\u00fclt &#8222;p\u00e1rhuzamos strukt\u00fara&#8221; h\u00faz\u00f3dik meg. Erdogan szombaton h\u00edvei el\u0151tt kijelentette, hogy parlamenti vita t\u00e1rgya lehet a hal\u00e1lb\u00fcntet\u00e9s \u00fajb\u00f3li bevezet\u00e9se a meghi\u00fasult puccsk\u00eds\u00e9rlet nyom\u00e1n.<br \/>\n    Szalai M\u00e1t\u00e9, a K\u00fcl\u00fcgyi \u00e9s K\u00fclgazdas\u00e1gi Int\u00e9zet kutat\u00f3ja az M1 vas\u00e1rnapi m\u0171sorfolyam\u00e1ban arra  mutatott r\u00e1:  a puccsk\u00eds\u00e9rlet sor\u00e1n bebizonyosodott, Erdogan hatalma er\u0151s l\u00e1bakon \u00e1ll, a t\u00f6r\u00f6k eln\u00f6k \u00e9s p\u00e1rtja m\u00f6g\u00f6tt komoly t\u00e1rsadalmi t\u00e1mogatotts\u00e1g van.(MTI)<\/p>\n","protected":false},"excerpt":{"rendered":"<p>A Honv\u00e9d Vez\u00e9rkar Tudom\u00e1nyos Kutat\u00f3hely\u00e9nek kutat\u00f3ja szerint &#8222;amat\u0151r m\u00f3don&#8221; szervezt\u00e9k meg szombatra virrad\u00f3ra a t\u00f6r\u00f6korsz\u00e1gi puccsk\u00eds\u00e9rletet. &#8222;Az \u00e1llamcs\u00ednyek alapszab\u00e1lyait is figyelmen k\u00edv\u00fcl hagyt\u00e1k&#8221; &#8211; tette hozz\u00e1 Kiss \u00c1lmos P\u00e9ter az M1 aktu\u00e1lis csatorna vas\u00e1rnap reggeli m\u0171sor\u00e1ban.<\/p>\n","protected":false},"author":1,"featured_media":0,"comment_status":"open","ping_status":"closed","sticky":false,"template":"","format":"standard","meta":[],"categories":[12],"tags":[405],"_links":{"self":[{"href":"https:\/\/gazdasagportal.hu\/index.php\/wp-json\/wp\/v2\/posts\/82395"}],"collection":[{"href":"https:\/\/gazdasagportal.hu\/index.php\/wp-json\/wp\/v2\/posts"}],"about":[{"href":"https:\/\/gazdasagportal.hu\/index.php\/wp-json\/wp\/v2\/types\/post"}],"author":[{"embeddable":true,"href":"https:\/\/gazdasagportal.hu\/index.php\/wp-json\/wp\/v2\/users\/1"}],"replies":[{"embeddable":true,"href":"https:\/\/gazdasagportal.hu\/index.php\/wp-json\/wp\/v2\/comments?post=82395"}],"version-history":[{"count":1,"href":"https:\/\/gazdasagportal.hu\/index.php\/wp-json\/wp\/v2\/posts\/82395\/revisions"}],"predecessor-version":[{"id":82396,"href":"https:\/\/gazdasagportal.hu\/index.php\/wp-json\/wp\/v2\/posts\/82395\/revisions\/82396"}],"wp:attachment":[{"href":"https:\/\/gazdasagportal.hu\/index.php\/wp-json\/wp\/v2\/media?parent=82395"}],"wp:term":[{"taxonomy":"category","embeddable":true,"href":"https:\/\/gazdasagportal.hu\/index.php\/wp-json\/wp\/v2\/categories?post=82395"},{"taxonomy":"post_tag","embeddable":true,"href":"https:\/\/gazdasagportal.hu\/index.php\/wp-json\/wp\/v2\/tags?post=82395"}],"curies":[{"name":"wp","href":"https:\/\/api.w.org\/{rel}","templated":true}]}}