{"id":82381,"date":"2016-07-16T15:24:27","date_gmt":"2016-07-16T13:24:27","guid":{"rendered":"http:\/\/gazdasagportal.hu\/?p=82381"},"modified":"2016-07-16T11:55:20","modified_gmt":"2016-07-16T09:55:20","slug":"a-kulfoldrol-behozott-jarmuveknel-tizbol-kilencnek-tekertek-vissza-a-kilometer-szamlalojat","status":"publish","type":"post","link":"https:\/\/gazdasagportal.hu\/index.php\/a-kulfoldrol-behozott-jarmuveknel-tizbol-kilencnek-tekertek-vissza-a-kilometer-szamlalojat\/","title":{"rendered":"A k\u00fclf\u00f6ldr\u0151l behozott j\u00e1rm\u0171vekn\u00e9l t\u00edzb\u0151l kilencnek tekert\u00e9k vissza a kilom\u00e9ter-sz\u00e1ml\u00e1l\u00f3j\u00e1t"},"content":{"rendered":"<p><strong>Egyre t\u00f6bb a manipul\u00e1lt kilom\u00e9ter\u00f3r\u00e1s haszn\u00e1ltaut\u00f3 a piacon, a k\u00fclf\u00f6ldr\u0151l behozott j\u00e1rm\u0171vekn\u00e9l t\u00edzb\u0151l kilencnek tekert\u00e9k vissza a kilom\u00e9ter-sz\u00e1ml\u00e1l\u00f3j\u00e1t, m\u00edg a belf\u00f6ldi aut\u00f3k eset\u00e9ben minden m\u00e1sodiknak &#8211; mondta a G\u00e9pj\u00e1rm\u0171 M\u00e1rkakeresked\u0151k Orsz\u00e1gos Sz\u00f6vets\u00e9g\u00e9nek (G\u00e9mosz) eln\u00f6ks\u00e9gi tagja szombaton az M1 aktu\u00e1lis csatorn\u00e1n.<\/strong><!--more--><\/p>\n<div class=\"ads-in-post1\"><div id=\"gazdasagportal.hu_fullbanner_wideboard\"><\/div>\r\n<\/div>\n<p>    Szilasi J\u00e1nos k\u00f6z\u00f6lte: a szervizek fel vannak k\u00e9sz\u00fclve a manipul\u00e1ci\u00f3 kisz\u0171r\u00e9s\u00e9re, illetve a m\u0171szaki vizsg\u00e1ztat\u00e1son r\u00f6gz\u00edtik a kilom\u00e9ter\u00f3ra \u00e1ll\u00e1s\u00e1t, ebb\u0151l is lehet k\u00f6vetkeztetni a visszateker\u00e9sre.<br \/>\n    Hangs\u00falyozta: v\u00e1s\u00e1rl\u00e1s el\u0151tt \u00e9rdemes a kiv\u00e1lasztott aut\u00f3t elvinni a m\u00e1rkaszervizbe \u00e9s ott ellen\u0151riztetni, tan\u00e1csot k\u00e9rni.<br \/>\n    Lichy J\u00f3zsef \u00fcgyv\u00e9d kiemelte, a kilom\u00e9ter\u00f3ra visszateker\u00e9se b\u0171ncselekm\u00e9ny, egy \u00e9vig terjed\u0151 szabads\u00e1gveszt\u00e9ssel b\u00fcntethet\u0151.(MTI)<\/p>\n","protected":false},"excerpt":{"rendered":"<p>Egyre t\u00f6bb a manipul\u00e1lt kilom\u00e9ter\u00f3r\u00e1s haszn\u00e1ltaut\u00f3 a piacon, a k\u00fclf\u00f6ldr\u0151l behozott j\u00e1rm\u0171vekn\u00e9l t\u00edzb\u0151l kilencnek tekert\u00e9k vissza a kilom\u00e9ter-sz\u00e1ml\u00e1l\u00f3j\u00e1t, m\u00edg a belf\u00f6ldi aut\u00f3k eset\u00e9ben minden m\u00e1sodiknak &#8211; mondta a G\u00e9pj\u00e1rm\u0171 M\u00e1rkakeresked\u0151k Orsz\u00e1gos Sz\u00f6vets\u00e9g\u00e9nek (G\u00e9mosz) eln\u00f6ks\u00e9gi tagja szombaton az M1 aktu\u00e1lis csatorn\u00e1n.<\/p>\n","protected":false},"author":1,"featured_media":0,"comment_status":"open","ping_status":"closed","sticky":false,"template":"","format":"standard","meta":[],"categories":[19],"tags":[],"_links":{"self":[{"href":"https:\/\/gazdasagportal.hu\/index.php\/wp-json\/wp\/v2\/posts\/82381"}],"collection":[{"href":"https:\/\/gazdasagportal.hu\/index.php\/wp-json\/wp\/v2\/posts"}],"about":[{"href":"https:\/\/gazdasagportal.hu\/index.php\/wp-json\/wp\/v2\/types\/post"}],"author":[{"embeddable":true,"href":"https:\/\/gazdasagportal.hu\/index.php\/wp-json\/wp\/v2\/users\/1"}],"replies":[{"embeddable":true,"href":"https:\/\/gazdasagportal.hu\/index.php\/wp-json\/wp\/v2\/comments?post=82381"}],"version-history":[{"count":1,"href":"https:\/\/gazdasagportal.hu\/index.php\/wp-json\/wp\/v2\/posts\/82381\/revisions"}],"predecessor-version":[{"id":82382,"href":"https:\/\/gazdasagportal.hu\/index.php\/wp-json\/wp\/v2\/posts\/82381\/revisions\/82382"}],"wp:attachment":[{"href":"https:\/\/gazdasagportal.hu\/index.php\/wp-json\/wp\/v2\/media?parent=82381"}],"wp:term":[{"taxonomy":"category","embeddable":true,"href":"https:\/\/gazdasagportal.hu\/index.php\/wp-json\/wp\/v2\/categories?post=82381"},{"taxonomy":"post_tag","embeddable":true,"href":"https:\/\/gazdasagportal.hu\/index.php\/wp-json\/wp\/v2\/tags?post=82381"}],"curies":[{"name":"wp","href":"https:\/\/api.w.org\/{rel}","templated":true}]}}