{"id":82379,"date":"2016-07-16T13:52:25","date_gmt":"2016-07-16T11:52:25","guid":{"rendered":"http:\/\/gazdasagportal.hu\/?p=82379"},"modified":"2016-07-16T17:04:40","modified_gmt":"2016-07-16T15:04:40","slug":"torok-puccskiserlet-varhato-volt-az-allamcsiny-erdogan-torok-elnokot-mar-figyelmeztettek-is-erre","status":"publish","type":"post","link":"https:\/\/gazdasagportal.hu\/index.php\/torok-puccskiserlet-varhato-volt-az-allamcsiny-erdogan-torok-elnokot-mar-figyelmeztettek-is-erre\/","title":{"rendered":"T\u00f6r\u00f6k puccsk\u00eds\u00e9rlet &#8211; V\u00e1rhat\u00f3 volt az \u00e1llamcs\u00edny, Erdogan t\u00f6r\u00f6k eln\u00f6k\u00f6t m\u00e1r figyelmeztett\u00e9k is erre"},"content":{"rendered":"<p><strong>Georg Sp\u00f6ttle biztons\u00e1gpolitikai szak\u00e9rt\u0151 szerint v\u00e1rhat\u00f3 volt egy katonai puccsk\u00eds\u00e9rlet T\u00f6r\u00f6korsz\u00e1gban, Recep Tayyip Erdogan t\u00f6r\u00f6k eln\u00f6k\u00f6t kor\u00e1bban m\u00e1r figyelmeztett\u00e9k is erre az eshet\u0151s\u00e9gre.<\/strong><!--more--><\/p>\n<div class=\"ads-in-post1\"><div id=\"gazdasagportal.hu_fullbanner_wideboard\"><\/div>\r\n<\/div>\n<p>    A szak\u00e9rt\u0151 az M1 aktu\u00e1lis csatorn\u00e1n szombaton azt mondta, \u00e9vek \u00f3ta szervez\u0151dhetett a puccsk\u00eds\u00e9rlet, hiszen a tiszteknek alaposan tesztelni\u00fck kellett, kiket tudnak bevonni.<br \/>\n    Georg Sp\u00f6ttle \u00fagy v\u00e9lekedett, Erdogan az esem\u00e9nyeket az ellenz\u00e9ki p\u00e1rtokon bel\u00fcli tisztogat\u00e1sra is felhaszn\u00e1lhatja.<br \/>\n    Besz\u00e9lt arr\u00f3l is, hogy a p\u00e9ntek \u00e9jjeli puccsk\u00eds\u00e9rlet h\u00e1tr\u00e1ltathatja az Eur\u00f3pai Uni\u00f3 \u00e9s T\u00f6r\u00f6korsz\u00e1g k\u00f6z\u00f6tti v\u00edzummentess\u00e9g bevezet\u00e9s\u00e9t.(MTI)<\/p>\n","protected":false},"excerpt":{"rendered":"<p>Georg Sp\u00f6ttle biztons\u00e1gpolitikai szak\u00e9rt\u0151 szerint v\u00e1rhat\u00f3 volt egy katonai puccsk\u00eds\u00e9rlet T\u00f6r\u00f6korsz\u00e1gban, Recep Tayyip Erdogan t\u00f6r\u00f6k eln\u00f6k\u00f6t kor\u00e1bban m\u00e1r figyelmeztett\u00e9k is erre az eshet\u0151s\u00e9gre.<\/p>\n","protected":false},"author":1,"featured_media":0,"comment_status":"open","ping_status":"closed","sticky":false,"template":"","format":"standard","meta":[],"categories":[12],"tags":[405],"_links":{"self":[{"href":"https:\/\/gazdasagportal.hu\/index.php\/wp-json\/wp\/v2\/posts\/82379"}],"collection":[{"href":"https:\/\/gazdasagportal.hu\/index.php\/wp-json\/wp\/v2\/posts"}],"about":[{"href":"https:\/\/gazdasagportal.hu\/index.php\/wp-json\/wp\/v2\/types\/post"}],"author":[{"embeddable":true,"href":"https:\/\/gazdasagportal.hu\/index.php\/wp-json\/wp\/v2\/users\/1"}],"replies":[{"embeddable":true,"href":"https:\/\/gazdasagportal.hu\/index.php\/wp-json\/wp\/v2\/comments?post=82379"}],"version-history":[{"count":1,"href":"https:\/\/gazdasagportal.hu\/index.php\/wp-json\/wp\/v2\/posts\/82379\/revisions"}],"predecessor-version":[{"id":82380,"href":"https:\/\/gazdasagportal.hu\/index.php\/wp-json\/wp\/v2\/posts\/82379\/revisions\/82380"}],"wp:attachment":[{"href":"https:\/\/gazdasagportal.hu\/index.php\/wp-json\/wp\/v2\/media?parent=82379"}],"wp:term":[{"taxonomy":"category","embeddable":true,"href":"https:\/\/gazdasagportal.hu\/index.php\/wp-json\/wp\/v2\/categories?post=82379"},{"taxonomy":"post_tag","embeddable":true,"href":"https:\/\/gazdasagportal.hu\/index.php\/wp-json\/wp\/v2\/tags?post=82379"}],"curies":[{"name":"wp","href":"https:\/\/api.w.org\/{rel}","templated":true}]}}