{"id":82375,"date":"2016-07-16T10:46:50","date_gmt":"2016-07-16T08:46:50","guid":{"rendered":"http:\/\/gazdasagportal.hu\/?p=82375"},"modified":"2016-07-16T17:05:01","modified_gmt":"2016-07-16T15:05:01","slug":"torok-puccskiserlet-al-dzsazira-ankaraban-es-isztambulban-nyugalom-van","status":"publish","type":"post","link":"https:\/\/gazdasagportal.hu\/index.php\/torok-puccskiserlet-al-dzsazira-ankaraban-es-isztambulban-nyugalom-van\/","title":{"rendered":"T\u00f6r\u00f6k puccsk\u00eds\u00e9rlet &#8211; Al-Dzsaz\u00edra: Ankar\u00e1ban \u00e9s Isztambulban nyugalom van"},"content":{"rendered":"<p><strong>Szombat reggelre visszat\u00e9rt a nyugalom Ankar\u00e1ba \u00e9s Isztambulba az \u00e9jszakai puccsk\u00eds\u00e9rlet ut\u00e1n &#8211; sz\u00e1moltak be a helysz\u00ednr\u0151l az al-Dzsaz\u00edra p\u00e1narab h\u00edrt\u00e9v\u00e9 tud\u00f3s\u00edt\u00f3i. <\/strong><!--more--><\/p>\n<div class=\"ads-in-post1\"><div id=\"gazdasagportal.hu_fullbanner_wideboard\"><\/div>\r\n<\/div>\n<p>    Az ankarai tud\u00f3s\u00edt\u00f3 elmond\u00e1sa szerint a t\u00f6r\u00f6k f\u0151v\u00e1ros f\u00f6l\u00f6tt m\u00e9g a l\u00e9gier\u0151 g\u00e9pei j\u00e1r\u0151r\u00f6znek, de harcok zaj\u00e1t m\u00e1r t\u00f6bb \u00f3r\u00e1ja nem hallani.<br \/>\n    Az Isztambul \u00e1zsiai r\u00e9sz\u00e9r\u0151l bejelentkez\u0151 \u00fajs\u00e1g\u00edr\u00f3 a dohai k\u00f6zpont\u00fa h\u00edrt\u00e9v\u00e9 honlapja szerint arr\u00f3l sz\u00e1molt be, hogy a t\u00f6r\u00f6k nagyv\u00e1ros utc\u00e1i nagyon nyugodtak, a forgalom kisebb a szombaton megszokottn\u00e1l. K\u00fcl\u00f6nleges l\u00e1tv\u00e1nyt csak a katon\u00e1k \u00e1ltal elhagyottan \u00e1ll\u00f3 tankok ny\u00fajtanak. A harckocsikon rend\u0151r\u00f6k posztolnak.<br \/>\n    A Boszporusz f\u00f6l\u00f6tt \u00e1t\u00edvel\u0151 k\u00e9t h\u00edd tov\u00e1bbra is z\u00e1rva, ez\u00e9rt a tengerszoroson \u00e1t k\u00f6zleked\u0151 kompok nagyon zs\u00fafoltak.<br \/>\n    A dohai k\u00f6zpont\u00fa h\u00edrt\u00e9v\u00e9 d\u00e9lel\u0151tt honlapj\u00e1n arr\u00f3l sz\u00e1molt be, hogy a puccsist\u00e1k m\u00e1r csak az orsz\u00e1g n\u00e9h\u00e1ny pontj\u00e1n tartj\u00e1k magukat.(MTI)<\/p>\n","protected":false},"excerpt":{"rendered":"<p>Szombat reggelre visszat\u00e9rt a nyugalom Ankar\u00e1ba \u00e9s Isztambulba az \u00e9jszakai puccsk\u00eds\u00e9rlet ut\u00e1n &#8211; sz\u00e1moltak be a helysz\u00ednr\u0151l az al-Dzsaz\u00edra p\u00e1narab h\u00edrt\u00e9v\u00e9 tud\u00f3s\u00edt\u00f3i.<\/p>\n","protected":false},"author":1,"featured_media":0,"comment_status":"open","ping_status":"closed","sticky":false,"template":"","format":"standard","meta":[],"categories":[12],"tags":[405],"_links":{"self":[{"href":"https:\/\/gazdasagportal.hu\/index.php\/wp-json\/wp\/v2\/posts\/82375"}],"collection":[{"href":"https:\/\/gazdasagportal.hu\/index.php\/wp-json\/wp\/v2\/posts"}],"about":[{"href":"https:\/\/gazdasagportal.hu\/index.php\/wp-json\/wp\/v2\/types\/post"}],"author":[{"embeddable":true,"href":"https:\/\/gazdasagportal.hu\/index.php\/wp-json\/wp\/v2\/users\/1"}],"replies":[{"embeddable":true,"href":"https:\/\/gazdasagportal.hu\/index.php\/wp-json\/wp\/v2\/comments?post=82375"}],"version-history":[{"count":1,"href":"https:\/\/gazdasagportal.hu\/index.php\/wp-json\/wp\/v2\/posts\/82375\/revisions"}],"predecessor-version":[{"id":82376,"href":"https:\/\/gazdasagportal.hu\/index.php\/wp-json\/wp\/v2\/posts\/82375\/revisions\/82376"}],"wp:attachment":[{"href":"https:\/\/gazdasagportal.hu\/index.php\/wp-json\/wp\/v2\/media?parent=82375"}],"wp:term":[{"taxonomy":"category","embeddable":true,"href":"https:\/\/gazdasagportal.hu\/index.php\/wp-json\/wp\/v2\/categories?post=82375"},{"taxonomy":"post_tag","embeddable":true,"href":"https:\/\/gazdasagportal.hu\/index.php\/wp-json\/wp\/v2\/tags?post=82375"}],"curies":[{"name":"wp","href":"https:\/\/api.w.org\/{rel}","templated":true}]}}