{"id":82370,"date":"2016-07-16T05:09:16","date_gmt":"2016-07-16T03:09:16","guid":{"rendered":"http:\/\/gazdasagportal.hu\/?p=82370"},"modified":"2016-07-16T17:05:25","modified_gmt":"2016-07-16T15:05:25","slug":"torok-puccskiserlet-davutoglu-a-puccs-a-demokracia-elleni-tamadas","status":"publish","type":"post","link":"https:\/\/gazdasagportal.hu\/index.php\/torok-puccskiserlet-davutoglu-a-puccs-a-demokracia-elleni-tamadas\/","title":{"rendered":"T\u00f6r\u00f6k puccsk\u00eds\u00e9rlet &#8211; Davutoglu: a puccs a demokr\u00e1cia elleni t\u00e1mad\u00e1s"},"content":{"rendered":"<p><strong>Ahmet Davutoglu volt t\u00f6r\u00f6k minisztereln\u00f6k el\u00edt\u00e9lte a t\u00f6r\u00f6k puccsk\u00eds\u00e9rletet, amely szerinte t\u00e1mad\u00e1s a demokr\u00e1cia ellen.<\/strong><!--more--><\/p>\n<div class=\"ads-in-post1\"><div id=\"gazdasagportal.hu_fullbanner_wideboard\"><\/div>\r\n<\/div>\n<p>A volt korm\u00e1nyf\u0151 az al-Dzsaz\u00edra p\u00e1narab h\u00edrt\u00e9v\u00e9nek nyilatkozott p\u00e9ntek \u00e9jjel telefonon.<br \/>\nT\u00f6r\u00f6korsz\u00e1g demokr\u00e1cia, legitim korm\u00e1ny van, ez nem k\u00e9rd\u00e9s &#8211; hangs\u00falyozta. \u00dagy v\u00e9lekedett, hogy a puccsk\u00eds\u00e9rlet nem lesz sikeres. Arra k\u00e9rte a nemzetk\u00f6zi szervezeteket, hogy t\u00e1mogass\u00e1k a korm\u00e1nyt.<br \/>\nA volt minisztereln\u00f6k arra a k\u00e9rd\u00e9sre nem tudott v\u00e1laszolni, hol tart\u00f3zkodik jelenleg Recep Tayyip Erdogan.<br \/>\n\u00dagy v\u00e9lekedett, hogy reggelre gy\u0151znek a demokratikus er\u0151k.(MTI)<\/p>\n<p>&nbsp;<\/p><div id=\"gazda-134613278\" class=\"gazda-tartalomban gazda-entity-placement\"><script async src=\"https:\/\/pagead2.googlesyndication.com\/pagead\/js\/adsbygoogle.js\"><\/script>\r\n<ins class=\"adsbygoogle\"\r\n     style=\"display:block\"\r\n     data-ad-format=\"fluid\"\r\n     data-ad-layout-key=\"-6t+ed+2i-1n-4w\"\r\n     data-ad-client=\"ca-pub-1959107119989764\"\r\n     data-ad-slot=\"4008251320\"><\/ins>\r\n<script>\r\n     (adsbygoogle = window.adsbygoogle || []).push({});\r\n<\/script><\/div>\n","protected":false},"excerpt":{"rendered":"<p>Ahmet Davutoglu volt t\u00f6r\u00f6k minisztereln\u00f6k el\u00edt\u00e9lte a t\u00f6r\u00f6k puccsk\u00eds\u00e9rletet, amely szerinte t\u00e1mad\u00e1s a demokr\u00e1cia ellen.<\/p>\n","protected":false},"author":1,"featured_media":0,"comment_status":"open","ping_status":"closed","sticky":false,"template":"","format":"standard","meta":[],"categories":[12,246],"tags":[405],"_links":{"self":[{"href":"https:\/\/gazdasagportal.hu\/index.php\/wp-json\/wp\/v2\/posts\/82370"}],"collection":[{"href":"https:\/\/gazdasagportal.hu\/index.php\/wp-json\/wp\/v2\/posts"}],"about":[{"href":"https:\/\/gazdasagportal.hu\/index.php\/wp-json\/wp\/v2\/types\/post"}],"author":[{"embeddable":true,"href":"https:\/\/gazdasagportal.hu\/index.php\/wp-json\/wp\/v2\/users\/1"}],"replies":[{"embeddable":true,"href":"https:\/\/gazdasagportal.hu\/index.php\/wp-json\/wp\/v2\/comments?post=82370"}],"version-history":[{"count":1,"href":"https:\/\/gazdasagportal.hu\/index.php\/wp-json\/wp\/v2\/posts\/82370\/revisions"}],"predecessor-version":[{"id":82371,"href":"https:\/\/gazdasagportal.hu\/index.php\/wp-json\/wp\/v2\/posts\/82370\/revisions\/82371"}],"wp:attachment":[{"href":"https:\/\/gazdasagportal.hu\/index.php\/wp-json\/wp\/v2\/media?parent=82370"}],"wp:term":[{"taxonomy":"category","embeddable":true,"href":"https:\/\/gazdasagportal.hu\/index.php\/wp-json\/wp\/v2\/categories?post=82370"},{"taxonomy":"post_tag","embeddable":true,"href":"https:\/\/gazdasagportal.hu\/index.php\/wp-json\/wp\/v2\/tags?post=82370"}],"curies":[{"name":"wp","href":"https:\/\/api.w.org\/{rel}","templated":true}]}}