{"id":82357,"date":"2016-07-15T16:48:11","date_gmt":"2016-07-15T14:48:11","guid":{"rendered":"http:\/\/gazdasagportal.hu\/?p=82357"},"modified":"2016-07-15T16:48:11","modified_gmt":"2016-07-15T14:48:11","slug":"ismet-szaz-szazalekos-teljesitmenyen-uzemel-az-atomeromu-1-es-blokkja","status":"publish","type":"post","link":"https:\/\/gazdasagportal.hu\/index.php\/ismet-szaz-szazalekos-teljesitmenyen-uzemel-az-atomeromu-1-es-blokkja\/","title":{"rendered":"Ism\u00e9t sz\u00e1z sz\u00e1zal\u00e9kos teljes\u00edtm\u00e9nyen \u00fczemel az atomer\u0151m\u0171 1-es blokkja"},"content":{"rendered":"<p><strong>Megsz\u00fcntett\u00e9k a szakemberek az ir\u00e1ny\u00edt\u00e1stechnikai berendez\u00e9s meghib\u00e1sod\u00e1s\u00e1t a paksi atomer\u0151m\u0171 1. blokkj\u00e1n\u00e1l, \u00edgy p\u00e9nteken kora d\u00e9lut\u00e1n m\u00e1r ism\u00e9t sz\u00e1z sz\u00e1zal\u00e9kos teljes\u00edtm\u00e9nyen \u00fczemel.<\/strong><!--more--><\/p>\n<div class=\"ads-in-post1\"><div id=\"gazdasagportal.hu_fullbanner_wideboard\"><\/div>\r\n<\/div>\n<p>    Kov\u00e1cs Antal kommunik\u00e1ci\u00f3s igazgat\u00f3 az MTI \u00e9rdekl\u0151d\u00e9s\u00e9re elmondta, hogy miut\u00e1n a hib\u00e1t elh\u00e1r\u00edtott\u00e1k a szakemberek, p\u00e9nteken reggel elkezdt\u00e9k a cs\u00fct\u00f6rt\u00f6k\u00f6n le\u00e1ll\u00edtott 1-es blokk terhel\u00e9s\u00e9t. A reaktor 14.20 perckor el\u00e9rte a n\u00e9vleges 500 megawattos teljes\u00edtm\u00e9nyszintj\u00e9t.     Az atomer\u0151m\u0171 1-es blokkj\u00e1t egy ir\u00e1ny\u00edt\u00e1stechnikai berendez\u00e9s \u00e1ramell\u00e1t\u00e1s\u00e1nak, azaz bet\u00e1pl\u00e1l\u00e1s\u00e1nak kimarad\u00e1sa miatt cs\u00fct\u00f6rt\u00f6k\u00f6n reggel \u00e1ll\u00edtott\u00e1k le az ilyen esetekre el\u0151\u00edrt terveknek \u00e9s a nukle\u00e1ris biztons\u00e1gi el\u0151\u00edr\u00e1soknak megfelel\u0151en.     Fichtinger Gyula, az Orsz\u00e1gos Atomenergia Hivatal f\u0151igazgat\u00f3ja az MTI-t t\u00e1j\u00e9koztatta arr\u00f3l, hogy a jogszab\u00e1lyi k\u00f6telezetts\u00e9gnek, illetve a mindennapos gyakorlatnak megfelel\u0151en a hiba felt\u00e1r\u00e1sa \u00e9s elh\u00e1r\u00edt\u00e1sa ut\u00e1n kivizsg\u00e1lj\u00e1k az okait, hogy a j\u00f6v\u0151ben hasznos\u00edts\u00e1k a tapasztalatokat.(MTI)<\/p>\n","protected":false},"excerpt":{"rendered":"<p>Megsz\u00fcntett\u00e9k a szakemberek az ir\u00e1ny\u00edt\u00e1stechnikai berendez\u00e9s meghib\u00e1sod\u00e1s\u00e1t a paksi atomer\u0151m\u0171 1. blokkj\u00e1n\u00e1l, \u00edgy p\u00e9nteken kora d\u00e9lut\u00e1n m\u00e1r ism\u00e9t sz\u00e1z sz\u00e1zal\u00e9kos teljes\u00edtm\u00e9nyen \u00fczemel.<\/p>\n","protected":false},"author":1,"featured_media":0,"comment_status":"open","ping_status":"closed","sticky":false,"template":"","format":"standard","meta":[],"categories":[19],"tags":[],"_links":{"self":[{"href":"https:\/\/gazdasagportal.hu\/index.php\/wp-json\/wp\/v2\/posts\/82357"}],"collection":[{"href":"https:\/\/gazdasagportal.hu\/index.php\/wp-json\/wp\/v2\/posts"}],"about":[{"href":"https:\/\/gazdasagportal.hu\/index.php\/wp-json\/wp\/v2\/types\/post"}],"author":[{"embeddable":true,"href":"https:\/\/gazdasagportal.hu\/index.php\/wp-json\/wp\/v2\/users\/1"}],"replies":[{"embeddable":true,"href":"https:\/\/gazdasagportal.hu\/index.php\/wp-json\/wp\/v2\/comments?post=82357"}],"version-history":[{"count":1,"href":"https:\/\/gazdasagportal.hu\/index.php\/wp-json\/wp\/v2\/posts\/82357\/revisions"}],"predecessor-version":[{"id":82358,"href":"https:\/\/gazdasagportal.hu\/index.php\/wp-json\/wp\/v2\/posts\/82357\/revisions\/82358"}],"wp:attachment":[{"href":"https:\/\/gazdasagportal.hu\/index.php\/wp-json\/wp\/v2\/media?parent=82357"}],"wp:term":[{"taxonomy":"category","embeddable":true,"href":"https:\/\/gazdasagportal.hu\/index.php\/wp-json\/wp\/v2\/categories?post=82357"},{"taxonomy":"post_tag","embeddable":true,"href":"https:\/\/gazdasagportal.hu\/index.php\/wp-json\/wp\/v2\/tags?post=82357"}],"curies":[{"name":"wp","href":"https:\/\/api.w.org\/{rel}","templated":true}]}}