{"id":82353,"date":"2016-07-15T15:00:40","date_gmt":"2016-07-15T13:00:40","guid":{"rendered":"http:\/\/gazdasagportal.hu\/?p=82353"},"modified":"2016-07-15T15:00:40","modified_gmt":"2016-07-15T13:00:40","slug":"nott-juniusban-a-kiskereskedelmi-forgalom-az-egyesult-allamokban","status":"publish","type":"post","link":"https:\/\/gazdasagportal.hu\/index.php\/nott-juniusban-a-kiskereskedelmi-forgalom-az-egyesult-allamokban\/","title":{"rendered":"N\u0151tt j\u00faniusban a kiskereskedelmi forgalom az Egyes\u00fclt \u00c1llamokban"},"content":{"rendered":"<p><strong>Az el\u0151z\u0151 havin\u00e1l \u00e9s a v\u00e1rtn\u00e1l is nagyobb m\u00e9rt\u00e9kben n\u0151tt j\u00faniusban a kiskereskedelmi forgalom az Egyes\u00fclt \u00c1llamokban.<\/strong><!--more--><\/p>\n<div class=\"ads-in-post1\"><div id=\"gazdasagportal.hu_fullbanner_wideboard\"><\/div>\r\n<\/div>\n<p>J\u00faniusban napt\u00e1ri \u00e9s szezon\u00e1lis kiigaz\u00edt\u00e1ssal 0,6 sz\u00e1zal\u00e9kkal n\u0151tt a kiskereskedelmi forgalom az el\u0151z\u0151 havihoz k\u00e9pest \u00e9s 2,7 sz\u00e1zal\u00e9kkal 2015 j\u00fanius\u00e1hoz k\u00e9pest &#8211; k\u00f6z\u00f6lte p\u00e9nteken a washingtoni kereskedelmi miniszt\u00e9rium statisztikai int\u00e9zete, a Census Bureau.<br \/>\nElemz\u0151k 0,1 sz\u00e1zal\u00e9kos havi n\u00f6veked\u00e9st jeleztek el\u0151re j\u00faniusra.<br \/>\nM\u00e1jusban az el\u0151z\u0151 havihoz k\u00e9pest 0,2 sz\u00e1zal\u00e9kkal, 2015 m\u00e1jus\u00e1hoz k\u00e9pest 2,2 sz\u00e1zal\u00e9kkal n\u0151tt a kiskereskedelmi forgalom.<br \/>\nAz \u00e1prilis-j\u00faniusi negyed\u00e9vben a kiskereskedelmi forgalom 2,6 sz\u00e1zal\u00e9kkal n\u0151tt az egy \u00e9vvel kor\u00e1bbihoz k\u00e9pest, a janu\u00e1r-m\u00e1rciusi negyed\u00e9vben pedig 1,4 sz\u00e1zal\u00e9kkal. (MTI)<br \/>\n<a title=\"Hely megnyit\u00e1sa\" href=\"http:\/\/www.census.gov\/retail\/marts\/www\/marts_current.pdf\" target=\"_blank\" rel=\"noopener\">http:\/\/www.census.gov\/retail\/marts\/www\/marts_current.pdf<\/a><\/p>\n<p>&nbsp;<\/p><div id=\"gazda-326851278\" class=\"gazda-tartalomban gazda-entity-placement\"><script async src=\"https:\/\/pagead2.googlesyndication.com\/pagead\/js\/adsbygoogle.js\"><\/script>\r\n<ins class=\"adsbygoogle\"\r\n     style=\"display:block\"\r\n     data-ad-format=\"fluid\"\r\n     data-ad-layout-key=\"-6t+ed+2i-1n-4w\"\r\n     data-ad-client=\"ca-pub-1959107119989764\"\r\n     data-ad-slot=\"4008251320\"><\/ins>\r\n<script>\r\n     (adsbygoogle = window.adsbygoogle || []).push({});\r\n<\/script><\/div>\n","protected":false},"excerpt":{"rendered":"<p>Az el\u0151z\u0151 havin\u00e1l \u00e9s a v\u00e1rtn\u00e1l is nagyobb m\u00e9rt\u00e9kben n\u0151tt j\u00faniusban a kiskereskedelmi forgalom az Egyes\u00fclt \u00c1llamokban.<\/p>\n","protected":false},"author":1,"featured_media":0,"comment_status":"open","ping_status":"closed","sticky":false,"template":"","format":"standard","meta":[],"categories":[246],"tags":[],"_links":{"self":[{"href":"https:\/\/gazdasagportal.hu\/index.php\/wp-json\/wp\/v2\/posts\/82353"}],"collection":[{"href":"https:\/\/gazdasagportal.hu\/index.php\/wp-json\/wp\/v2\/posts"}],"about":[{"href":"https:\/\/gazdasagportal.hu\/index.php\/wp-json\/wp\/v2\/types\/post"}],"author":[{"embeddable":true,"href":"https:\/\/gazdasagportal.hu\/index.php\/wp-json\/wp\/v2\/users\/1"}],"replies":[{"embeddable":true,"href":"https:\/\/gazdasagportal.hu\/index.php\/wp-json\/wp\/v2\/comments?post=82353"}],"version-history":[{"count":1,"href":"https:\/\/gazdasagportal.hu\/index.php\/wp-json\/wp\/v2\/posts\/82353\/revisions"}],"predecessor-version":[{"id":82354,"href":"https:\/\/gazdasagportal.hu\/index.php\/wp-json\/wp\/v2\/posts\/82353\/revisions\/82354"}],"wp:attachment":[{"href":"https:\/\/gazdasagportal.hu\/index.php\/wp-json\/wp\/v2\/media?parent=82353"}],"wp:term":[{"taxonomy":"category","embeddable":true,"href":"https:\/\/gazdasagportal.hu\/index.php\/wp-json\/wp\/v2\/categories?post=82353"},{"taxonomy":"post_tag","embeddable":true,"href":"https:\/\/gazdasagportal.hu\/index.php\/wp-json\/wp\/v2\/tags?post=82353"}],"curies":[{"name":"wp","href":"https:\/\/api.w.org\/{rel}","templated":true}]}}