{"id":82341,"date":"2016-07-15T10:36:22","date_gmt":"2016-07-15T08:36:22","guid":{"rendered":"http:\/\/gazdasagportal.hu\/?p=82341"},"modified":"2016-07-15T10:36:22","modified_gmt":"2016-07-15T08:36:22","slug":"moodys-lefele-tarto-palyan-a-magyar-allamadossag","status":"publish","type":"post","link":"https:\/\/gazdasagportal.hu\/index.php\/moodys-lefele-tarto-palyan-a-magyar-allamadossag\/","title":{"rendered":"Moody&#8217;s: lefel\u00e9 tart\u00f3 p\u00e1ly\u00e1n a magyar \u00e1llamad\u00f3ss\u00e1g"},"content":{"rendered":"<p><strong>Kedvez\u0151 p\u00e1ly\u00e1n marad a magyar \u00e1llamad\u00f3ss\u00e1g-dinamika a 2016-2017-es id\u0151szakban a gazdas\u00e1gi n\u00f6veked\u00e9st terhel\u0151 kih\u00edv\u00e1sok \u00e9s az \u00e1llamh\u00e1ztart\u00e1si hi\u00e1nyc\u00e9lok rev\u00edzi\u00f3i ellen\u00e9re is &#8211; \u00e1ll a Moody&#8217;s Investors Service cs\u00fct\u00f6rt\u00f6k este Londonban ismertetett f\u00e9l\u00e9ves helyzet\u00e9rt\u00e9kel\u00e9s\u00e9ben.<\/strong><!--more--><\/p>\n<div class=\"ads-in-post1\"><div id=\"gazdasagportal.hu_fullbanner_wideboard\"><\/div>\r\n<\/div>\n<p>    A nemzetk\u00f6zi hitelmin\u0151s\u00edt\u0151 &#8222;Ba1&#8221; &#8211; a befektet\u00e9si aj\u00e1nl\u00e1s\u00fa s\u00e1vt\u00f3l egy fokozattal elmarad\u00f3, de felmin\u0151s\u00edt\u00e9s lehet\u0151s\u00e9g\u00e9t jelz\u0151 pozit\u00edv kil\u00e1t\u00e1ssal ell\u00e1tott &#8211; besorol\u00e1ssal tartja nyilv\u00e1n a magyar szuver\u00e9n ad\u00f3ss\u00e1got.<br \/>\n    Cs\u00fct\u00f6rt\u00f6ki elemz\u00e9s\u00e9ben a Moody&#8217;s k\u00f6z\u00f6lte: a k\u00f6vetkez\u0151 k\u00e9t\u00e9vi id\u0151t\u00e1vlatra a magyar \u00e1llamad\u00f3ss\u00e1g-r\u00e1ta enyhe \u00edv\u0171 cs\u00f6kken\u00e9s\u00e9re sz\u00e1m\u00edt, tekintettel a robusztus gazdas\u00e1gi n\u00f6veked\u00e9ssel jellemzett k\u00f6rnyezetre, \u00e9s arra, hogy a korm\u00e1ny elk\u00f6telezett az els\u0151dleges \u00e1llamh\u00e1ztart\u00e1si egyenlegek t\u00f6bblet\u00e9nek fenntart\u00e1sa mellett.<br \/>\n    Ennek alapj\u00e1n a c\u00e9g el\u0151rejelz\u00e9se az, hogy a hazai \u00f6sszterm\u00e9khez (GDP) m\u00e9rt \u00e1llamad\u00f3ss\u00e1g-r\u00e1ta 2016 v\u00e9g\u00e9re valamivel 75 sz\u00e1zal\u00e9k al\u00e1, j\u00f6v\u0151re pedig 74 sz\u00e1zal\u00e9k al\u00e1 cs\u00f6kken.<br \/>\n    A Moody&#8217;s v\u00e9lem\u00e9nye szerint a k\u00f6lts\u00e9gvet\u00e9si keretrendszerben az ut\u00f3bbi id\u0151szakban v\u00e9gbement javul\u00e1s &#8222;ny\u00fajt valamelyes biztos\u00edt\u00e9kot&#8221; arra, hogy a k\u00f6lts\u00e9gvet\u00e9si politika a k\u00f6vetkez\u0151 \u00e9vekben is konzervat\u00edv alap\u00e1ll\u00e1s\u00fa marad. A j\u00f6v\u0151 \u00e9vre tervezett laz\u00e1bb k\u00f6lts\u00e9gvet\u00e9s ugyan j\u00f3r\u00e9szt visszaford\u00edtja a 2015-2016-ban el\u00e9rt hi\u00e1nycs\u00f6kkent\u00e9st, de az alapvet\u0151 magyar \u00e1llamad\u00f3ss\u00e1g-dinamika tov\u00e1bbra is pozit\u00edv &#8211; \u00e1ll a Moody&#8217;s cs\u00fct\u00f6rt\u00f6ki londoni elemz\u00e9s\u00e9ben.<br \/>\n    J\u00f3llehet a magyar gazdas\u00e1g n\u00f6veked\u00e9si \u00fcteme er\u0151teljesen lassult az idei els\u0151 negyed\u00e9vben, a Moody&#8217;s v\u00e9lem\u00e9nye azonban az, hogy a n\u00f6veked\u00e9st terhel\u0151 kih\u00edv\u00e1sok \u00e1tmenetiek \u00e9s kezelhet\u0151k &#8211; hangs\u00falyozza helyzet\u00e9rt\u00e9kel\u00e9s\u00e9ben a hitelmin\u0151s\u00edt\u0151.<br \/>\n    A Moody&#8217;s v\u00e1rakoz\u00e1sa szerint a k\u00f6vetkez\u0151 h\u00f3napokban, az EU-foly\u00f3s\u00edt\u00e1sok \u00fajabb szakasz\u00e1nak indul\u00e1s\u00e1val a beruh\u00e1z\u00e1sok is \u00e9l\u00e9nk\u00fclni fognak, \u00e9s ez, valamint a mag\u00e1nszektorbeli fogyaszt\u00e1s n\u00f6veked\u00e9se \u00e9s a k\u00f6lts\u00e9gvet\u00e9s valamelyes laz\u00edt\u00e1sa a k\u00f6vetkez\u0151 k\u00e9t \u00e9vben val\u00f3sz\u00edn\u0171leg 2-2,5 sz\u00e1zal\u00e9k k\u00f6r\u00fcli \u00e9ves \u00e1tlagn\u00f6veked\u00e9st eredm\u00e9nyez a magyar gazdas\u00e1gban.<br \/>\n    A hitelmin\u0151s\u00edt\u0151 szerint a bankszektor helyzet\u00e9nek javul\u00e1sa is seg\u00edti majd a n\u00f6veked\u00e9si dinamik\u00e1t, mivel a hitelkereslet is fokozatosan \u00e9l\u00e9nk\u00fcl. Az idei \u00e9v v\u00e1rhat\u00f3an fordulatot hoz a magyar bankszektorban a bankad\u00f3 cs\u00f6kkent\u00e9se, a kisz\u00e1m\u00edthat\u00f3bb szakpolitika \u00e9s a javul\u00f3 m\u0171k\u00f6d\u00e9si k\u00f6rnyezet miatt.<br \/>\n    Mindemellett a devizaad\u00f3ss\u00e1g-kitetts\u00e9gekb\u0151l ered\u0151 k\u00fcls\u0151 s\u00e9r\u00fcl\u00e9kenys\u00e9g is jelent\u0151sen cs\u00f6kkent &#8211; hangs\u00falyozza cs\u00fct\u00f6rt\u00f6ki elemz\u00e9s\u00e9ben a Moody&#8217;s.<br \/>\n    A hitelmin\u0151s\u00edt\u0151 idei fel\u00fclvizsg\u00e1lati menetrendj\u00e9ben m\u00falt p\u00e9ntekre t\u0171zte ki a szuver\u00e9n magyar ad\u00f3soszt\u00e1lyzat \u00e9rt\u00e9kel\u00e9s\u00e9nek m\u00e1sodik id\u0151pontj\u00e1t, de a c\u00e9g &#8211; csak\u00fagy, mint az idei els\u0151, m\u00e1rciusi id\u0151pontban &#8211; ez\u00fattal sem vizsg\u00e1lta Magyarorsz\u00e1g \u00e1llamad\u00f3s-besorol\u00e1s\u00e1t, \u00edgy nem jelentett be oszt\u00e1lyzatm\u00f3dos\u00edt\u00e1st sem.<br \/>\n    A londoni elemz\u0151i k\u00f6z\u00f6ss\u00e9g t\u00f6bbs\u00e9gi v\u00e9lem\u00e9nye szerint val\u00f3sz\u00edn\u0171, hogy a Moody&#8217;s az id\u00e9n visszaemeli Magyarorsz\u00e1got a befektet\u00e9si aj\u00e1nl\u00e1s\u00fa \u00e1llamad\u00f3s-oszt\u00e1lyzati kateg\u00f3ri\u00e1ba. A citybeli elemz\u0151k z\u00f6me azonban m\u00e1r a m\u00falt p\u00e9nteki fel\u00fclvizsg\u00e1lati id\u0151pont el\u0151tt nagyobb es\u00e9lyt adott arra, hogy a Moody&#8217;s ezt az idei harmadik, november 4-\u00e9n esed\u00e9kes fel\u00fclvizsg\u00e1laton teszi meg, egyebek mellett az\u00e9rt, mert a hitelmin\u0151s\u00edt\u0151 csak tavaly november \u00f3ta tart \u00e9rv\u00e9nyben felmin\u0151s\u00edt\u00e9s lehet\u0151s\u00e9g\u00e9re utal\u00f3 pozit\u00edv kil\u00e1t\u00e1st a magyar oszt\u00e1lyzatra, \u00e9s az egyes oszt\u00e1lyzati kil\u00e1t\u00e1sok kifut\u00e1si ideje \u00e1tlagosan 12-18 h\u00f3nap. Elemz\u0151i v\u00e9lem\u00e9nyek szerint mindemellett a Moody&#8217;s a felmin\u0151s\u00edt\u00e9s el\u0151tt szeretn\u00e9 l\u00e1tni azt is, hogy mik\u00e9nt teljes\u00edt a magyar gazdas\u00e1g a brit EU-tags\u00e1gr\u00f3l rendezett n\u00e9pszavaz\u00e1s ut\u00e1ni glob\u00e1lis piaci sokk k\u00f6zepette.<br \/>\n    Egy m\u00e1sik nemzetk\u00f6zi hitelmin\u0151s\u00edt\u0151, a Fitch Ratings m\u00e1jus 20-\u00e1n &#8211; a h\u00e1rom nagy c\u00e9g k\u00f6z\u00fcl els\u0151k\u00e9nt &#8211; m\u00e1r visszaemelte a befektet\u00e9si aj\u00e1nl\u00e1s\u00fa oszt\u00e1lyzati s\u00e1vba Magyarorsz\u00e1got, a deviz\u00e1ban kibocs\u00e1tott hossz\u00fa lej\u00e1rat\u00fa szuver\u00e9n magyar ad\u00f3ss\u00e1g\u00e1llom\u00e1ny oszt\u00e1lyzat\u00e1t az addigi &#8222;BB plusz&#8221;-r\u00f3l egy fokozattal &#8222;BBB m\u00ednusz&#8221;-ra jav\u00edtva. Az \u00faj oszt\u00e1lyzat a befektet\u00e9sre aj\u00e1nlott kateg\u00f3ria alapszintje.<br \/>\n    A Moody&#8217;s mellett jelenleg a Standard &#038; Poor&#8217;s is a befektet\u00e9si aj\u00e1nl\u00e1s\u00fa alapszintt\u0151l egy fokozattal elmarad\u00f3, &#8222;BB plusz&#8221; szint\u0171 besorol\u00e1ssal tartja nyilv\u00e1n a hossz\u00fa lej\u00e1rat\u00fa magyar szuver\u00e9n devizaad\u00f3ss\u00e1got. Az S&#038;P magyar besorol\u00e1s\u00e1nak kil\u00e1t\u00e1sa stabil, \u00e9s a londoni elemz\u0151i k\u00f6z\u00f6ss\u00e9gben konszenzusos v\u00e9lem\u00e9ny, hogy a Standard &#038; Poor&#8217;s az id\u00e9n nem m\u00f3dos\u00edtja a magyar \u00e1llamad\u00f3s-besorol\u00e1st.(MTI)<\/p>\n","protected":false},"excerpt":{"rendered":"<p>Kedvez\u0151 p\u00e1ly\u00e1n marad a magyar \u00e1llamad\u00f3ss\u00e1g-dinamika a 2016-2017-es id\u0151szakban a gazdas\u00e1gi n\u00f6veked\u00e9st terhel\u0151 kih\u00edv\u00e1sok \u00e9s az \u00e1llamh\u00e1ztart\u00e1si hi\u00e1nyc\u00e9lok rev\u00edzi\u00f3i ellen\u00e9re is &#8211; \u00e1ll a Moody&#8217;s Investors Service cs\u00fct\u00f6rt\u00f6k este Londonban ismertetett f\u00e9l\u00e9ves helyzet\u00e9rt\u00e9kel\u00e9s\u00e9ben.<\/p>\n","protected":false},"author":1,"featured_media":0,"comment_status":"open","ping_status":"closed","sticky":false,"template":"","format":"standard","meta":[],"categories":[19],"tags":[],"_links":{"self":[{"href":"https:\/\/gazdasagportal.hu\/index.php\/wp-json\/wp\/v2\/posts\/82341"}],"collection":[{"href":"https:\/\/gazdasagportal.hu\/index.php\/wp-json\/wp\/v2\/posts"}],"about":[{"href":"https:\/\/gazdasagportal.hu\/index.php\/wp-json\/wp\/v2\/types\/post"}],"author":[{"embeddable":true,"href":"https:\/\/gazdasagportal.hu\/index.php\/wp-json\/wp\/v2\/users\/1"}],"replies":[{"embeddable":true,"href":"https:\/\/gazdasagportal.hu\/index.php\/wp-json\/wp\/v2\/comments?post=82341"}],"version-history":[{"count":1,"href":"https:\/\/gazdasagportal.hu\/index.php\/wp-json\/wp\/v2\/posts\/82341\/revisions"}],"predecessor-version":[{"id":82342,"href":"https:\/\/gazdasagportal.hu\/index.php\/wp-json\/wp\/v2\/posts\/82341\/revisions\/82342"}],"wp:attachment":[{"href":"https:\/\/gazdasagportal.hu\/index.php\/wp-json\/wp\/v2\/media?parent=82341"}],"wp:term":[{"taxonomy":"category","embeddable":true,"href":"https:\/\/gazdasagportal.hu\/index.php\/wp-json\/wp\/v2\/categories?post=82341"},{"taxonomy":"post_tag","embeddable":true,"href":"https:\/\/gazdasagportal.hu\/index.php\/wp-json\/wp\/v2\/tags?post=82341"}],"curies":[{"name":"wp","href":"https:\/\/api.w.org\/{rel}","templated":true}]}}