{"id":81966,"date":"2016-07-05T08:30:13","date_gmt":"2016-07-05T06:30:13","guid":{"rendered":"http:\/\/gazdasagportal.hu\/?p=81966"},"modified":"2016-07-05T08:30:13","modified_gmt":"2016-07-05T06:30:13","slug":"japan-vadaszrepulok-kinai-vadaszgepeket-vettek-celba-a-kelet-kinai-tenger-felett","status":"publish","type":"post","link":"https:\/\/gazdasagportal.hu\/index.php\/japan-vadaszrepulok-kinai-vadaszgepeket-vettek-celba-a-kelet-kinai-tenger-felett\/","title":{"rendered":"Jap\u00e1n vad\u00e1szrep\u00fcl\u0151k k\u00ednai vad\u00e1szg\u00e9peket vettek c\u00e9lba a Kelet-k\u00ednai tenger felett"},"content":{"rendered":"<p><strong>Jap\u00e1n F-15-\u00f6s t\u00edpus\u00fa neh\u00e9z vad\u00e1szrep\u00fcl\u0151g\u00e9pek vesz\u00e9lyes helyzetet teremtettek a Kelet-k\u00ednai-tenger felett K\u00edna l\u00e9gv\u00e9delmi azonos\u00edt\u00e1si z\u00f3n\u00e1j\u00e1ban (ADIZ) azzal, hogy t\u0171zvezet\u0151 radarjukkal befogt\u00e1k a k\u00ednai l\u00e9gier\u0151 k\u00e9t Su-30-as vad\u00e1szg\u00e9p\u00e9t &#8211; sz\u00e1molt be a k\u00ednai v\u00e9delmi miniszt\u00e9rium k\u00f6zlem\u00e9ny\u00e9re hivatkozva a helyi m\u00e9dia kedden.<\/strong><!--more--><\/p>\n<div class=\"ads-in-post1\"><div id=\"gazdasagportal.hu_fullbanner_wideboard\"><\/div>\r\n<\/div>\n<p>    A k\u00ednai t\u00e1j\u00e9koztat\u00e1s szerint miut\u00e1n a k\u00ednai f\u00e9l (v\u00e1lasz)l\u00e9p\u00e9seket tett, a jap\u00e1n rep\u00fcl\u0151k t\u00e1voztak. Az eset m\u00e9g a m\u00falt h\u00f3nap k\u00f6zep\u00e9n t\u00f6rt\u00e9nt, tov\u00e1bbi r\u00e9szleteket az incidensr\u0151l nem k\u00f6z\u00f6ltek.<br \/>\n    A v\u00e9delmi t\u00e1rca meg\u00e1llap\u00edtotta, hogy a jap\u00e1n vad\u00e1szrep\u00fcl\u0151k &#8222;provokat\u00edv l\u00e9p\u00e9s\u00fckkel&#8221; k\u00f6nnyen balesetet id\u00e9zhettek volna el\u0151, amelyben mindk\u00e9t g\u00e9p szem\u00e9lyzet\u00e9nek biztons\u00e1ga vesz\u00e9lybe ker\u00fcl, \u00e9s ezzel al\u00e1\u00e1st\u00e1k volna a t\u00e9rs\u00e9gi b\u00e9k\u00e9t \u00e9s stabilit\u00e1st.<br \/>\n    Peking a k\u00f6zlem\u00e9nnyel meger\u0151s\u00edtette a jap\u00e1n l\u00e9gv\u00e9delmi er\u0151k egy volt katonai vezet\u0151j\u00e9nek k\u00f6zelm\u00faltbeli nyilatkozat\u00e1ban foglaltakat az incidensr\u0151l, b\u00e1r ezeket a helyettes jap\u00e1n korm\u00e1nysz\u00f3viv\u0151 id\u0151k\u00f6zben c\u00e1folta.<br \/>\n    A k\u00ednai k\u00f6zl\u00e9sre azt k\u00f6vet\u0151en ker\u00fclt sor, hogy toki\u00f3i katonai forr\u00e1sok a kelet-k\u00ednai-tengeri ter\u00fcleteken, illetve azok felett fokozott k\u00ednai katonai aktivit\u00e1st tapasztalnak: az elm\u00falt h\u00e1rom h\u00f3napban k\u00f6r\u00fclbel\u00fcl 200 alkalommal, vagyis csaknem k\u00e9tszer annyiszor kellett s\u00fcrg\u0151ss\u00e9gi okokb\u00f3l vad\u00e1szrep\u00fcl\u0151g\u00e9peket a leveg\u0151be k\u00fcldeni\u00fck, mint egy \u00e9vvel kor\u00e1bban.<br \/>\n    K\u00edna \u00e9s Jap\u00e1n k\u00f6z\u00f6tt \u00e9vek \u00f3ta fagyos a viszony, ami\u00f3ta ki\u00fajult a vita a Kelet-k\u00ednai-tengeren l\u00e9v\u0151 Tiaoj\u00fc\/Szenkaku-szigetek hovatartoz\u00e1sa felett. A szigetcsoport igazgat\u00e1si jog\u00e1t a m\u00e1sodik vil\u00e1gh\u00e1bor\u00fat k\u00f6vet\u0151 1951-es San Francisc\u00f3-i B\u00e9keszerz\u0151d\u00e9sben &#8211; amelyet K\u00edna nem \u00edrt al\u00e1 &#8211; az Egyes\u00fclt \u00c1llamok \u00e1truh\u00e1zta Toki\u00f3ra. Peking viszont az 1943-as Kair\u00f3i Nyilatkozatra \u00e9s az 1945-\u00f6s Potsdami K\u00f6zlem\u00e9nyre hivatkozva k\u00f6veteli vissza a szigetek feletti fennhat\u00f3s\u00e1got.(MTI)<\/p>\n","protected":false},"excerpt":{"rendered":"<p>Jap\u00e1n F-15-\u00f6s t\u00edpus\u00fa neh\u00e9z vad\u00e1szrep\u00fcl\u0151g\u00e9pek vesz\u00e9lyes helyzetet teremtettek a Kelet-k\u00ednai-tenger felett K\u00edna l\u00e9gv\u00e9delmi azonos\u00edt\u00e1si z\u00f3n\u00e1j\u00e1ban (ADIZ) azzal, hogy t\u0171zvezet\u0151 radarjukkal befogt\u00e1k a k\u00ednai l\u00e9gier\u0151 k\u00e9t Su-30-as vad\u00e1szg\u00e9p\u00e9t &#8211; sz\u00e1molt be a k\u00ednai v\u00e9delmi miniszt\u00e9rium k\u00f6zlem\u00e9ny\u00e9re hivatkozva a helyi m\u00e9dia kedden.<\/p>\n","protected":false},"author":1,"featured_media":0,"comment_status":"open","ping_status":"closed","sticky":false,"template":"","format":"standard","meta":[],"categories":[14],"tags":[],"_links":{"self":[{"href":"https:\/\/gazdasagportal.hu\/index.php\/wp-json\/wp\/v2\/posts\/81966"}],"collection":[{"href":"https:\/\/gazdasagportal.hu\/index.php\/wp-json\/wp\/v2\/posts"}],"about":[{"href":"https:\/\/gazdasagportal.hu\/index.php\/wp-json\/wp\/v2\/types\/post"}],"author":[{"embeddable":true,"href":"https:\/\/gazdasagportal.hu\/index.php\/wp-json\/wp\/v2\/users\/1"}],"replies":[{"embeddable":true,"href":"https:\/\/gazdasagportal.hu\/index.php\/wp-json\/wp\/v2\/comments?post=81966"}],"version-history":[{"count":1,"href":"https:\/\/gazdasagportal.hu\/index.php\/wp-json\/wp\/v2\/posts\/81966\/revisions"}],"predecessor-version":[{"id":81967,"href":"https:\/\/gazdasagportal.hu\/index.php\/wp-json\/wp\/v2\/posts\/81966\/revisions\/81967"}],"wp:attachment":[{"href":"https:\/\/gazdasagportal.hu\/index.php\/wp-json\/wp\/v2\/media?parent=81966"}],"wp:term":[{"taxonomy":"category","embeddable":true,"href":"https:\/\/gazdasagportal.hu\/index.php\/wp-json\/wp\/v2\/categories?post=81966"},{"taxonomy":"post_tag","embeddable":true,"href":"https:\/\/gazdasagportal.hu\/index.php\/wp-json\/wp\/v2\/tags?post=81966"}],"curies":[{"name":"wp","href":"https:\/\/api.w.org\/{rel}","templated":true}]}}