{"id":81958,"date":"2016-07-04T18:31:40","date_gmt":"2016-07-04T16:31:40","guid":{"rendered":"http:\/\/gazdasagportal.hu\/?p=81958"},"modified":"2016-07-04T17:32:18","modified_gmt":"2016-07-04T15:32:18","slug":"videken-nott-a-fovarosban-csokkent-az-autotulajdonosok-aranya-egy-felmeres-szerint","status":"publish","type":"post","link":"https:\/\/gazdasagportal.hu\/index.php\/videken-nott-a-fovarosban-csokkent-az-autotulajdonosok-aranya-egy-felmeres-szerint\/","title":{"rendered":"Vid\u00e9ken n\u0151tt, a f\u0151v\u00e1rosban cs\u00f6kkent az aut\u00f3tulajdonosok ar\u00e1nya egy felm\u00e9r\u00e9s szerint"},"content":{"rendered":"<p><strong>Magyarorsz\u00e1gon a vid\u00e9ki v\u00e1rosokban \u00e9l\u0151k 46 sz\u00e1zal\u00e9k\u00e1nak van aut\u00f3ja, a k\u00f6zs\u00e9gekben ugyancsak 46 sz\u00e1zal\u00e9kos ez az ar\u00e1ny a 2008-as 41, illetve 43 sz\u00e1zal\u00e9k ut\u00e1n; ugyanakkor a budapestiek 35 sz\u00e1zal\u00e9k\u00e1nak van saj\u00e1t szem\u00e9lyg\u00e9pkocsija a nyolc \u00e9vvel ezel\u0151tti 42 sz\u00e1zal\u00e9kkal szemben &#8211; der\u00fcl ki a Bosch Kft. megb\u00edz\u00e1s\u00e1b\u00f3l k\u00e9sz\u00edtett kutat\u00e1sb\u00f3l.<\/strong><!--more--><\/p>\n<div class=\"ads-in-post1\"><div id=\"gazdasagportal.hu_fullbanner_wideboard\"><\/div>\r\n<\/div>\n<p>    A t\u00e1rsas\u00e1g h\u00e9tf\u0151i t\u00e1j\u00e9koztat\u00e1sa szerint a Medi\u00e1n K\u00f6zv\u00e9lem\u00e9ny- \u00e9s Piackutat\u00f3 Int\u00e9zet 2008 \u00f3ta k\u00e9t\u00e9vente orsz\u00e1gos reprezentat\u00edv kutat\u00e1s keret\u00e9ben m\u00e9ri fel a magyar aut\u00f3haszn\u00e1lati szok\u00e1sokat, a minta \u00e9letkor, nem, iskolai v\u00e9gzetts\u00e9g \u00e9s lak\u00f3hely szempontj\u00e1b\u00f3l reprezentat\u00edv a 18 \u00e9ven fel\u00fcli magyar lakoss\u00e1got tekintve.<br \/>\n    Az els\u0151, 2008-as kutat\u00e1s eredm\u00e9nyei szerint Magyarorsz\u00e1gon a h\u00e1ztart\u00e1sok 42 sz\u00e1zal\u00e9ka rendelkezett aut\u00f3val. Az ar\u00e1ny 2010-ben el\u00e9rte a 45 sz\u00e1zal\u00e9kot, ezut\u00e1n a mutat\u00f3 cs\u00f6kkenni, majd ism\u00e9t n\u0151ni kezdett. Az idei felm\u00e9r\u00e9s szerint 44 sz\u00e1zal\u00e9knak van szem\u00e9lyg\u00e9pkocsija.<br \/>\n    \u00c9rz\u00e9kelhet\u0151 az aut\u00f3park \u00f6reged\u00e9se, 2008-ban 10 \u00e9v volt az aut\u00f3\u00e1llom\u00e1ny \u00e1tlag\u00e9letkora, m\u00edg 2016-ban m\u00e1r 13,2 \u00e9v.<br \/>\n    A benzin-, a d\u00edzel- \u00e9s az egy\u00e9b (g\u00e1z, elektromos) meghajt\u00e1s\u00fa aut\u00f3k ar\u00e1nya 2008 \u00e9s 2014 k\u00f6z\u00f6tt alig v\u00e1ltozott, a hazai aut\u00f3sok 85-86 sz\u00e1zal\u00e9k\u00e1nak benzines, 13-14 sz\u00e1zal\u00e9k\u00e1nak d\u00edzel, 1 sz\u00e1zal\u00e9k\u00e1nak pedig egy\u00e9b meghajt\u00e1s\u00fa j\u00e1rm\u0171ve volt. 2016-ra ezek az ar\u00e1nyok a d\u00edzelmeghajt\u00e1s jav\u00e1ra billentek: a megk\u00e9rdezettek 82 sz\u00e1zal\u00e9ka benzines, 18 sz\u00e1zal\u00e9ka pedig d\u00edzelaut\u00f3t haszn\u00e1l.<br \/>\n    A Bosch aut\u00f3haszn\u00e1lati kutat\u00e1s\u00e1nak 2008-as kezdete \u00f3ta az id\u00e9n els\u0151 alkalommal nem volt kimutathat\u00f3 statisztikailag a g\u00e1z \u00e9s elektromos, az egy\u00e9b j\u00e1rm\u0171vekkel rendelkez\u0151k ar\u00e1nya  &#8211; k\u00f6z\u00f6lt\u00e9k.(MTI)<\/p>\n","protected":false},"excerpt":{"rendered":"<p>Magyarorsz\u00e1gon a vid\u00e9ki v\u00e1rosokban \u00e9l\u0151k 46 sz\u00e1zal\u00e9k\u00e1nak van aut\u00f3ja, a k\u00f6zs\u00e9gekben ugyancsak 46 sz\u00e1zal\u00e9kos ez az ar\u00e1ny a 2008-as 41, illetve 43 sz\u00e1zal\u00e9k ut\u00e1n; ugyanakkor a budapestiek 35 sz\u00e1zal\u00e9k\u00e1nak van saj\u00e1t szem\u00e9lyg\u00e9pkocsija a nyolc \u00e9vvel ezel\u0151tti 42 sz\u00e1zal\u00e9kkal szemben &#8211; der\u00fcl ki a Bosch Kft. megb\u00edz\u00e1s\u00e1b\u00f3l k\u00e9sz\u00edtett kutat\u00e1sb\u00f3l.<\/p>\n","protected":false},"author":1,"featured_media":0,"comment_status":"open","ping_status":"closed","sticky":false,"template":"","format":"standard","meta":[],"categories":[19],"tags":[],"_links":{"self":[{"href":"https:\/\/gazdasagportal.hu\/index.php\/wp-json\/wp\/v2\/posts\/81958"}],"collection":[{"href":"https:\/\/gazdasagportal.hu\/index.php\/wp-json\/wp\/v2\/posts"}],"about":[{"href":"https:\/\/gazdasagportal.hu\/index.php\/wp-json\/wp\/v2\/types\/post"}],"author":[{"embeddable":true,"href":"https:\/\/gazdasagportal.hu\/index.php\/wp-json\/wp\/v2\/users\/1"}],"replies":[{"embeddable":true,"href":"https:\/\/gazdasagportal.hu\/index.php\/wp-json\/wp\/v2\/comments?post=81958"}],"version-history":[{"count":1,"href":"https:\/\/gazdasagportal.hu\/index.php\/wp-json\/wp\/v2\/posts\/81958\/revisions"}],"predecessor-version":[{"id":81959,"href":"https:\/\/gazdasagportal.hu\/index.php\/wp-json\/wp\/v2\/posts\/81958\/revisions\/81959"}],"wp:attachment":[{"href":"https:\/\/gazdasagportal.hu\/index.php\/wp-json\/wp\/v2\/media?parent=81958"}],"wp:term":[{"taxonomy":"category","embeddable":true,"href":"https:\/\/gazdasagportal.hu\/index.php\/wp-json\/wp\/v2\/categories?post=81958"},{"taxonomy":"post_tag","embeddable":true,"href":"https:\/\/gazdasagportal.hu\/index.php\/wp-json\/wp\/v2\/tags?post=81958"}],"curies":[{"name":"wp","href":"https:\/\/api.w.org\/{rel}","templated":true}]}}