{"id":81954,"date":"2016-07-04T16:59:28","date_gmt":"2016-07-04T14:59:28","guid":{"rendered":"http:\/\/gazdasagportal.hu\/?p=81954"},"modified":"2016-07-04T16:59:28","modified_gmt":"2016-07-04T14:59:28","slug":"szeptemberben-folytatodnak-a-minimalber-targyalasok","status":"publish","type":"post","link":"https:\/\/gazdasagportal.hu\/index.php\/szeptemberben-folytatodnak-a-minimalber-targyalasok\/","title":{"rendered":"Szeptemberben folytat\u00f3dnak a minim\u00e1lb\u00e9r-t\u00e1rgyal\u00e1sok"},"content":{"rendered":"<p><strong>Szeptemberben folytat\u00f3dnak a minim\u00e1lb\u00e9r-t\u00e1rgyal\u00e1sok; a korm\u00e1ny c\u00e9lja, hogy a minim\u00e1lb\u00e9r-emel\u00e9s m\u00e9rt\u00e9ke a szoci\u00e1lis partnerekkel val\u00f3 meg\u00e1llapod\u00e1s eredm\u00e9nyek\u00e9nt sz\u00fclessen meg &#8211; hangs\u00falyozta Varga Mih\u00e1ly nemzetgazdas\u00e1gi miniszter a Versenyszf\u00e9ra \u00e9s a Korm\u00e1ny \u00c1lland\u00f3 Konzult\u00e1ci\u00f3s F\u00f3rum\u00e1nak (VKF) test\u00fcleti \u00fcl\u00e9s\u00e9n a Nemzetgazdas\u00e1gi Miniszt\u00e9rium (NGM) h\u00e9tf\u0151i, MTI-hez eljuttatott k\u00f6zlem\u00e9nye szerint.<\/strong><!--more--><\/p>\n<div class=\"ads-in-post1\"><div id=\"gazdasagportal.hu_fullbanner_wideboard\"><\/div>\r\n<\/div>\n<p>    Hozz\u00e1tette: a magyar gazdas\u00e1g versenyk\u00e9pess\u00e9g\u00e9t fenn kell tartani, ehhez pedig t\u00f6bb ter\u00fcleten is jelent\u0151s b\u00e9remel\u00e9sre van sz\u00fcks\u00e9g a k\u00e9pzett munkaer\u0151 megtart\u00e1sa \u00e9rdek\u00e9ben.<br \/>\n    A korm\u00e1ny a k\u00f6zszf\u00e9ra dolgoz\u00f3ival egyeztetve v\u00e1llalt konkr\u00e9t k\u00f6telezetts\u00e9geket a b\u00e9remel\u00e9sek m\u00e9rt\u00e9k\u00e9re. A k\u00f6zszf\u00e9r\u00e1ban folyamatosak a b\u00e9remel\u00e9sek, t\u00f6bbek k\u00f6z\u00f6tt a tan\u00e1rokn\u00e1l, a rendv\u00e9delmi szervekn\u00e9l, az eg\u00e9szs\u00e9g\u00fcgyben is t\u00f6bb \u00e9ves \u00e9letp\u00e1lyamodellek val\u00f3sulnak meg &#8211; eml\u00e9keztetett.<br \/>\n    Kit\u00e9rt arra: az ad\u00f3t\u00f6rv\u00e9nyeket az\u00e9rt fogadta el a parlament m\u00e9g az \u00e9v els\u0151 fel\u00e9ben, hogy mindenkinek kell\u0151 id\u0151 \u00e1lljon rendelkez\u00e9sre a felk\u00e9sz\u00fcl\u00e9sre. A nemzetgazdas\u00e1gi miniszter a magyar munkav\u00e1llal\u00f3k nagy-britanniai munkav\u00e1llal\u00e1s\u00e1val kapcsolatban ismertette, hogy a korm\u00e1ny sz\u00e1m\u00e1ra tov\u00e1bbra is kiemelt k\u00e9rd\u00e9s a szigetorsz\u00e1gban dolgoz\u00f3 magyarok helyzete.<br \/>\n    A felek egyet\u00e9rtettek abban, hogy a bizonytalan k\u00fcls\u0151 gazdas\u00e1gi t\u00e9nyez\u0151k miatt szeptemberben c\u00e9lszer\u0171 folytatni a minim\u00e1lb\u00e9r-t\u00e1rgyal\u00e1sokat.<br \/>\n    A konzult\u00e1ci\u00f3n a partnerek t\u00e1rgyaltak a sztr\u00e1jkjogr\u00f3l sz\u00f3l\u00f3 t\u00f6rv\u00e9nym\u00f3dos\u00edt\u00e1s el\u0151k\u00e9sz\u00edt\u00e9s\u00e9r\u0151l, bizonyos, vesz\u00e9lyeztetett munkak\u00f6r\u00f6kben dolgoz\u00f3k helyzet\u00e9nek jav\u00edt\u00e1s\u00e1r\u00f3l, illetve a kritikuss\u00e1 v\u00e1l\u00f3 munkaer\u0151hi\u00e1nyra a Magyar Gy\u00e1riparosok Orsz\u00e1gos Sz\u00f6vets\u00e9ge (MGYOSZ) \u00e1ltal kidolgozott javaslatokr\u00f3l is &#8211; olvashat\u00f3 a t\u00e1rca k\u00f6zlem\u00e9ny\u00e9ben.(MTI)<\/p>\n","protected":false},"excerpt":{"rendered":"<p>Szeptemberben folytat\u00f3dnak a minim\u00e1lb\u00e9r-t\u00e1rgyal\u00e1sok; a korm\u00e1ny c\u00e9lja, hogy a minim\u00e1lb\u00e9r-emel\u00e9s m\u00e9rt\u00e9ke a szoci\u00e1lis partnerekkel val\u00f3 meg\u00e1llapod\u00e1s eredm\u00e9nyek\u00e9nt sz\u00fclessen meg &#8211; hangs\u00falyozta Varga Mih\u00e1ly nemzetgazdas\u00e1gi miniszter a Versenyszf\u00e9ra \u00e9s a Korm\u00e1ny \u00c1lland\u00f3 Konzult\u00e1ci\u00f3s F\u00f3rum\u00e1nak (VKF) test\u00fcleti \u00fcl\u00e9s\u00e9n a Nemzetgazdas\u00e1gi Miniszt\u00e9rium (NGM) h\u00e9tf\u0151i, MTI-hez eljuttatott k\u00f6zlem\u00e9nye szerint.<\/p>\n","protected":false},"author":1,"featured_media":0,"comment_status":"open","ping_status":"closed","sticky":false,"template":"","format":"standard","meta":[],"categories":[19],"tags":[],"_links":{"self":[{"href":"https:\/\/gazdasagportal.hu\/index.php\/wp-json\/wp\/v2\/posts\/81954"}],"collection":[{"href":"https:\/\/gazdasagportal.hu\/index.php\/wp-json\/wp\/v2\/posts"}],"about":[{"href":"https:\/\/gazdasagportal.hu\/index.php\/wp-json\/wp\/v2\/types\/post"}],"author":[{"embeddable":true,"href":"https:\/\/gazdasagportal.hu\/index.php\/wp-json\/wp\/v2\/users\/1"}],"replies":[{"embeddable":true,"href":"https:\/\/gazdasagportal.hu\/index.php\/wp-json\/wp\/v2\/comments?post=81954"}],"version-history":[{"count":1,"href":"https:\/\/gazdasagportal.hu\/index.php\/wp-json\/wp\/v2\/posts\/81954\/revisions"}],"predecessor-version":[{"id":81955,"href":"https:\/\/gazdasagportal.hu\/index.php\/wp-json\/wp\/v2\/posts\/81954\/revisions\/81955"}],"wp:attachment":[{"href":"https:\/\/gazdasagportal.hu\/index.php\/wp-json\/wp\/v2\/media?parent=81954"}],"wp:term":[{"taxonomy":"category","embeddable":true,"href":"https:\/\/gazdasagportal.hu\/index.php\/wp-json\/wp\/v2\/categories?post=81954"},{"taxonomy":"post_tag","embeddable":true,"href":"https:\/\/gazdasagportal.hu\/index.php\/wp-json\/wp\/v2\/tags?post=81954"}],"curies":[{"name":"wp","href":"https:\/\/api.w.org\/{rel}","templated":true}]}}