{"id":81934,"date":"2016-07-04T10:01:10","date_gmt":"2016-07-04T08:01:10","guid":{"rendered":"http:\/\/gazdasagportal.hu\/?p=81934"},"modified":"2016-07-04T10:01:35","modified_gmt":"2016-07-04T08:01:35","slug":"penteken-iteletet-mond-hazankrol-a-moodys","status":"publish","type":"post","link":"https:\/\/gazdasagportal.hu\/index.php\/penteken-iteletet-mond-hazankrol-a-moodys\/","title":{"rendered":"P\u00e9nteken \u00edt\u00e9letet mond haz\u00e1nkr\u00f3l a Moody&#8217;s"},"content":{"rendered":"<p><strong>A h\u00e9ten a p\u00e9nteki napra v\u00e1rnak a magyar befektet\u0151k, amikor reggel kilenckor a Statisztikai Hivatal az infl\u00e1ci\u00f3s adatokat hozza nyilv\u00e1noss\u00e1gra, piacz\u00e1r\u00e1s ut\u00e1n pedig a Moody\u2019s k\u00f6z\u00f6lheti v\u00e9lem\u00e9ny\u00e9t a magyar ad\u00f3ss\u00e1g besorol\u00e1s\u00e1r\u00f3l. &#8211; mondta el Kiss M\u00f3nika, az Equilor vezet\u0151 elemz\u0151je.<\/strong><!--more--><\/p>\n<div class=\"ads-in-post1\"><div id=\"gazdasagportal.hu_fullbanner_wideboard\"><\/div>\r\n<\/div>\n<p>A f\u00fcggetlens\u00e9g napja van maAmerik\u00e1ban, ez\u00e9rt ma nincs keresked\u00e9s az USA-ban. Alacsonyabb forgalomra sz\u00e1m\u00edthatunk a h\u00e9t nyit\u00f3napj\u00e1n, f\u0151bb makroadatok n\u00e9lk\u00fcl.<\/p>\n<p>Holnap \u00e9s szerd\u00e1n nemzeti \u00fcnnepek miatt z\u00e1rva tart a cseh t\u0151zsde, melyen az elm\u00falt h\u00e9ten a Brexit aggodalmak csitul\u00e1s\u00e1val a CEZ \u00e9s a Moneta r\u00e9szv\u00e9nyei is t\u00f6bb, mint 6%-ot tudtak emelkedni.<\/p><div id=\"gazda-2126834219\" class=\"gazda-tartalomban gazda-entity-placement\"><script async src=\"https:\/\/pagead2.googlesyndication.com\/pagead\/js\/adsbygoogle.js\"><\/script>\r\n<ins class=\"adsbygoogle\"\r\n     style=\"display:block\"\r\n     data-ad-format=\"fluid\"\r\n     data-ad-layout-key=\"-6t+ed+2i-1n-4w\"\r\n     data-ad-client=\"ca-pub-1959107119989764\"\r\n     data-ad-slot=\"4008251320\"><\/ins>\r\n<script>\r\n     (adsbygoogle = window.adsbygoogle || []).push({});\r\n<\/script><\/div>\n<p>A h\u00e9ten a p\u00e9nteki napra v\u00e1rnak a magyar befektet\u0151k, amikor reggel kilenckor a Statisztikai Hivatal az infl\u00e1ci\u00f3s adatokat hozza nyilv\u00e1noss\u00e1gra, piacz\u00e1r\u00e1s ut\u00e1n pedig a Moody&#8217;s k\u00f6z\u00f6lheti v\u00e9lem\u00e9ny\u00e9t a magyar ad\u00f3ss\u00e1g besorol\u00e1s\u00e1r\u00f3l. Jelenleg a hitelmin\u0151s\u00edt\u0151n\u00e9l egy osztattal a befektet\u00e9sre aj\u00e1nlott kateg\u00f3ria alatt \u00e1ll a magyar besorol\u00e1s, a Brexit kih\u00edv\u00e1sai \u00e9s a k\u00f6lts\u00e9gvet\u00e9si folyamatok azonban \u0151szre vagy 2017-re tolhatj\u00e1k a v\u00e1rt m\u00e1sodik felmin\u0151s\u00edt\u00e9st. A makroadatok k\u00f6z\u00fcl a p\u00e9nteki infl\u00e1ci\u00f3s adat tov\u00e1bbra is kifejezetten alacsony \u00e1rnyom\u00e1st mutathat, m\u00edg a szerd\u00e1n k\u00f6zlend\u0151 m\u00e1jusi ipari termel\u00e9si adatokb\u00f3l m\u00e1r a k\u00f6vetkez\u0151 negyed\u00e9ves GDP fontos komponens\u00e9re k\u00f6vetkeztethet\u00fcnk. \u00c1prilisban \u00e9ves alapon 5% feletti n\u00f6veked\u00e9st mutatott az adat, amely egy\u00e9bk\u00e9nt igen v\u00e1ltoz\u00e9kony, de az el\u0151rejelz\u00e9sek m\u00e1jusra is hasonl\u00f3an magas sz\u00e1mot jeleznek el\u0151re.<\/p>\n<p><iframe loading=\"lazy\" width=\"509\" height=\"319\" src=\"http:\/\/gazdasagtv.hu\/iframe.php?id=10424\" style=\"border: none; overflow: hidden\" scrolling=\"no\"><\/iframe><br \/>Forr\u00e1s: <a href=\"http:\/\/gazdasagtv.hu\" style=\"color: #df1100; font-weight: bold; text-decoration: none;\" target=\"_blank\" rel=\"noopener\">Gazdas\u00e1gTV.hu<\/a><\/p>\n","protected":false},"excerpt":{"rendered":"<p>A h\u00e9ten a p\u00e9nteki napra v\u00e1rnak a magyar befektet\u0151k, amikor reggel kilenckor a Statisztikai Hivatal az infl\u00e1ci\u00f3s adatokat hozza nyilv\u00e1noss\u00e1gra, piacz\u00e1r\u00e1s ut\u00e1n pedig a Moody\u2019s k\u00f6z\u00f6lheti v\u00e9lem\u00e9ny\u00e9t a magyar ad\u00f3ss\u00e1g besorol\u00e1s\u00e1r\u00f3l. &#8211; mondta el Kiss M\u00f3nika, az Equilor vezet\u0151 elemz\u0151je.<\/p>\n","protected":false},"author":1,"featured_media":64424,"comment_status":"open","ping_status":"closed","sticky":false,"template":"","format":"standard","meta":[],"categories":[146,19,7],"tags":[],"_links":{"self":[{"href":"https:\/\/gazdasagportal.hu\/index.php\/wp-json\/wp\/v2\/posts\/81934"}],"collection":[{"href":"https:\/\/gazdasagportal.hu\/index.php\/wp-json\/wp\/v2\/posts"}],"about":[{"href":"https:\/\/gazdasagportal.hu\/index.php\/wp-json\/wp\/v2\/types\/post"}],"author":[{"embeddable":true,"href":"https:\/\/gazdasagportal.hu\/index.php\/wp-json\/wp\/v2\/users\/1"}],"replies":[{"embeddable":true,"href":"https:\/\/gazdasagportal.hu\/index.php\/wp-json\/wp\/v2\/comments?post=81934"}],"version-history":[{"count":1,"href":"https:\/\/gazdasagportal.hu\/index.php\/wp-json\/wp\/v2\/posts\/81934\/revisions"}],"predecessor-version":[{"id":81935,"href":"https:\/\/gazdasagportal.hu\/index.php\/wp-json\/wp\/v2\/posts\/81934\/revisions\/81935"}],"wp:featuredmedia":[{"embeddable":true,"href":"https:\/\/gazdasagportal.hu\/index.php\/wp-json\/wp\/v2\/media\/64424"}],"wp:attachment":[{"href":"https:\/\/gazdasagportal.hu\/index.php\/wp-json\/wp\/v2\/media?parent=81934"}],"wp:term":[{"taxonomy":"category","embeddable":true,"href":"https:\/\/gazdasagportal.hu\/index.php\/wp-json\/wp\/v2\/categories?post=81934"},{"taxonomy":"post_tag","embeddable":true,"href":"https:\/\/gazdasagportal.hu\/index.php\/wp-json\/wp\/v2\/tags?post=81934"}],"curies":[{"name":"wp","href":"https:\/\/api.w.org\/{rel}","templated":true}]}}