{"id":81869,"date":"2016-07-01T13:24:55","date_gmt":"2016-07-01T11:24:55","guid":{"rendered":"http:\/\/gazdasagportal.hu\/?p=81869"},"modified":"2016-07-01T13:24:55","modified_gmt":"2016-07-01T11:24:55","slug":"az-mvm-net-a-450alliance-nemzetkozi-tavkozlesi-szervezet-tagjava-valt","status":"publish","type":"post","link":"https:\/\/gazdasagportal.hu\/index.php\/az-mvm-net-a-450alliance-nemzetkozi-tavkozlesi-szervezet-tagjava-valt\/","title":{"rendered":"Az MVM NET a 450Alliance nemzetk\u00f6zi t\u00e1vk\u00f6zl\u00e9si szervezet tagj\u00e1v\u00e1 v\u00e1lt"},"content":{"rendered":"<p><strong>Csatlakozott\u00a0a 450MHz-es frekvencias\u00e1v haszn\u00e1lat\u00e1ban \u00e9rdekelt szolg\u00e1ltat\u00f3kat, berendez\u00e9sgy\u00e1rt\u00f3kat, felhaszn\u00e1l\u00f3kat, szab\u00e1lyoz\u00f3i test\u00fcleteket t\u00f6m\u00f6r\u00edt\u0151 450Alliance szervezethez az MVM Csoport t\u00e1vk\u00f6zl\u00e9si tagv\u00e1llalata, az MVM NET T\u00e1vk\u00f6zl\u00e9si Szolg\u00e1ltat\u00f3 Zrt.<\/strong><!--more--><\/p>\n<div class=\"ads-in-post1\"><div id=\"gazdasagportal.hu_fullbanner_wideboard\"><\/div>\r\n<\/div>\n<ul>\n<li>A sz\u00f6vets\u00e9g a 450MHz-es frekvencias\u00e1v haszn\u00e1lat\u00e1ban \u00e9rdekelt t\u00e1vk\u00f6zl\u00e9si szolg\u00e1ltat\u00f3kat, berendez\u00e9sgy\u00e1rt\u00f3kat, felhaszn\u00e1l\u00f3kat, szab\u00e1lyoz\u00f3i test\u00fcleteket t\u00f6m\u00f6r\u00edt\u0151 szervezet.<\/li>\n<\/ul>\n<p>&nbsp;<\/p>\n<ul>\n<li>Az MVM NET szakemberei komoly szakmai \u00e9rdekl\u0151d\u00e9s mellett mutatt\u00e1k be a nemzetk\u00f6zi szinten is innov\u00e1ci\u00f3nak sz\u00e1m\u00edt\u00f3 magyarorsz\u00e1gi LTE450-es mobil adat\u00e1tviteli h\u00e1l\u00f3zatot a szervezet amszterdami \u00e9ves \u00f6sszej\u00f6vetel\u00e9n.<\/li>\n<\/ul>\n<p>&nbsp;<\/p><div id=\"gazda-1450523130\" class=\"gazda-tartalomban gazda-entity-placement\"><script async src=\"https:\/\/pagead2.googlesyndication.com\/pagead\/js\/adsbygoogle.js\"><\/script>\r\n<ins class=\"adsbygoogle\"\r\n     style=\"display:block\"\r\n     data-ad-format=\"fluid\"\r\n     data-ad-layout-key=\"-6t+ed+2i-1n-4w\"\r\n     data-ad-client=\"ca-pub-1959107119989764\"\r\n     data-ad-slot=\"4008251320\"><\/ins>\r\n<script>\r\n     (adsbygoogle = window.adsbygoogle || []).push({});\r\n<\/script><\/div>\n<ul>\n<li>A tags\u00e1g r\u00e9v\u00e9n az MVM Csoport t\u00e1vk\u00f6zl\u00e9si tagv\u00e1llalata els\u0151 k\u00e9zb\u0151l \u00e9rtes\u00fclhet a technol\u00f3gi\u00e1t \u00e9rint\u0151 fejleszt\u00e9sekr\u0151l, a nemzetk\u00f6zi tud\u00e1sb\u00e1zis hozz\u00e1j\u00e1rul a t\u00e1rsas\u00e1g \u00e1ltal \u00fczemeltetett hazai h\u00e1l\u00f3zat lehet\u0151s\u00e9geinek min\u00e9l jobb kihaszn\u00e1l\u00e1s\u00e1hoz, valamint a szolg\u00e1ltat\u00e1sok tov\u00e1bbfejleszt\u00e9s\u00e9hez.<\/li>\n<\/ul>\n<p>&nbsp;<\/p>\n<p>Csatlakozott a 450MHz-es frekvencias\u00e1v haszn\u00e1lat\u00e1ban \u00e9rdekelt szolg\u00e1ltat\u00f3kat, berendez\u00e9sgy\u00e1rt\u00f3kat, felhaszn\u00e1l\u00f3kat, szab\u00e1lyoz\u00f3i test\u00fcleteket t\u00f6m\u00f6r\u00edt\u0151 450Alliance szervezethez az MVM Csoport t\u00e1vk\u00f6zl\u00e9si tagv\u00e1llalata, az MVM NET T\u00e1vk\u00f6zl\u00e9si Szolg\u00e1ltat\u00f3 Zrt. Ez\u00e1ltal a t\u00e1rsas\u00e1g szakemberei els\u0151 k\u00e9zb\u0151l \u00e9rtes\u00fclhetnek a technol\u00f3gi\u00e1t \u00e9rint\u0151 fejleszt\u00e9sekr\u0151l, szolg\u00e1ltat\u00e1si lehet\u0151s\u00e9gekr\u0151l, frekvenciahaszn\u00e1latot \u00e9rint\u0151 k\u00e9rd\u00e9sekr\u0151l, mely inform\u00e1ci\u00f3k hozz\u00e1j\u00e1rulnak a mobil adat\u00e1tviteli h\u00e1l\u00f3zat lehet\u0151s\u00e9geinek min\u00e9l jobb kihaszn\u00e1l\u00e1s\u00e1hoz, valamint a szolg\u00e1ltat\u00e1sok tov\u00e1bbfejleszt\u00e9s\u00e9hez.<\/p>\n<p>&nbsp;<\/p>\n<p>A nemzetk\u00f6zi szervezet \u00e9vente megrendezett amszterdami \u00f6sszej\u00f6vetel\u00e9n m\u00e1ris komoly \u00e9rdekl\u0151d\u00e9s \u00f6vezte az MVM NET prezent\u00e1ci\u00f3j\u00e1t, amely keret\u00e9ben a t\u00e1rsas\u00e1g bemutatta a szek\u00e9rt\u0151i k\u00f6z\u00f6ns\u00e9g el\u0151tt a 2016-ban \u00e1tadott LTE450-es mobil adat\u00e1tviteli h\u00e1l\u00f3zat\u00e1t. Az MVM NET Eur\u00f3pa egyik els\u0151 4. gener\u00e1ci\u00f3s, vagyis LTE h\u00e1l\u00f3zat\u00e1t \u00e9p\u00edtette ki a 450 MHz-es frekvenci\u00e1n.<\/p>\n<p>&nbsp;<\/p>\n<p>Az MVM NET 2016. \u00e1prilis elej\u00e9n elind\u00edtotta szolg\u00e1ltat\u00e1sait LTE450MHz-es mobil adat\u00e1tviteli h\u00e1l\u00f3zat\u00e1n. A korm\u00e1nyzati \u00e9s \u00fczleti \u00fcgyfeleket kiszolg\u00e1l\u00f3 h\u00e1l\u00f3zaton nagysebess\u00e9g\u0171 adat\u00e1tviteli szolg\u00e1ltat\u00e1sok, valamint M2M alkalmaz\u00e1sok kiszolg\u00e1l\u00e1s\u00e1ra kissebess\u00e9g\u0171 adat\u00e1tviteli szolg\u00e1ltat\u00e1sok \u00e9rhet\u0151ek el Magyarorsz\u00e1g teljes ter\u00fclet\u00e9n.<\/p>\n<p>&nbsp;<\/p>\n<p>&nbsp;<\/p>\n<p>&nbsp;<\/p>\n<p><strong>MVM NET T\u00e1vk\u00f6zl\u00e9si Szolg\u00e1ltat\u00f3 Zrt.<\/strong><\/p>\n<p>&nbsp;<\/p>\n<p>Az MVM NET Zrt. az MVM Csoport t\u00e1vk\u00f6zl\u00e9si szolg\u00e1ltat\u00e1sokat ny\u00fajt\u00f3 tagv\u00e1llalata.<\/p>\n<p>Az MVM Zrt. t\u00e1vk\u00f6zl\u00e9si tev\u00e9kenys\u00e9ge t\u00f6bb mint \u00f6t \u00e9vtizedes m\u00faltra tekint vissza. C\u00e9lja kezdetben a rendszerir\u00e1ny\u00edt\u00e1s, az \u00fczemi folyamatok kiszolg\u00e1l\u00e1sa volt. Az infokommunik\u00e1ci\u00f3 ter\u00fclet\u00e9n zajl\u00f3 fejl\u0151d\u00e9sek, a megn\u00f6vekedett kapacit\u00e1sig\u00e9nyek sz\u00fcks\u00e9gess\u00e9, a villamos h\u00e1l\u00f3zat korszer\u0171s\u00edt\u00e9se pedig lehet\u0151v\u00e9 tett\u00e9k a t\u00e1vk\u00f6zl\u00e9si h\u00e1l\u00f3zat fejleszt\u00e9s\u00e9t. A Nemzeti T\u00e1vk\u00f6zl\u00e9si Gerinch\u00e1l\u00f3zat (NTG) \u00fczemeltet\u00e9s\u00e9vel 2012. \u00f3ta az MVM NET v\u00e9gzi a korm\u00e1nyzati c\u00e9l\u00fa t\u00e1vk\u00f6zl\u00e9si tev\u00e9kenys\u00e9gek biztos\u00edt\u00e1s\u00e1t korszer\u0171, nagy kapacit\u00e1s\u00fa \u00e9s kimagasl\u00f3 megb\u00edzhat\u00f3s\u00e1g\u00fa, t\u00f6bb mint 6200 km hossz\u00fa optikai gerinch\u00e1l\u00f3zat\u00e1n kereszt\u00fcl. Az MVM NET Zrt. ma a villamosenergetikai, rendszer\u00e9rdek\u0171 t\u00e1vk\u00f6zl\u00e9si h\u00e1l\u00f3zat haszn\u00e1lat\u00e1nak biztos\u00edt\u00e1sa \u00e9s a korm\u00e1nyzati c\u00e9l\u00fa Nemzeti T\u00e1vk\u00f6zl\u00e9si Gerinch\u00e1l\u00f3zat m\u0171k\u00f6dtet\u00e9se mellett orsz\u00e1gos szint\u0171 infrastrukt\u00far\u00e1j\u00e1n kereszt\u00fcl ny\u00fajt szolg\u00e1ltat\u00e1sokat piaci \u00fcgyfelek r\u00e9sz\u00e9re. Az LTE450 mobil adath\u00e1l\u00f3zat-fejleszt\u00e9si projekt r\u00e9v\u00e9n a v\u00e1llalat szolg\u00e1ltat\u00e1sai 2016-ban mobil technol\u00f3gi\u00e1val is kieg\u00e9sz\u00fcltek. Tov\u00e1bbi inform\u00e1ci\u00f3: <a href=\"http:\/\/www.mvmnet.hu\" target=\"_blank\" rel=\"noopener\">www.mvmnet.hu<\/a><\/p>\n","protected":false},"excerpt":{"rendered":"<p>Csatlakozott\u00a0a 450MHz-es frekvencias\u00e1v haszn\u00e1lat\u00e1ban \u00e9rdekelt szolg\u00e1ltat\u00f3kat, berendez\u00e9sgy\u00e1rt\u00f3kat, felhaszn\u00e1l\u00f3kat, szab\u00e1lyoz\u00f3i test\u00fcleteket t\u00f6m\u00f6r\u00edt\u0151 450Alliance szervezethez az MVM Csoport t\u00e1vk\u00f6zl\u00e9si tagv\u00e1llalata, az MVM NET T\u00e1vk\u00f6zl\u00e9si Szolg\u00e1ltat\u00f3 Zrt.<\/p>\n","protected":false},"author":1,"featured_media":0,"comment_status":"open","ping_status":"closed","sticky":false,"template":"","format":"standard","meta":[],"categories":[19],"tags":[],"_links":{"self":[{"href":"https:\/\/gazdasagportal.hu\/index.php\/wp-json\/wp\/v2\/posts\/81869"}],"collection":[{"href":"https:\/\/gazdasagportal.hu\/index.php\/wp-json\/wp\/v2\/posts"}],"about":[{"href":"https:\/\/gazdasagportal.hu\/index.php\/wp-json\/wp\/v2\/types\/post"}],"author":[{"embeddable":true,"href":"https:\/\/gazdasagportal.hu\/index.php\/wp-json\/wp\/v2\/users\/1"}],"replies":[{"embeddable":true,"href":"https:\/\/gazdasagportal.hu\/index.php\/wp-json\/wp\/v2\/comments?post=81869"}],"version-history":[{"count":1,"href":"https:\/\/gazdasagportal.hu\/index.php\/wp-json\/wp\/v2\/posts\/81869\/revisions"}],"predecessor-version":[{"id":81870,"href":"https:\/\/gazdasagportal.hu\/index.php\/wp-json\/wp\/v2\/posts\/81869\/revisions\/81870"}],"wp:attachment":[{"href":"https:\/\/gazdasagportal.hu\/index.php\/wp-json\/wp\/v2\/media?parent=81869"}],"wp:term":[{"taxonomy":"category","embeddable":true,"href":"https:\/\/gazdasagportal.hu\/index.php\/wp-json\/wp\/v2\/categories?post=81869"},{"taxonomy":"post_tag","embeddable":true,"href":"https:\/\/gazdasagportal.hu\/index.php\/wp-json\/wp\/v2\/tags?post=81869"}],"curies":[{"name":"wp","href":"https:\/\/api.w.org\/{rel}","templated":true}]}}