{"id":81867,"date":"2016-07-01T12:47:33","date_gmt":"2016-07-01T10:47:33","guid":{"rendered":"http:\/\/gazdasagportal.hu\/?p=81867"},"modified":"2016-07-01T12:47:33","modified_gmt":"2016-07-01T10:47:33","slug":"majusban-csokkent-a-kiskereskedelmi-forgalom-svajcban","status":"publish","type":"post","link":"https:\/\/gazdasagportal.hu\/index.php\/majusban-csokkent-a-kiskereskedelmi-forgalom-svajcban\/","title":{"rendered":"M\u00e1jusban cs\u00f6kkent a kiskereskedelmi forgalom Sv\u00e1jcban"},"content":{"rendered":"<p><strong>M\u00e1jusban tov\u00e1bb cs\u00f6kkent a kiskereskedelmi forgalom Sv\u00e1jcban &#8211; k\u00f6z\u00f6lte p\u00e9nteken a sv\u00e1jci sz\u00f6vets\u00e9gi statisztikai hivatal, az FSO.<br \/>\n<\/strong><!--more--><\/p>\n<div class=\"ads-in-post1\"><div id=\"gazdasagportal.hu_fullbanner_wideboard\"><\/div>\r\n<\/div>\nM\u00e1jusban nomin\u00e1lisan 2,3 sz\u00e1zal\u00e9kkal cs\u00f6kkent a kiskereskedelmi forgalom az egy \u00e9vvel kor\u00e1bbihoz k\u00e9pest Sv\u00e1jcban. A forgalomcs\u00f6kken\u00e9s 2015 janu\u00e1rja \u00f3ta tart.<br \/>\nAz el\u0151z\u0151 havihoz k\u00e9pest szezon\u00e1lis kiigaz\u00edt\u00e1ssal 0,1 sz\u00e1zal\u00e9kkal cs\u00f6kkent m\u00e1jusban a kiskereskedelmi forgalom.<br \/>\nRe\u00e1l\u00e9rt\u00e9ken munkanapokkal \u00e9s \u00fcnnepnapokkal kiigaz\u00edtva 1,6 sz\u00e1zal\u00e9kkal cs\u00f6kkent az egy \u00e9vvel kor\u00e1bbihoz k\u00e9pest a kiskereskedelmi forgalom Havi b\u00e1zison a cs\u00f6kken\u00e9s 0,2 sz\u00e1zal\u00e9k volt.(MTI)<br \/>\n<a title=\"Hely megnyit\u00e1sa\" href=\"http:\/\/www.bfs.admin.ch\/bfs\/portal\/en\/index\/themen\/06\/01\/new\/nip_detail.html?gnpID=2016-580\" target=\"_blank\" rel=\"noopener\">http:\/\/www.bfs.admin.ch\/bfs\/portal\/en\/index\/themen\/06\/01\/new\/nip_detail.html?gnpID=2016-580<\/a><\/p>\n<p>&nbsp;<\/p>\n","protected":false},"excerpt":{"rendered":"<p>M\u00e1jusban tov\u00e1bb cs\u00f6kkent a kiskereskedelmi forgalom Sv\u00e1jcban &#8211; k\u00f6z\u00f6lte p\u00e9nteken a sv\u00e1jci sz\u00f6vets\u00e9gi statisztikai hivatal, az FSO.<\/p>\n","protected":false},"author":1,"featured_media":0,"comment_status":"open","ping_status":"closed","sticky":false,"template":"","format":"standard","meta":[],"categories":[246],"tags":[],"_links":{"self":[{"href":"https:\/\/gazdasagportal.hu\/index.php\/wp-json\/wp\/v2\/posts\/81867"}],"collection":[{"href":"https:\/\/gazdasagportal.hu\/index.php\/wp-json\/wp\/v2\/posts"}],"about":[{"href":"https:\/\/gazdasagportal.hu\/index.php\/wp-json\/wp\/v2\/types\/post"}],"author":[{"embeddable":true,"href":"https:\/\/gazdasagportal.hu\/index.php\/wp-json\/wp\/v2\/users\/1"}],"replies":[{"embeddable":true,"href":"https:\/\/gazdasagportal.hu\/index.php\/wp-json\/wp\/v2\/comments?post=81867"}],"version-history":[{"count":1,"href":"https:\/\/gazdasagportal.hu\/index.php\/wp-json\/wp\/v2\/posts\/81867\/revisions"}],"predecessor-version":[{"id":81868,"href":"https:\/\/gazdasagportal.hu\/index.php\/wp-json\/wp\/v2\/posts\/81867\/revisions\/81868"}],"wp:attachment":[{"href":"https:\/\/gazdasagportal.hu\/index.php\/wp-json\/wp\/v2\/media?parent=81867"}],"wp:term":[{"taxonomy":"category","embeddable":true,"href":"https:\/\/gazdasagportal.hu\/index.php\/wp-json\/wp\/v2\/categories?post=81867"},{"taxonomy":"post_tag","embeddable":true,"href":"https:\/\/gazdasagportal.hu\/index.php\/wp-json\/wp\/v2\/tags?post=81867"}],"curies":[{"name":"wp","href":"https:\/\/api.w.org\/{rel}","templated":true}]}}