{"id":81863,"date":"2016-07-01T12:16:58","date_gmt":"2016-07-01T10:16:58","guid":{"rendered":"http:\/\/gazdasagportal.hu\/?p=81863"},"modified":"2016-07-01T12:16:58","modified_gmt":"2016-07-01T10:16:58","slug":"mnb-tovabb-csokkent-az-orszag-kulso-sebezhetosege-az-elso-negyedevben","status":"publish","type":"post","link":"https:\/\/gazdasagportal.hu\/index.php\/mnb-tovabb-csokkent-az-orszag-kulso-sebezhetosege-az-elso-negyedevben\/","title":{"rendered":"MNB: tov\u00e1bb cs\u00f6kkent az orsz\u00e1g k\u00fcls\u0151 sebezhet\u0151s\u00e9ge az els\u0151 negyed\u00e9vben"},"content":{"rendered":"<p><strong>Az els\u0151 negyed\u00e9vben enyh\u00e9n folytat\u00f3dott a k\u00fcls\u0151 egyens\u00falyi mutat\u00f3k javul\u00e1sa: a foly\u00f3 fizet\u00e9si m\u00e9rleg \u00e9ves t\u00f6bblete a GDP 4,7 sz\u00e1zal\u00e9k\u00e1ra emelkedett, a t\u0151kem\u00e9rleg t\u00f6bblet\u00e9vel egy\u00fctt a k\u00fclf\u00f6lddel szembeni szufficit a GDP 9 sz\u00e1zal\u00e9ka k\u00f6zel\u00e9ben stabiliz\u00e1l\u00f3dott, cs\u00f6kkent az orsz\u00e1g k\u00fcls\u0151 ad\u00f3ss\u00e1ga, a r\u00f6vid lej\u00e1rat\u00fa ad\u00f3ss\u00e1got is bele\u00e9rtve. Egy\u00fcttesen ez azt jelenti, hogy tov\u00e1bb cs\u00f6kkent az orsz\u00e1g k\u00fcls\u0151 s\u00e9r\u00fcl\u00e9kenys\u00e9ge &#8211; \u00e1llap\u00edtotta meg legfrissebb Fizet\u00e9si m\u00e9rleg jelent\u00e9s\u00e9ben a Magyar Nemzeti Bank (MNB).<\/strong><!--more--><\/p>\n<div class=\"ads-in-post1\"><div id=\"gazdasagportal.hu_fullbanner_wideboard\"><\/div>\r\n<\/div>\n<p>    A nett\u00f3 k\u00fcls\u0151 ad\u00f3ss\u00e1g m\u00e9rs\u00e9kl\u0151d\u00e9s\u00e9t jelent\u0151sen befoly\u00e1solta, hogy a devizahitelek forintos\u00edt\u00e1s\u00e1hoz k\u00f6thet\u0151en a jegybank 2,9 milli\u00e1rd eur\u00f3 deviza likvidit\u00e1st foly\u00f3s\u00edtott a bankoknak a negyed\u00e9v sor\u00e1n  &#8211; ennek hat\u00e1s\u00e1ra bankok nett\u00f3 k\u00fcls\u0151 ad\u00f3ss\u00e1ga jelent\u0151sen, 1,8 milli\u00e1rd eur\u00f3val &#8211; a GDP 1,7 sz\u00e1zal\u00e9k\u00e1nak megfelel\u0151 \u00f6sszeggel &#8211;  cs\u00f6kkent, m\u00edg a jegybankkal  konszolid\u00e1lt \u00e1llamh\u00e1ztart\u00e1s\u00e9 1,2 milli\u00e1rddal emelkedett. A v\u00e1llalati szektor nett\u00f3 k\u00fcls\u0151 ad\u00f3ss\u00e1ga 0,2 milli\u00e1rd eur\u00f3val emelkedett, \u00edgy az \u00f6sszes k\u00fcls\u0151 ad\u00f3ss\u00e1g cs\u00f6kken\u00e9se 0,4 milli\u00e1rd eur\u00f3t tett ki az els\u0151 negyed\u00e9vben, ami alig t\u00f6bb, mint tizede az el\u0151z\u0151 negyed\u00e9vi majdnem 4 milli\u00e1rdnak.<br \/>\n    A brutt\u00f3 k\u00fcls\u0151 \u00e1llamad\u00f3ss\u00e1got cs\u00f6kkentette, hogy az els\u0151 negyed\u00e9vben is folytat\u00f3dott a k\u00fclf\u00f6ldiek \u00e1llampap\u00edr-\u00e1llom\u00e1ny\u00e1nak le\u00e9p\u00fcl\u00e9se.<br \/>\n    Az orsz\u00e1g r\u00f6vid &#8211; \u00e9ven bel\u00fcli &#8211; lej\u00e1rat\u00fa ad\u00f3ss\u00e1ga az els\u0151 negyed\u00e9vben 1 milli\u00e1rd eur\u00f3val, 20 milli\u00e1rd eur\u00f3 k\u00f6zel\u00e9be cs\u00f6kkent. Az eredeti futamid\u0151 szerint is \u00e9ven bel\u00fcl lej\u00e1r\u00f3 ad\u00f3ss\u00e1g az els\u0151 negyed\u00e9vben 0,6 milli\u00e1rd eur\u00f3val, m\u00e1rcius v\u00e9g\u00e9re, a 2005 \u00f3ta a legalacsonyabb szintre,  13,4 milli\u00e1rd eur\u00f3ra apadt. A h\u00e1tra l\u00e9v\u0151 futamid\u0151 szerint egy \u00e9vesn\u00e9l r\u00f6videbb\u00e9 v\u00e1l\u00f3, &#8222;ber\u00f6vid\u00fcl\u0151&#8221; k\u00fcls\u0151 ad\u00f3ss\u00e1g 0,4 milli\u00e1rd eur\u00f3val cs\u00f6kkent az els\u0151 h\u00e1rom h\u00f3napban.<br \/>\n    A r\u00f6vid lej\u00e1rat\u00fa k\u00fcls\u0151 ad\u00f3ss\u00e1g 1 milli\u00e1rdos cs\u00f6kken\u00e9s\u00e9vel szemben a devizatartal\u00e9kok 2,8 milli\u00e1rd eur\u00f3val zsugorodtak \u00e9s m\u00e1rcius v\u00e9g\u00e9n 27,6 milli\u00e1rd eur\u00f3n \u00e1lltak, vagyis apadt a tartal\u00e9koknak a r\u00f6vid k\u00fcls\u0151 ad\u00f3ss\u00e1ghoz viszony\u00edtott t\u00f6bblete. A befektet\u0151k<br \/>\n\u00e9s a jegybank \u00e1ltal is kiemelten k\u00f6vetett Guidotti-szab\u00e1lynak megfelel\u0151en azonban a tartal\u00e9kok az idei els\u0151 negyed\u00e9v\u00e9ben is sz\u00e1mottev\u0151en, t\u00f6bb mint 7 milli\u00e1rd eur\u00f3val meghaladt\u00e1k a r\u00f6vid lej\u00e1rat\u00fa k\u00fcls\u0151 k\u00f6telezetts\u00e9g\u00e1llom\u00e1nyt &#8211; mutat r\u00e1 az MNB jelent\u00e9se.(MTI)<\/p>\n","protected":false},"excerpt":{"rendered":"<p>Az els\u0151 negyed\u00e9vben enyh\u00e9n folytat\u00f3dott a k\u00fcls\u0151 egyens\u00falyi mutat\u00f3k javul\u00e1sa: a foly\u00f3 fizet\u00e9si m\u00e9rleg \u00e9ves t\u00f6bblete a GDP 4,7 sz\u00e1zal\u00e9k\u00e1ra emelkedett, a t\u0151kem\u00e9rleg t\u00f6bblet\u00e9vel egy\u00fctt a k\u00fclf\u00f6lddel szembeni szufficit a GDP 9 sz\u00e1zal\u00e9ka k\u00f6zel\u00e9ben stabiliz\u00e1l\u00f3dott, cs\u00f6kkent az orsz\u00e1g k\u00fcls\u0151 ad\u00f3ss\u00e1ga, a r\u00f6vid lej\u00e1rat\u00fa ad\u00f3ss\u00e1got is bele\u00e9rtve. Egy\u00fcttesen ez azt jelenti, hogy tov\u00e1bb cs\u00f6kkent az orsz\u00e1g &#8230;<\/p>\n","protected":false},"author":1,"featured_media":0,"comment_status":"open","ping_status":"closed","sticky":false,"template":"","format":"standard","meta":[],"categories":[19],"tags":[],"_links":{"self":[{"href":"https:\/\/gazdasagportal.hu\/index.php\/wp-json\/wp\/v2\/posts\/81863"}],"collection":[{"href":"https:\/\/gazdasagportal.hu\/index.php\/wp-json\/wp\/v2\/posts"}],"about":[{"href":"https:\/\/gazdasagportal.hu\/index.php\/wp-json\/wp\/v2\/types\/post"}],"author":[{"embeddable":true,"href":"https:\/\/gazdasagportal.hu\/index.php\/wp-json\/wp\/v2\/users\/1"}],"replies":[{"embeddable":true,"href":"https:\/\/gazdasagportal.hu\/index.php\/wp-json\/wp\/v2\/comments?post=81863"}],"version-history":[{"count":1,"href":"https:\/\/gazdasagportal.hu\/index.php\/wp-json\/wp\/v2\/posts\/81863\/revisions"}],"predecessor-version":[{"id":81864,"href":"https:\/\/gazdasagportal.hu\/index.php\/wp-json\/wp\/v2\/posts\/81863\/revisions\/81864"}],"wp:attachment":[{"href":"https:\/\/gazdasagportal.hu\/index.php\/wp-json\/wp\/v2\/media?parent=81863"}],"wp:term":[{"taxonomy":"category","embeddable":true,"href":"https:\/\/gazdasagportal.hu\/index.php\/wp-json\/wp\/v2\/categories?post=81863"},{"taxonomy":"post_tag","embeddable":true,"href":"https:\/\/gazdasagportal.hu\/index.php\/wp-json\/wp\/v2\/tags?post=81863"}],"curies":[{"name":"wp","href":"https:\/\/api.w.org\/{rel}","templated":true}]}}