{"id":81807,"date":"2016-06-30T15:02:25","date_gmt":"2016-06-30T13:02:25","guid":{"rendered":"http:\/\/gazdasagportal.hu\/?p=81807"},"modified":"2016-06-30T15:02:25","modified_gmt":"2016-06-30T13:02:25","slug":"tobb-budapesti-keruletben-is-forgalomkorlatozas-lesz-szombaton","status":"publish","type":"post","link":"https:\/\/gazdasagportal.hu\/index.php\/tobb-budapesti-keruletben-is-forgalomkorlatozas-lesz-szombaton\/","title":{"rendered":"T\u00f6bb budapesti ker\u00fcletben is forgalomkorl\u00e1toz\u00e1s lesz szombaton"},"content":{"rendered":"<p><strong>T\u00f6bb f\u0151v\u00e1rosi ker\u00fcletben is forgalomkorl\u00e1toz\u00e1st vezetnek be szombaton demonstr\u00e1ci\u00f3 \u00e9s rendezv\u00e9ny miatt, d\u00e9lel\u0151tt \u00e9s d\u00e9lut\u00e1n egyar\u00e1nt lez\u00e1rj\u00e1k az Andr\u00e1ssy utat &#8211; \u00edrta a Budapesti Rend\u0151r-f\u0151kapit\u00e1nys\u00e1g (BRFK) a police.hu oldalon cs\u00fct\u00f6rt\u00f6k\u00f6n. D\u00e9lut\u00e1n h\u00e1romt\u00f3l az Andr\u00e1ssy \u00faton tartj\u00e1k a Budapest Pride felvonul\u00e1st.<\/strong><!--more--><\/p>\n<div class=\"ads-in-post1\"><div id=\"gazdasagportal.hu_fullbanner_wideboard\"><\/div>\r\n<\/div>\n<p>A BRFK k\u00f6zlem\u00e9nye szerint a v\u00e1ltoz\u00e1sok az V., a VI. \u00e9s a XIV. ker\u00fcletben l\u00e9pnek \u00e9letbe.<br \/>\nD\u00e9lel\u0151tt t\u00edzt\u0151l d\u00e9lut\u00e1n egyig szakaszosan \u00e9s id\u0151szakosan lez\u00e1rj\u00e1k a V\u00f6r\u00f6smarty t\u00e9r-Vigad\u00f3 utca-Ap\u00e1czai Csere J\u00e1nos utca-Sz\u00e9chenyi Istv\u00e1n t\u00e9r-J\u00f3zsef Attila utca-Andr\u00e1ssy \u00fat-H\u0151s\u00f6k tere-K\u00f3s K\u00e1roly s\u00e9t\u00e1ny \u00fatvonalat.<br \/>\nD\u00e9lut\u00e1n szint\u00e9n forgalomkorl\u00e1toz\u00e1sra kell sz\u00e1m\u00edtani. K\u00e9t \u00f3ra \u00e9s f\u00e9l hat k\u00f6z\u00f6tt lez\u00e1rj\u00e1k az Andr\u00e1ssy utat. H\u00e1romt\u00f3l f\u00e9l hatig az Oktogont, a Ter\u00e9z k\u00f6rutat a Nyugati t\u00e9rt\u0151l a Kir\u00e1ly utc\u00e1ig, valamint a Nagymez\u0151 utc\u00e1t; n\u00e9gy \u00e9s f\u00e9l hat k\u00f6z\u00f6tt a Bajcsy-Zsilinszky utat a Nyugati t\u00e9rt\u0151l az Andr\u00e1ssy \u00fatig; h\u00e1romt\u00f3l este kilencig pedig az Alkotm\u00e1ny utc\u00e1t.<br \/>\nTilos meg\u00e1llni p\u00e9nteken \u00e9s szombaton az V. \u00e9s a VI. ker\u00fclet sz\u00e1mos pontj\u00e1n, egyebek mellett az Andr\u00e1ssy \u00fat szerviz\u00fatj\u00e1n a H\u0151s\u00f6k ter\u00e9t\u0151l az Oktogonig, az Andr\u00e1ssy \u00faton az Oktogon \u00e9s a Haj\u00f3s utca k\u00f6z\u00f6tt, a Kod\u00e1ly k\u00f6r\u00f6nd\u00f6n, valamint az Oktogonon &#8211; \u00edrt\u00e1k a k\u00f6zlem\u00e9nyben, amely teljes terjedelm\u00e9ben a <a title=\"Hely megnyit\u00e1sa\" href=\"http:\/\/police.hu\/hirek-es-informaciok\/utinfo\/forgalmirend-valtozasok\/forgalomkorlatozas-budapest-v-es-vi-keruletebe-6\" target=\"_blank\" rel=\"noopener\">http:\/\/police.hu\/hirek-es-informaciok\/utinfo\/forgalmirend-valtozasok\/forgalomkorlatozas-budapest-v-es-vi-keruletebe-6<\/a> c\u00edmen olvashat\u00f3.(MTI)<\/p>\n<p>&nbsp;<\/p><div id=\"gazda-3574737615\" class=\"gazda-tartalomban gazda-entity-placement\"><script async src=\"https:\/\/pagead2.googlesyndication.com\/pagead\/js\/adsbygoogle.js\"><\/script>\r\n<ins class=\"adsbygoogle\"\r\n     style=\"display:block\"\r\n     data-ad-format=\"fluid\"\r\n     data-ad-layout-key=\"-6t+ed+2i-1n-4w\"\r\n     data-ad-client=\"ca-pub-1959107119989764\"\r\n     data-ad-slot=\"4008251320\"><\/ins>\r\n<script>\r\n     (adsbygoogle = window.adsbygoogle || []).push({});\r\n<\/script><\/div>\n","protected":false},"excerpt":{"rendered":"<p>T\u00f6bb f\u0151v\u00e1rosi ker\u00fcletben is forgalomkorl\u00e1toz\u00e1st vezetnek be szombaton demonstr\u00e1ci\u00f3 \u00e9s rendezv\u00e9ny miatt, d\u00e9lel\u0151tt \u00e9s d\u00e9lut\u00e1n egyar\u00e1nt lez\u00e1rj\u00e1k az Andr\u00e1ssy utat &#8211; \u00edrta a Budapesti Rend\u0151r-f\u0151kapit\u00e1nys\u00e1g (BRFK) a police.hu oldalon cs\u00fct\u00f6rt\u00f6k\u00f6n. D\u00e9lut\u00e1n h\u00e1romt\u00f3l az Andr\u00e1ssy \u00faton tartj\u00e1k a Budapest Pride felvonul\u00e1st.<\/p>\n","protected":false},"author":1,"featured_media":0,"comment_status":"open","ping_status":"closed","sticky":false,"template":"","format":"standard","meta":[],"categories":[4],"tags":[],"_links":{"self":[{"href":"https:\/\/gazdasagportal.hu\/index.php\/wp-json\/wp\/v2\/posts\/81807"}],"collection":[{"href":"https:\/\/gazdasagportal.hu\/index.php\/wp-json\/wp\/v2\/posts"}],"about":[{"href":"https:\/\/gazdasagportal.hu\/index.php\/wp-json\/wp\/v2\/types\/post"}],"author":[{"embeddable":true,"href":"https:\/\/gazdasagportal.hu\/index.php\/wp-json\/wp\/v2\/users\/1"}],"replies":[{"embeddable":true,"href":"https:\/\/gazdasagportal.hu\/index.php\/wp-json\/wp\/v2\/comments?post=81807"}],"version-history":[{"count":1,"href":"https:\/\/gazdasagportal.hu\/index.php\/wp-json\/wp\/v2\/posts\/81807\/revisions"}],"predecessor-version":[{"id":81808,"href":"https:\/\/gazdasagportal.hu\/index.php\/wp-json\/wp\/v2\/posts\/81807\/revisions\/81808"}],"wp:attachment":[{"href":"https:\/\/gazdasagportal.hu\/index.php\/wp-json\/wp\/v2\/media?parent=81807"}],"wp:term":[{"taxonomy":"category","embeddable":true,"href":"https:\/\/gazdasagportal.hu\/index.php\/wp-json\/wp\/v2\/categories?post=81807"},{"taxonomy":"post_tag","embeddable":true,"href":"https:\/\/gazdasagportal.hu\/index.php\/wp-json\/wp\/v2\/tags?post=81807"}],"curies":[{"name":"wp","href":"https:\/\/api.w.org\/{rel}","templated":true}]}}