{"id":81805,"date":"2016-06-30T14:26:00","date_gmt":"2016-06-30T12:26:00","guid":{"rendered":"http:\/\/gazdasagportal.hu\/?p=81805"},"modified":"2016-06-30T14:26:00","modified_gmt":"2016-06-30T12:26:00","slug":"soron-kivuli-biztonsagi-ellenorzes-lesz-a-budapesti-repuloteren","status":"publish","type":"post","link":"https:\/\/gazdasagportal.hu\/index.php\/soron-kivuli-biztonsagi-ellenorzes-lesz-a-budapesti-repuloteren\/","title":{"rendered":"Soron k\u00edv\u00fcli biztons\u00e1gi ellen\u0151rz\u00e9s lesz a budapesti rep\u00fcl\u0151t\u00e9ren"},"content":{"rendered":"<p><strong>A korm\u00e1ny d\u00f6nt\u00f6tt: valamennyi \u00e9rintett szervezet bevon\u00e1s\u00e1val soron k\u00edv\u00fcl biztons\u00e1gi ellen\u0151rz\u00e9st hajtanak v\u00e9gre a Liszt Ferenc-rep\u00fcl\u0151t\u00e9ren &#8211; mondta Kontr\u00e1t K\u00e1roly, a Bel\u00fcgyminiszt\u00e9rium parlamenti \u00e1llamtitk\u00e1ra cs\u00fct\u00f6rt\u00f6k\u00f6n Budapesten, sajt\u00f3t\u00e1j\u00e9koztat\u00f3n.<\/strong><!--more--><\/p>\n<div class=\"ads-in-post1\"><div id=\"gazdasagportal.hu_fullbanner_wideboard\"><\/div>\r\n<\/div>\n<p>    Kontr\u00e1t K\u00e1roly T\u00f6r\u00f6k Zolt\u00e1n dand\u00e1rt\u00e1bornokkal, a Rep\u00fcl\u0151t\u00e9ri Rend\u0151ri Igazgat\u00f3s\u00e1g vezet\u0151j\u00e9vel a L\u00e9gik\u00f6zleked\u00e9s-v\u00e9delmi Bizotts\u00e1g \u00fcl\u00e9s\u00e9t k\u00f6vet\u0151en tartott sajt\u00f3t\u00e1j\u00e9koztat\u00f3t.<br \/>\n    Az \u00e1llamtitk\u00e1r azt mondta, a bizotts\u00e1g soros \u00fcl\u00e9s\u00e9nek napirendj\u00e9t kieg\u00e9sz\u00edtett\u00e9k az isztambuli Atat\u00fcrk-rep\u00fcl\u0151t\u00e9ren v\u00e9grehajtott terrort\u00e1mad\u00e1s ut\u00e1ni helyzet elemz\u00e9s\u00e9vel, \u00e9s a bizotts\u00e1g megfogalmazta \u00e9szrev\u00e9teleit, javaslatait, hogy az utasok \u00e9s rep\u00fcl\u0151k biztons\u00e1ga &#8222;tov\u00e1bbra is teljes m\u00e9rt\u00e9kben biztos\u00edtott legyen&#8221;.(MTI)<\/p>\n","protected":false},"excerpt":{"rendered":"<p>A korm\u00e1ny d\u00f6nt\u00f6tt: valamennyi \u00e9rintett szervezet bevon\u00e1s\u00e1val soron k\u00edv\u00fcl biztons\u00e1gi ellen\u0151rz\u00e9st hajtanak v\u00e9gre a Liszt Ferenc-rep\u00fcl\u0151t\u00e9ren &#8211; mondta Kontr\u00e1t K\u00e1roly, a Bel\u00fcgyminiszt\u00e9rium parlamenti \u00e1llamtitk\u00e1ra cs\u00fct\u00f6rt\u00f6k\u00f6n Budapesten, sajt\u00f3t\u00e1j\u00e9koztat\u00f3n.<\/p>\n","protected":false},"author":1,"featured_media":0,"comment_status":"open","ping_status":"closed","sticky":false,"template":"","format":"standard","meta":[],"categories":[4],"tags":[],"_links":{"self":[{"href":"https:\/\/gazdasagportal.hu\/index.php\/wp-json\/wp\/v2\/posts\/81805"}],"collection":[{"href":"https:\/\/gazdasagportal.hu\/index.php\/wp-json\/wp\/v2\/posts"}],"about":[{"href":"https:\/\/gazdasagportal.hu\/index.php\/wp-json\/wp\/v2\/types\/post"}],"author":[{"embeddable":true,"href":"https:\/\/gazdasagportal.hu\/index.php\/wp-json\/wp\/v2\/users\/1"}],"replies":[{"embeddable":true,"href":"https:\/\/gazdasagportal.hu\/index.php\/wp-json\/wp\/v2\/comments?post=81805"}],"version-history":[{"count":1,"href":"https:\/\/gazdasagportal.hu\/index.php\/wp-json\/wp\/v2\/posts\/81805\/revisions"}],"predecessor-version":[{"id":81806,"href":"https:\/\/gazdasagportal.hu\/index.php\/wp-json\/wp\/v2\/posts\/81805\/revisions\/81806"}],"wp:attachment":[{"href":"https:\/\/gazdasagportal.hu\/index.php\/wp-json\/wp\/v2\/media?parent=81805"}],"wp:term":[{"taxonomy":"category","embeddable":true,"href":"https:\/\/gazdasagportal.hu\/index.php\/wp-json\/wp\/v2\/categories?post=81805"},{"taxonomy":"post_tag","embeddable":true,"href":"https:\/\/gazdasagportal.hu\/index.php\/wp-json\/wp\/v2\/tags?post=81805"}],"curies":[{"name":"wp","href":"https:\/\/api.w.org\/{rel}","templated":true}]}}