{"id":81803,"date":"2016-06-30T13:44:03","date_gmt":"2016-06-30T11:44:03","guid":{"rendered":"http:\/\/gazdasagportal.hu\/?p=81803"},"modified":"2016-06-30T13:02:08","modified_gmt":"2016-06-30T11:02:08","slug":"a-brexit-nem-veszelyezteti-a-magyar-ingatlanvagyont","status":"publish","type":"post","link":"https:\/\/gazdasagportal.hu\/index.php\/a-brexit-nem-veszelyezteti-a-magyar-ingatlanvagyont\/","title":{"rendered":"A Brexit nem vesz\u00e9lyezteti a magyar ingatlanvagyont"},"content":{"rendered":"<p><strong>Jelent\u0151s \u00e9rt\u00e9kveszt\u00e9st okozott ugyan a p\u00e9nzpiacokon Nagy-Britannia v\u00e1rhat\u00f3 kil\u00e9p\u00e9se az Eur\u00f3pai Uni\u00f3b\u00f3l, de a Brexit a magyar lakoss\u00e1g egyik legfontosabb vagyon\u00e1ra, az ingatlanra egyel\u0151re nem jelent vesz\u00e9lyt &#8211; az ingatlan.com elemz\u00e9se szerint.<\/strong><!--more--><\/p>\n<div class=\"ads-in-post1\"><div id=\"gazdasagportal.hu_fullbanner_wideboard\"><\/div>\r\n<\/div>\n<p>    Az elemz\u00e9s a magyar ingatlanvagyon \u00e9rt\u00e9k\u00e9t 55 ezer milli\u00e1rd forintra becs\u00fcli. A Brexit a szak\u00e9rt\u0151k szerint ennek \u00e9rt\u00e9k\u00e9t akkor vesz\u00e9lyeztethetn\u00e9 k\u00f6zvetlen\u00fcl, ha a lakoss\u00e1g lak\u00e1sc\u00e9l\u00fa hiteleit brit bankok finansz\u00edrozn\u00e1k vagy a hitelfelvev\u0151k angol fontban ad\u00f3sodtak volna el. Ez azonban nem \u00e1ll fenn. A lak\u00e1spiaci keresletet cs\u00f6kkenten\u00e9 az is, ha a v\u00e1s\u00e1rl\u00f3k sz\u00e1mottev\u0151 r\u00e9sze a szigetorsz\u00e1gb\u00f3l \u00e9rkezne, de ez sem \u00e1ll a magyar lak\u00e1spiacra. Ugyancsak nem jellemz\u0151, hogy brit befektet\u0151k \u00e1lln\u00e1nak magyarorsz\u00e1gi ingatlan-, illetve lak\u00e1sberuh\u00e1z\u00e1sok m\u00f6g\u00f6tt, \u00edgy ebb\u0151l a szempontb\u00f3l sem vesz\u00e9lyezteti a magyar lak\u00e1spiacot a Brexit &#8211; v\u00e9li Balogh L\u00e1szl\u00f3, az ingatlan.com szak\u00e9rt\u0151je.<br \/>\n    Ugyanakkor megjegyezte, hogy k\u00f6zvetett hat\u00e1sa lehet annak, ha a kil\u00e9p\u00e9s miatt cs\u00f6kken a brit turist\u00e1k sz\u00e1ma Magyarorsz\u00e1gon, ez ugyanis m\u00e9rs\u00e9kelheti a lak\u00e1shotelek \u00e9rt\u00e9k\u00e9t. Ugyancsak negat\u00edv \u00e1tt\u00e9teles hat\u00e1sa lehet annak, ha a k\u00fcl\u00f6nb\u00f6z\u0151 orsz\u00e1gok jegybankjai &#8211; p\u00e9ld\u00e1ul az amerikai Fed &#8211; kamatemel\u00e9si ciklusba kezden\u00e9nek a Brexit miatt, mert ez glob\u00e1lisan cs\u00f6kkentheti az ingatlanberuh\u00e1z\u00e1sok ir\u00e1nti keresletet.<br \/>\n    Azonban Balogh L\u00e1szl\u00f3 szerint jelenleg a k\u00f6zvetett vesz\u00e9lyek egyik\u00e9vel sem kell komolyan kalkul\u00e1lni a magyar ingatlanpiacon.(MTI)<\/p>\n","protected":false},"excerpt":{"rendered":"<p>Jelent\u0151s \u00e9rt\u00e9kveszt\u00e9st okozott ugyan a p\u00e9nzpiacokon Nagy-Britannia v\u00e1rhat\u00f3 kil\u00e9p\u00e9se az Eur\u00f3pai Uni\u00f3b\u00f3l, de a Brexit a magyar lakoss\u00e1g egyik legfontosabb vagyon\u00e1ra, az ingatlanra egyel\u0151re nem jelent vesz\u00e9lyt &#8211; az ingatlan.com elemz\u00e9se szerint.<\/p>\n","protected":false},"author":1,"featured_media":0,"comment_status":"open","ping_status":"closed","sticky":false,"template":"","format":"standard","meta":[],"categories":[19],"tags":[],"_links":{"self":[{"href":"https:\/\/gazdasagportal.hu\/index.php\/wp-json\/wp\/v2\/posts\/81803"}],"collection":[{"href":"https:\/\/gazdasagportal.hu\/index.php\/wp-json\/wp\/v2\/posts"}],"about":[{"href":"https:\/\/gazdasagportal.hu\/index.php\/wp-json\/wp\/v2\/types\/post"}],"author":[{"embeddable":true,"href":"https:\/\/gazdasagportal.hu\/index.php\/wp-json\/wp\/v2\/users\/1"}],"replies":[{"embeddable":true,"href":"https:\/\/gazdasagportal.hu\/index.php\/wp-json\/wp\/v2\/comments?post=81803"}],"version-history":[{"count":1,"href":"https:\/\/gazdasagportal.hu\/index.php\/wp-json\/wp\/v2\/posts\/81803\/revisions"}],"predecessor-version":[{"id":81804,"href":"https:\/\/gazdasagportal.hu\/index.php\/wp-json\/wp\/v2\/posts\/81803\/revisions\/81804"}],"wp:attachment":[{"href":"https:\/\/gazdasagportal.hu\/index.php\/wp-json\/wp\/v2\/media?parent=81803"}],"wp:term":[{"taxonomy":"category","embeddable":true,"href":"https:\/\/gazdasagportal.hu\/index.php\/wp-json\/wp\/v2\/categories?post=81803"},{"taxonomy":"post_tag","embeddable":true,"href":"https:\/\/gazdasagportal.hu\/index.php\/wp-json\/wp\/v2\/tags?post=81803"}],"curies":[{"name":"wp","href":"https:\/\/api.w.org\/{rel}","templated":true}]}}