{"id":81793,"date":"2016-06-30T12:12:12","date_gmt":"2016-06-30T10:12:12","guid":{"rendered":"http:\/\/gazdasagportal.hu\/?p=81793"},"modified":"2016-06-30T11:54:49","modified_gmt":"2016-06-30T09:54:49","slug":"akar-140-ezer-villamcsapas-egyetlen-ejszaka-alatt","status":"publish","type":"post","link":"https:\/\/gazdasagportal.hu\/index.php\/akar-140-ezer-villamcsapas-egyetlen-ejszaka-alatt\/","title":{"rendered":"Ak\u00e1r 140 ezer vill\u00e1mcsap\u00e1s egyetlen \u00e9jszaka alatt"},"content":{"rendered":"<p><strong>A Groupama Biztos\u00edt\u00f3 adatai szerint a vill\u00e1mok a m\u00e1just\u00f3l szeptemberig tart\u00f3 id\u0151szakban jelentkeznek legintenz\u00edvebben, az azonban, hogy ezen bel\u00fcl melyik h\u00f3napban, m\u00e1r v\u00e1ltoz\u00f3. A biztos\u00edt\u00f3t\u00e1rsas\u00e1g az Orsz\u00e1gos Meteorol\u00f3giai Szolg\u00e1lat seg\u00edts\u00e9g\u00e9vel megvizsg\u00e1lta, mi jellemzi a ny\u00e1ri id\u0151j\u00e1r\u00e1st, illetve hasznos tan\u00e1csokat ad arra vonatkoz\u00f3an, hogy hogyan \u00f3vhatjuk meg \u00e9rt\u00e9keinket a vill\u00e1ml\u00e1ssal j\u00e1r\u00f3 viharok eset\u00e9n. <\/strong><!--more--><\/p>\n<div class=\"ads-in-post1\"><div id=\"gazdasagportal.hu_fullbanner_wideboard\"><\/div>\r\n<\/div>\n<p>Az Orsz\u00e1gos Meteorol\u00f3giai Szolg\u00e1lat inform\u00e1ci\u00f3i szerint a m\u00e1jus 30-\u00e1ra virrad\u00f3 zivataros \u00e9jszak\u00e1n k\u00fcl\u00f6n\u00f6sen sokat vill\u00e1mlott. Ekkor ugyanis egy lass\u00fa mozg\u00e1s\u00fa zivataros z\u00f3na haladt \u00e1t Magyarorsz\u00e1g k\u00f6z\u00e9ps\u0151 ter\u00fcletei felett. Ezt a zivatarrendszert igen gyakori vill\u00e1ml\u00e1s k\u00eds\u00e9rte. A vill\u00e1ml\u00e1sokat m\u00e9r\u0151 detektorok adatai szerint <strong>orsz\u00e1gszerte k\u00f6zel<\/strong> <strong>140.000 vill\u00e1mcsap\u00e1s t\u00f6rt\u00e9nt ezen az \u00e9jszak\u00e1n, ennek nyom\u00e1n a Groupama Biztos\u00edt\u00f3hoz csak a k\u00f6vetkez\u0151 k\u00e9t nap alatt 730 lak\u00e1sbiztos\u00edt\u00e1si k\u00e1rbejelent\u00e9s \u00e9rkezett a vill\u00e1mcsap\u00e1sok miatt<\/strong>, a legt\u00f6bb Pest megy\u00e9b\u0151l.<\/p>\n<p><strong>\u00a0<\/strong><\/p>\n<p><strong>M\u00e9g el\u0151tt\u00fcnk a vill\u00e1mszezon java?<\/strong><\/p><div id=\"gazda-1895147659\" class=\"gazda-tartalomban gazda-entity-placement\"><script async src=\"https:\/\/pagead2.googlesyndication.com\/pagead\/js\/adsbygoogle.js\"><\/script>\r\n<ins class=\"adsbygoogle\"\r\n     style=\"display:block\"\r\n     data-ad-format=\"fluid\"\r\n     data-ad-layout-key=\"-6t+ed+2i-1n-4w\"\r\n     data-ad-client=\"ca-pub-1959107119989764\"\r\n     data-ad-slot=\"4008251320\"><\/ins>\r\n<script>\r\n     (adsbygoogle = window.adsbygoogle || []).push({});\r\n<\/script><\/div>\n<p><a href=\"https:\/\/gazdasagportal.hu\/wp-content\/uploads\/2016\/05\/villam.jpg\"><img decoding=\"async\" loading=\"lazy\" src=\"https:\/\/gazdasagportal.hu\/wp-content\/uploads\/2016\/05\/villam-300x163.jpg\" alt=\"villam\" width=\"300\" height=\"163\" class=\"alignleft size-medium wp-image-79950\" srcset=\"https:\/\/gazdasagportal.hu\/wp-content\/uploads\/2016\/05\/villam-300x163.jpg 300w, https:\/\/gazdasagportal.hu\/wp-content\/uploads\/2016\/05\/villam.jpg 800w\" sizes=\"(max-width: 300px) 100vw, 300px\" \/><\/a>A Groupama Biztos\u00edt\u00f3 megvizsg\u00e1lta, hogy a vill\u00e1mok az \u00e9v mely h\u00f3napjaiban okozz\u00e1k a legt\u00f6bb k\u00e1rt. Az egy\u00e9rtelm\u0171, hogy a m\u00e1just\u00f3l szeptemberig tart\u00f3 id\u0151szak a legintenz\u00edvebb, a vill\u00e1ml\u00e1ssal kapcsolatos k\u00e1rbejelent\u00e9sek azonban az egyes \u00e9vekben m\u00e1s-m\u00e1s h\u00f3napokban cs\u00facsosodnak ki. <strong>2013-ban a m\u00e1jus \u00e9s a j\u00fanius voltak a \u201elegvill\u00e1mosabb\u201d h\u00f3napok<\/strong>: ekkor k\u00f6zel 1700 vill\u00e1ml\u00e1ssal \u00f6sszef\u00fcgg\u0151 lak\u00e1sbiztos\u00edt\u00e1si k\u00e1rbejelent\u00e9st regisztr\u00e1lt havonta a biztos\u00edt\u00f3t\u00e1rsas\u00e1g, m\u00edg az ut\u00e1na k\u00f6vetkez\u0151 h\u00f3napokban m\u00e1r csup\u00e1n ennek t\u00f6red\u00e9k\u00e9t. A 3 \u00e9vvel ezel\u0151ttivel ellent\u00e9tben <strong>tavaly \u00e9s tavaly el\u0151tt j\u00faliusban \u00e9s augusztusban okozt\u00e1k a vill\u00e1mok a legt\u00f6bb k\u00e1rt az otthonokban.<\/strong> Ezt az id\u0151szakot vizsg\u00e1lva, k\u00fcl\u00f6n\u00f6sen kiugr\u00f3 volt a 2014 j\u00falius-augusztusi id\u0151szak, hiszen mindk\u00e9t h\u00f3napban 2300 bejelent\u00e9s \u00e9rkezett a vill\u00e1ml\u00e1sok miatt, de 2015 j\u00falius\u00e1ban is sok, 1755 k\u00e1rbejelent\u00e9s \u00e9rkezett a biztos\u00edt\u00f3hoz.<\/p>\n<p><strong>A m\u00e1sodlagos hat\u00e1s okozza a k\u00e1rok 90%-\u00e1t<\/strong><\/p>\n<p>\u00c9rdekes jelens\u00e9g az is, hogy <strong>a vill\u00e1mcsap\u00e1sok m\u00e1sodlagos hat\u00e1sa miatt nagys\u00e1grendekkel t\u00f6bb k\u00e1rbejelent\u00e9s \u00e9rkezik<\/strong>, mint a vill\u00e1mcsap\u00e1sok k\u00f6zvetlen hat\u00e1sa miatt. M\u00e1sodlagos hat\u00e1sr\u00f3l akkor besz\u00e9l\u00fcnk, amikor nem az ingatlan k\u00f6zvetlen k\u00f6rnyezet\u00e9ben csap le a vill\u00e1m, de az \u00e9rz\u00e9keny elektronikai berendez\u00e9sek a keletkez\u0151 t\u00falfesz\u00fclts\u00e9gt\u0151l t\u00f6nkremehetnek. 2016-ban a m\u00e1jusi-j\u00faniusi id\u0151szakban a Groupama Biztos\u00edt\u00f3hoz \u00e9rkezett 1540 vill\u00e1ml\u00e1ssal kapcsolatos k\u00e1rbejelent\u00e9s t\u00f6bb mint 90 sz\u00e1zal\u00e9ka a vill\u00e1mcsap\u00e1sok m\u00e1sodlagos hat\u00e1s\u00e1val kapcsolatos, \u00e9s hasonl\u00f3 volt az ar\u00e1ny az elm\u00falt \u00e9vekben is.<\/p>\n<p><em>\u201eB\u00e1r els\u0151dleges vill\u00e1mcsap\u00e1ssal viszonylag ritk\u00e1n tal\u00e1lkozunk, azt azonban tudnunk kell, hogy ha m\u00e9gis bek\u00f6vetkezik, nagy k\u00e1rokat okozhat. Rong\u00e1l\u00f3dhat a k\u00e9m\u00e9ny, a vill\u00e1m a tet\u0151szerkezetbe is becsaphat, itt extr\u00e9m esetben az eg\u00e9sz tet\u0151 is t\u00f6nkremehet. Amennyiben \u00e9p\u00fcleten bel\u00fcl s\u00fcl ki a vill\u00e1m, ak\u00e1r \u201eh\u00e1bor\u00fas\u201d k\u00e1rk\u00e9pekkel is tal\u00e1lkozhatunk: a falak elmozdulhatnak, megrepedhetnek, komoly s\u00e9r\u00fcl\u00e9sek keletkezhetnek a b\u00fatorzatban is\u201d<\/em> \u2013 h\u00edvta fel a figyelmet <strong><em>dr. M\u00e1hig Attila<\/em><\/strong>, a Groupama Biztos\u00edt\u00f3 Szolg\u00e1ltat\u00e1si \u00fcgyvezet\u0151 igazgat\u00f3ja.<\/p>\n<p><strong>\u00a0<\/strong><\/p>\n<p><strong>\u00a0<\/strong><\/p>\n<p><strong>Mire sz\u00e1m\u00edthatunk a ny\u00e1ron?<\/strong><\/p>\n<p>Az OMSZ szerint az elm\u00falt \u00e9vtizedekben v\u00e1ltozott a ny\u00e1ri csapad\u00e9k intenzit\u00e1sa: \u00e1ltal\u00e1ban kevesebb napon esik, de ann\u00e1l t\u00f6bb vizet z\u00fad\u00edtanak r\u00e1nk a z\u00e1porok. Ez a tendencia legink\u00e1bb az orsz\u00e1g \u00e9szaki r\u00e9gi\u00f3iban volt megfigyelhet\u0151. A meteorol\u00f3gusok szerint id\u0151j\u00e1r\u00e1si sz\u00e9ls\u0151s\u00e9gekre tov\u00e1bbra is sz\u00e1m\u00edtani kell, s\u0151t egyes forgat\u00f3k\u00f6nyvek szerint a j\u00f6v\u0151ben m\u00e9g t\u00f6bb sz\u00e9ls\u0151s\u00e9g v\u00e1rhat\u00f3. Mindazon\u00e1ltal az egym\u00e1st k\u00f6vet\u0151 nyarak id\u0151j\u00e1r\u00e1s\u00e1ban nagy k\u00fcl\u00f6nbs\u00e9gek lehetnek, \u00edgy \u00e1rad\u00e1sokra \u00e9s asz\u00e1lyokra egyar\u00e1nt fel kell k\u00e9sz\u00fcln\u00fcnk, \u00e9s eg\u00e9szen augusztus v\u00e9g\u00e9ig gyakran el\u0151fordulhatnak vill\u00e1mokkal j\u00e1r\u00f3 viharok is.<\/p>\n<p>&nbsp;<\/p>\n<p><strong>Mit tegy\u00fcnk a megfelel\u0151 v\u00e9delm\u00fcnk\u00e9rt?<\/strong><\/p>\n<p>Saj\u00e1t magunk \u00e9s \u00e9rt\u00e9keink v\u00e9delme \u00e9rdek\u00e9ben mindenk\u00e9ppen \u00e9rdemes k\u00f6r\u00fcltekint\u0151en elj\u00e1rnunk a ny\u00e1ri viharok alatt &#8211; ak\u00e1r azzal, hogy megfogadjuk Groupama Biztos\u00edt\u00f3 tan\u00e1csait:<\/p>\n<ol>\n<li>Semmi esetre se fogjuk meg a vill\u00e1mh\u00e1r\u00edt\u00f3t!<\/li>\n<li>H\u00faz\u00f3djunk fedett vagy z\u00e1rt helyre!<\/li>\n<li>Ker\u00fclj\u00fck a kimagasl\u00f3 helyeket, p\u00e9ld\u00e1ul a hegycs\u00facsokat, hegygerinceket, vagy a szabad, s\u00edk ter\u00fcleteket, ugyanis el\u0151bbiek vill\u00e1mh\u00e1r\u00edt\u00f3k\u00e9nt m\u0171k\u00f6dnek, ut\u00f3bbi esetben pedig mi magunk lehet\u00fcnk a kimagasl\u00f3 pont!<\/li>\n<li>\u00c1ramtalan\u00edtsuk a kaz\u00e1n vez\u00e9rl\u0151egys\u00e9g\u00e9t!<\/li>\n<li>Kapcsoljuk ki \u00e9s h\u00fazzuk ki a konnektorb\u00f3l a nagy \u00e9rt\u00e9k\u0171 m\u0171szaki cikkek vezet\u00e9keit!<\/li>\n<li>+1 Vigy\u00e1zzunk h\u00e1zi\u00e1llatainkra, mert f\u00e9lelm\u00fckben elk\u00f3borolhatnak!<\/li>\n<\/ol>\n<p>Tov\u00e1bbi tudnival\u00f3kat az Orsz\u00e1gos Katasztr\u00f3fav\u00e9delmi F\u0151igazgat\u00f3s\u00e1g honlapj\u00e1n tal\u00e1l: <strong><a href=\"http:\/\/www.katasztrofavedelem.hu\/index2.php?pageid=press_sajto_olvas&amp;kid=433\" target=\"_blank\" rel=\"noopener\">http:\/\/www.katasztrofavedelem.hu\/index2.php?pageid=press_sajto_olvas&amp;kid=433<\/a><\/strong><\/p>\n<p>&nbsp;<\/p>\n<p><strong>Groupama Biztos\u00edt\u00f3 Zrt.<\/strong><\/p>\n<p>A Groupama Biztos\u00edt\u00f3 k\u00f6zel 1,3 milli\u00f3 \u00fcgyfel\u00e9vel, teljes k\u00f6r\u0171 biztos\u00edt\u00e1si k\u00edn\u00e1lat\u00e1val a hazai biztos\u00edt\u00e1si piac egyik legjelent\u0151sebb szerepl\u0151je. 140 fi\u00f3kj\u00e1n \u00e9s 1500 f\u0151s \u00fczletk\u00f6t\u0151i h\u00e1l\u00f3zat\u00e1n k\u00edv\u00fcl online, a GroupamaDirekten, az OTP Bank 400 fi\u00f3kj\u00e1ban, valamint 450 alkuszpartner\u00e9n kereszt\u00fcl teszi el\u00e9rhet\u0151v\u00e9 szolg\u00e1ltat\u00e1sait. A biztos\u00edt\u00f3t\u00e1rsas\u00e1g befektet\u00e9si tev\u00e9kenys\u00e9g\u00e9t A t\u00e1rsas\u00e1g neve 2015. j\u00falius 1-j\u00e9t\u0151l Groupama Biztos\u00edt\u00f3.<\/p>\n","protected":false},"excerpt":{"rendered":"<p>A Groupama Biztos\u00edt\u00f3 adatai szerint a vill\u00e1mok a m\u00e1just\u00f3l szeptemberig tart\u00f3 id\u0151szakban jelentkeznek legintenz\u00edvebben, az azonban, hogy ezen bel\u00fcl melyik h\u00f3napban, m\u00e1r v\u00e1ltoz\u00f3. A biztos\u00edt\u00f3t\u00e1rsas\u00e1g az Orsz\u00e1gos Meteorol\u00f3giai Szolg\u00e1lat seg\u00edts\u00e9g\u00e9vel megvizsg\u00e1lta, mi jellemzi a ny\u00e1ri id\u0151j\u00e1r\u00e1st, illetve hasznos tan\u00e1csokat ad arra vonatkoz\u00f3an, hogy hogyan \u00f3vhatjuk meg \u00e9rt\u00e9keinket a vill\u00e1ml\u00e1ssal j\u00e1r\u00f3 viharok eset\u00e9n.<\/p>\n","protected":false},"author":1,"featured_media":79950,"comment_status":"open","ping_status":"closed","sticky":false,"template":"","format":"standard","meta":[],"categories":[403,146,4,51],"tags":[],"_links":{"self":[{"href":"https:\/\/gazdasagportal.hu\/index.php\/wp-json\/wp\/v2\/posts\/81793"}],"collection":[{"href":"https:\/\/gazdasagportal.hu\/index.php\/wp-json\/wp\/v2\/posts"}],"about":[{"href":"https:\/\/gazdasagportal.hu\/index.php\/wp-json\/wp\/v2\/types\/post"}],"author":[{"embeddable":true,"href":"https:\/\/gazdasagportal.hu\/index.php\/wp-json\/wp\/v2\/users\/1"}],"replies":[{"embeddable":true,"href":"https:\/\/gazdasagportal.hu\/index.php\/wp-json\/wp\/v2\/comments?post=81793"}],"version-history":[{"count":1,"href":"https:\/\/gazdasagportal.hu\/index.php\/wp-json\/wp\/v2\/posts\/81793\/revisions"}],"predecessor-version":[{"id":81794,"href":"https:\/\/gazdasagportal.hu\/index.php\/wp-json\/wp\/v2\/posts\/81793\/revisions\/81794"}],"wp:featuredmedia":[{"embeddable":true,"href":"https:\/\/gazdasagportal.hu\/index.php\/wp-json\/wp\/v2\/media\/79950"}],"wp:attachment":[{"href":"https:\/\/gazdasagportal.hu\/index.php\/wp-json\/wp\/v2\/media?parent=81793"}],"wp:term":[{"taxonomy":"category","embeddable":true,"href":"https:\/\/gazdasagportal.hu\/index.php\/wp-json\/wp\/v2\/categories?post=81793"},{"taxonomy":"post_tag","embeddable":true,"href":"https:\/\/gazdasagportal.hu\/index.php\/wp-json\/wp\/v2\/tags?post=81793"}],"curies":[{"name":"wp","href":"https:\/\/api.w.org\/{rel}","templated":true}]}}