{"id":81570,"date":"2016-06-27T09:40:57","date_gmt":"2016-06-27T07:40:57","guid":{"rendered":"http:\/\/gazdasagportal.hu\/?p=81570"},"modified":"2016-06-27T09:40:57","modified_gmt":"2016-06-27T07:40:57","slug":"reggeli-elemzes-rc-nemeteknel-franciaknal-is-valoszinuleg-boven-50-felett-lennenek-a-kilepok-2016-06-27","status":"publish","type":"post","link":"https:\/\/gazdasagportal.hu\/index.php\/reggeli-elemzes-rc-nemeteknel-franciaknal-is-valoszinuleg-boven-50-felett-lennenek-a-kilepok-2016-06-27\/","title":{"rendered":"Reggeli elemz\u00e9s: RC \u2013 N\u00e9metekn\u00e9l, Franci\u00e1kn\u00e1l is val\u00f3sz\u00edn\u0171leg b\u0151ven 50% felett lenn\u00e9nek a kil\u00e9p\u0151k \u2013 2016.06.27"},"content":{"rendered":"<p><strong>Halkan suttogva jegyezn\u00e9nk meg, csak hogy m\u00e9g mi is alig halljuk: N\u00e9metorsz\u00e1gban, Franciaorsz\u00e1gban is val\u00f3sz\u00edn\u0171leg b\u0151ven 50% felett lenn\u00e9nek a kil\u00e9p\u0151k, de nem lesz n\u00e9pszavaz\u00e1s &#8211; nem v\u00e9letlen\u00fcl &#8211; r\u00f3la. \u00c1m 2017 -ben n\u00e9met v\u00e1laszt\u00e1sok, na ett\u0151l mentse meg a J\u00d3ISTEN Eur\u00f3p\u00e1t. Ha a tendenci\u00e1k igazol\u00f3dnak, Merkelnek mennie kell. Mi\u00e9rt? Mer&#8217; kell! Na akik j\u00f6nnek azok tuti nem akarnak majd maradni, s\u0151t a 2017 -es kamp\u00e1ny r\u00e9sze is lehet er\u0151sen a t\u00e1voz\u00e1s&#8230;<\/strong><!--more--><\/p>\n<div class=\"ads-in-post1\"><div id=\"gazdasagportal.hu_fullbanner_wideboard\"><\/div>\r\n<\/div>\n<h2>Reggeli elemz\u00e9s<\/h2>\n<table cellspacing=\"0\">\n<tbody>\n<tr>\n<th width=\"87%\"><strong>Nemzetk\u00f6zi<\/strong><\/th>\n<th width=\"13%\"><strong>\u00c9rt\u00e9kel\u00e9s<\/strong><\/th>\n<\/tr>\n<tr>\n<td>0-4 -re kikaptunk, kiest\u00fcnk. M\u00e9gis vissza\u00edrtuk magunkat Eur\u00f3pa foci t\u00f6rt\u00e9nelm\u00e9be. Nem lett\u00fcnk EB bajnokok, de a sz\u00edv\u00fcnk akkora, hogy m\u00e9g ak\u00e1r lehet\u00fcnk is. Ha csak n\u00e9h\u00e1ny h\u00e9tre, de ism\u00e9t foci \u0151r\u00fcletben \u00e9gett a &#8222;Nagy&#8221; Pusk\u00e1s n\u00e9pe. Sz\u00e9p volt Fi\u00fak!<\/td>\n<td>+++<\/td>\n<\/tr>\n<tr>\n<td>Ez nem lesz egy\u00e9rtelm\u0171 \u00e9s nem lesz k\u00f6nny\u0171. Tal\u00e1lgat\u00e1sok, rem\u00e9nyked\u00e9sek, f\u00e9lelmek, id\u0151h\u00faz\u00e1s, ez mind-mind a BREXIT eredm\u00e9nye. Eur\u00f3p\u00e1ban kil\u00e9p\u00e9si mozgalmak indulhatnak, Putyin d\u00f6rzs\u00f6li a mark\u00e1t, a t\u00f6r\u00f6k\u00f6k j\u00f6nn\u00e9nek, az amerikaiak azt sem tudj\u00e1k mi t\u00f6rt\u00e9nik Eur\u00f3p\u00e1ban. Sz\u00e9p t\u00f6rt\u00e9nelmi csend\u00e9let, csak nehogy ord\u00edtva s\u00edr\u00e1s legyen a v\u00e9ge.<\/td>\n<td>&#8212;<\/td>\n<\/tr>\n<tr>\n<td>Lehet korrekci\u00f3? &#8211; Lehet. &#8211; Lehet folytat\u00f3d\u00f3 es\u00e9s? &#8211; Lehet. De a folyamat nem egy nap alatt fog lezajlani. Benne van a dologban, hogy komolyabb es\u00e9s is j\u00f6het, de ne feledj\u00fck: t\u00f6m\u00e9nytelen ingyen p\u00e9nz van m\u00e9g mindig a piacokon.<\/td>\n<td>&#8211;<\/td>\n<\/tr>\n<tr>\n<td>Halkan suttogva jegyezn\u00e9nk meg, csak hogy m\u00e9g mi is alig halljuk: N\u00e9metorsz\u00e1gban, Franciaorsz\u00e1gban is val\u00f3sz\u00edn\u0171leg b\u0151ven 50% felett lenn\u00e9nek a kil\u00e9p\u0151k, de nem lesz n\u00e9pszavaz\u00e1s &#8211; nem v\u00e9letlen\u00fcl &#8211; r\u00f3la. \u00c1m 2017 -ben n\u00e9met v\u00e1laszt\u00e1sok, na ett\u0151l mentse meg a J\u00d3ISTEN Eur\u00f3p\u00e1t. Ha a tendenci\u00e1k igazol\u00f3dnak, Merkelnek mennie kell. Mi\u00e9rt? Mer&#8217; kell! Na akik j\u00f6nnek azok tuti nem akarnak majd maradni, s\u0151t a 2017 -es kamp\u00e1ny r\u00e9sze is lehet er\u0151sen a t\u00e1voz\u00e1s&#8230;<\/td>\n<td>&#8212;<\/td>\n<\/tr>\n<tr>\n<td>P\u00e9ntek este a n\u00e9met DAX z\u00e1r\u00e1sa ut\u00e1n m\u00e9g \u00fct\u00f6ttek egy k\u00f6zepeset a hat\u00e1rid\u0151s indexbe \u00e9s ma reggel is a negat\u00edv tartom\u00e1nyban indul a mandula. Tess\u00e9k \u00f3vatosnak lenni, legyen a hadm\u0171velet\u00fcnk k\u00f3dja: a V\u00e1rakoz\u00f3 Majomkir\u00e1ly.<\/td>\n<td>&#8211;<\/td>\n<\/tr>\n<\/tbody>\n<\/table>\n<table cellspacing=\"0\">\n<tbody>\n<tr>\n<th width=\"87%\"><strong>Magyar<\/strong><\/th>\n<th width=\"13%\"><strong>\u00c9rt\u00e9kel\u00e9s<\/strong><\/th>\n<\/tr>\n<tr>\n<td>H\u00e1t ez durva volt. K\u00f6zel 2000 pontos m\u00ednuszban is j\u00e1rt a BUX index. V\u00e9g\u00fcl k\u00e9pesek voltunk 500-600 ponttal feljebb z\u00e1rni, de \u00edgy is hatalmas 1200 pontos m\u00ednusszal z\u00e1rtuk a napot. A forgalom meglepet\u00e9sre m\u00e9g a BREXIT napj\u00e1n sem haladta meg a 20 Mrd forintot.<\/td>\n<td>&#8212;<\/td>\n<\/tr>\n<tr>\n<td>Az OTP, a Richter gyakorlatilag megcsin\u00e1lta a 200 napos mozg\u00f3 \u00e1tlag\u00e1nak \u00e9rint\u00e9s\u00e9t, ahonnan sz\u00e9pet pattantak is az \u00e1rfolyamuk. A v\u00e9g\u00e9re m\u00e9gis ink\u00e1bb a lefel\u00e9 csordog\u00e1l\u00e1s volt a jellemz\u0151.<\/td>\n<td>+<\/td>\n<\/tr>\n<tr>\n<td>A magyar piac is korrig\u00e1lhat egy keveset, a nemzetk\u00f6zi p\u00e1nik el\u00fcl\u00e9se lend\u00edtheti az indexet. A fel\u00fclteljes\u00edt\u00e9s jellemz\u0151 az egy\u00e9bk\u00e9nt alacsony forgalm\u00fa B\u00c9T piac\u00e1ra.<\/td>\n<td>++<\/td>\n<\/tr>\n<tr>\n<td>P\u00e9nz\u00fcgyminiszter\u00fcnk Varga Mih\u00e1ly szerint nincs r\u00f6vidt\u00e1von hat\u00e1sa a BREXIT -nek a magyar GDP alakul\u00e1s\u00e1ra.<\/td>\n<td>++<\/td>\n<\/tr>\n<\/tbody>\n<\/table>\n<p>&nbsp;<\/p>\n<div><a href=\"http:\/\/randomcapital.hu\/\" target=\"_blank\" data-saferedirecturl=\"https:\/\/www.google.com\/url?hl=hu&amp;q=http:\/\/randomcapital.hu\/&amp;source=gmail&amp;ust=1467099368351000&amp;usg=AFQjCNHifQEApPhFhTY9Dh-IptRcHAsbSQ\" rel=\"noopener\">Nemzetk\u00f6zi \u00e9s magyar <strong>R\u00c9SZV\u00c9NYEK, FX, CFD<\/strong> egy helyen, alacsony jutal\u00e9kok, ingyenes sz\u00e1mlavezet\u00e9s 2016. janu\u00e1r 1.-t\u0151l 30 milli\u00f3 Ft-os BEVA v\u00e9delemmel.<\/a><\/div>\n<p>&nbsp;<\/p><div id=\"gazda-4135312944\" class=\"gazda-tartalomban gazda-entity-placement\"><script async src=\"https:\/\/pagead2.googlesyndication.com\/pagead\/js\/adsbygoogle.js\"><\/script>\r\n<ins class=\"adsbygoogle\"\r\n     style=\"display:block\"\r\n     data-ad-format=\"fluid\"\r\n     data-ad-layout-key=\"-6t+ed+2i-1n-4w\"\r\n     data-ad-client=\"ca-pub-1959107119989764\"\r\n     data-ad-slot=\"4008251320\"><\/ins>\r\n<script>\r\n     (adsbygoogle = window.adsbygoogle || []).push({});\r\n<\/script><\/div>\n<table cellspacing=\"0\">\n<thead>\n<tr>\n<th colspan=\"2\">Indexek<\/th>\n<\/tr>\n<\/thead>\n<tbody>\n<tr>\n<td>S&amp;P 500<\/td>\n<td>2 037,41 <span style=\"font-size: xx-small;\">(-75,91 -3,59%)<\/span><\/td>\n<\/tr>\n<tr>\n<td>Dow Jones Ind<\/td>\n<td>17 400,75 <span style=\"font-size: xx-small;\">(-610,32 -3,39%)<\/span><\/td>\n<\/tr>\n<tr>\n<td>NASDAQ Comp<\/td>\n<td>4 707,98 <span style=\"font-size: xx-small;\">(-202,06 -4,12%)<\/span><\/td>\n<\/tr>\n<tr>\n<td>DAX<\/td>\n<td>9 557,16 <span style=\"font-size: xx-small;\">(-699,87 -6,82%)<\/span><\/td>\n<\/tr>\n<tr>\n<td>NIKKEI 225<\/td>\n<td>15 309,21 <span style=\"font-size: xx-small;\">(+357,19 +2,39%)<\/span><\/td>\n<\/tr>\n<\/tbody>\n<\/table>\n<p>&nbsp;<\/p>\n<table cellspacing=\"0\">\n<thead>\n<tr>\n<th colspan=\"2\">B\u00c9T el\u0151z\u0151 z\u00e1r\u00f3<\/th>\n<\/tr>\n<\/thead>\n<tbody>\n<tr>\n<td>BUX<\/td>\n<td>25 724,91<\/td>\n<\/tr>\n<tr>\n<td>OTP<\/td>\n<td>6 325<\/td>\n<\/tr>\n<tr>\n<td>MOL<\/td>\n<td>16 180<\/td>\n<\/tr>\n<tr>\n<td>MTELEKOM<\/td>\n<td>439<\/td>\n<\/tr>\n<tr>\n<td>RICHTER<\/td>\n<td>5 331<\/td>\n<\/tr>\n<\/tbody>\n<\/table>\n<p>(Random Capital)<\/p>\n","protected":false},"excerpt":{"rendered":"<p>Halkan suttogva jegyezn\u00e9nk meg, csak hogy m\u00e9g mi is alig halljuk: N\u00e9metorsz\u00e1gban, Franciaorsz\u00e1gban is val\u00f3sz\u00edn\u0171leg b\u0151ven 50% felett lenn\u00e9nek a kil\u00e9p\u0151k, de nem lesz n\u00e9pszavaz\u00e1s &#8211; nem v\u00e9letlen\u00fcl &#8211; r\u00f3la. \u00c1m 2017 -ben n\u00e9met v\u00e1laszt\u00e1sok, na ett\u0151l mentse meg a J\u00d3ISTEN Eur\u00f3p\u00e1t. Ha a tendenci\u00e1k igazol\u00f3dnak, Merkelnek mennie kell. Mi\u00e9rt? Mer&#8217; kell! Na akik j\u00f6nnek &#8230;<\/p>\n","protected":false},"author":1,"featured_media":0,"comment_status":"open","ping_status":"closed","sticky":false,"template":"","format":"standard","meta":[],"categories":[8,7],"tags":[],"_links":{"self":[{"href":"https:\/\/gazdasagportal.hu\/index.php\/wp-json\/wp\/v2\/posts\/81570"}],"collection":[{"href":"https:\/\/gazdasagportal.hu\/index.php\/wp-json\/wp\/v2\/posts"}],"about":[{"href":"https:\/\/gazdasagportal.hu\/index.php\/wp-json\/wp\/v2\/types\/post"}],"author":[{"embeddable":true,"href":"https:\/\/gazdasagportal.hu\/index.php\/wp-json\/wp\/v2\/users\/1"}],"replies":[{"embeddable":true,"href":"https:\/\/gazdasagportal.hu\/index.php\/wp-json\/wp\/v2\/comments?post=81570"}],"version-history":[{"count":1,"href":"https:\/\/gazdasagportal.hu\/index.php\/wp-json\/wp\/v2\/posts\/81570\/revisions"}],"predecessor-version":[{"id":81571,"href":"https:\/\/gazdasagportal.hu\/index.php\/wp-json\/wp\/v2\/posts\/81570\/revisions\/81571"}],"wp:attachment":[{"href":"https:\/\/gazdasagportal.hu\/index.php\/wp-json\/wp\/v2\/media?parent=81570"}],"wp:term":[{"taxonomy":"category","embeddable":true,"href":"https:\/\/gazdasagportal.hu\/index.php\/wp-json\/wp\/v2\/categories?post=81570"},{"taxonomy":"post_tag","embeddable":true,"href":"https:\/\/gazdasagportal.hu\/index.php\/wp-json\/wp\/v2\/tags?post=81570"}],"curies":[{"name":"wp","href":"https:\/\/api.w.org\/{rel}","templated":true}]}}