{"id":81555,"date":"2016-06-27T05:17:16","date_gmt":"2016-06-27T03:17:16","guid":{"rendered":"http:\/\/gazdasagportal.hu\/?p=81555"},"modified":"2016-06-26T23:38:15","modified_gmt":"2016-06-26T21:38:15","slug":"2017-a-beremelesek-eve-is","status":"publish","type":"post","link":"https:\/\/gazdasagportal.hu\/index.php\/2017-a-beremelesek-eve-is\/","title":{"rendered":"2017 a b\u00e9remel\u00e9sek \u00e9ve is"},"content":{"rendered":"<p><strong> Az el\u0151tt\u00fcnk \u00e1ll\u00f3 id\u0151szak \u00e9s a 2017-es \u00e9v a b\u00e9remel\u00e9sekr\u0151l is sz\u00f3l &#8211; jelentette ki a Minisztereln\u00f6ki Kabinetiroda parlamenti \u00e1llamtitk\u00e1ra vas\u00e1rnap Budapesten.<\/strong><!--more--><\/p>\n<div class=\"ads-in-post1\"><div id=\"gazdasagportal.hu_fullbanner_wideboard\"><\/div>\r\n<\/div>\n<p>    D\u00f6m\u00f6t\u00f6r Csaba sajt\u00f3t\u00e1j\u00e9koztat\u00f3j\u00e1n elmondta: a b\u00e9remel\u00e9sekkel a korm\u00e1ny szeretn\u00e9 megbecs\u00fclni azokat, akik &#8222;odaad\u00f3 munk\u00e1jukkal&#8221; napr\u00f3l napra hozz\u00e1j\u00e1rulnak Magyarorsz\u00e1g gyarapod\u00e1s\u00e1hoz.<br \/>\n    Kifejtette: a b\u00e9remel\u00e9sre az teremtett lehet\u0151s\u00e9get, hogy a magyar gazdas\u00e1g stabil l\u00e1bakon \u00e1ll, n\u00f6veked\u0151 p\u00e1ly\u00e1n van, alacsony az infl\u00e1ci\u00f3, kord\u00e1ban tartott a hi\u00e1ny \u00e9s cs\u00f6kken\u0151 p\u00e1ly\u00e1n az \u00e1llamad\u00f3ss\u00e1g. Ugyanakkor 2010-hez k\u00e9pest t\u00f6bb mint 500 ezer emberrel t\u00f6bb dolgozik; mindez\u00e9rt a korm\u00e1ny a gazdas\u00e1g teherb\u00edr\u00f3 k\u00e9pess\u00e9g\u00e9vel \u00f6sszhangban fokozatos b\u00e9remel\u00e9si programokat ind\u00edthat &#8211; tette hozz\u00e1 a politikus.<br \/>\n    D\u00f6m\u00f6t\u00f6r Csaba kiemelte, hogy a b\u00e9rek az elm\u00falt id\u0151szakban is n\u00f6vekedtek Magyarorsz\u00e1gon: a 2016 janu\u00e1r-\u00e1prilisi id\u0151szakban, az el\u0151z\u0151 esztend\u0151 hasonl\u00f3 id\u0151szak\u00e1hoz k\u00e9pest, brutt\u00f3 6,1 \u00e9s nett\u0151 7,8 sz\u00e1zal\u00e9kkal.<br \/>\n    Mint elmondta: az el\u0151tt\u00fcnk \u00e1ll\u00f3 id\u0151szakban magasabb b\u00e9rekre sz\u00e1m\u00edthatnak a rendv\u00e9delmi dolgoz\u00f3k, a korm\u00e1nyhivatalokban, a j\u00e1r\u00e1si hivatalokban, az igazs\u00e1g\u00fcgyben dolgoz\u00f3k, a pedag\u00f3gusok, a fels\u0151oktat\u00e1si alkalmazottak, a b\u00f6lcs\u0151dei nevel\u0151k, a szoci\u00e1lis dolgoz\u00f3k, a kultur\u00e1lis szf\u00e9ra k\u00f6zalkalmazottai \u00e9s azok is, akik az eg\u00e9szs\u00e9g\u00fcgyben tev\u00e9kenykednek.<br \/>\n    Az \u00e1llamtitk\u00e1r k\u00f6zl\u00e9se szerint a rendv\u00e9delmi dolgoz\u00f3k 2018-ig, az elm\u00falt \u00e9vhez k\u00e9pest, 50 sz\u00e1zal\u00e9kos b\u00e9remel\u00e9sben r\u00e9szes\u00fclnek. A j\u00e1r\u00e1si hivatalok alkalmazottainak j\u00falius 1-j\u00e9t\u0151l, a korm\u00e1nyhivatalokban dolgoz\u00f3knak 2017 janu\u00e1r 1-j\u00e9t\u0151l emelkedik a b\u00e9re; ez a program \u00f6sszesen 32 ezer embert \u00e9rint \u00e9s 42 milli\u00e1rd forintot sz\u00e1n r\u00e1 a korm\u00e1ny.<br \/>\n    P\u00e9ldak\u00e9nt eml\u00edtette, hogy egy 8 \u00e9ves szolg\u00e1lati jogviszonnyal rendelkez\u0151 \u00fcgyint\u00e9z\u0151 illetm\u00e9nye most 129 ezer forint, ami 195 ezer forintra emelkedik. Egy j\u00e1r\u00e1si hivatalban dolgoz\u00f3 igazgat\u00e1sszervez\u0151, 30 \u00e9v jogviszonnyal \u00e9s fels\u0151fok\u00fa v\u00e9gzetts\u00e9ggel, az eddigi 301 ezer forint helyett 369 ezer forintot vihet haza.<br \/>\n    Ugyancsak n\u0151 a NAV dolgoz\u00f3inak b\u00e9re, illetve az igazs\u00e1gszolg\u00e1ltat\u00e1sban tev\u00e9kenyked\u0151k fizet\u00e9se id\u00e9n okt\u00f3berben 5 sz\u00e1zal\u00e9kkal, majd a k\u00f6vetkez\u0151 k\u00e9t \u00e9vben \u00fajabb 5-5 sz\u00e1zal\u00e9kkal emelkedik &#8211; mondta D\u00f6m\u00f6t\u00f6r Csaba.<br \/>\n    R\u00e9tv\u00e1ri Bence az Emberi Er\u0151forr\u00e1sok Miniszt\u00e9rium\u00e1nak parlamenti \u00e1llamtitk\u00e1ra arr\u00f3l sz\u00f3lt, hogy a gazdas\u00e1gi fejl\u0151d\u00e9s eredm\u00e9nyeib\u0151l imm\u00e1r a r\u00e1szorul\u00f3kkal, illetve a gyermekekkel foglalkoz\u00f3k is r\u00e9szes\u00fclhetnek.<br \/>\n    Az eg\u00e9szs\u00e9g\u00fcgyben nagy el\u0151rel\u00e9p\u00e9st jelent a k\u00f6vetkez\u0151 \u00e9vben, hogy a GDP f\u00e9l sz\u00e1zal\u00e9k\u00e1val, 171 milli\u00e1rd forinttal n\u0151nek az \u00e1gazatra jut\u00f3 forr\u00e1sok, ami azt jelenti, hogy 82,1 milli\u00e1rd forint t\u00f6bblet jut a b\u00e9remel\u00e9sekre is. Mindennek nyom\u00e1n a szakorvosok \u00e9s szakgy\u00f3gyszer\u00e9szek id\u00e9n szeptembert\u0151l 107 ezer forint b\u00e9remel\u00e9st kaphatnak, j\u00f6v\u0151 \u00e9v november\u00e9t\u0151l pedig tov\u00e1bbi 100 ezer forint t\u00f6bbletet &#8211; sorolta.<br \/>\n    Ezzel p\u00e1rhuzamosan az \u00e1pol\u00f3knak n\u00e9gy \u00e9v alatt \u00e1tlagosan 65 sz\u00e1zal\u00e9kkal n\u0151 a b\u00e9re; ez az id\u00e9n 26,5 sz\u00e1zal\u00e9kos illetm\u00e9nyemel\u00e9st jelent &#8211; f\u0171zte hozz\u00e1.<br \/>\n    Az alapell\u00e1t\u00e1sban dolgoz\u00f3k 2010 \u00f3ta 41 sz\u00e1zal\u00e9kos finansz\u00edroz\u00e1si t\u00f6bbletben r\u00e9szes\u00fcltek; ez a folyamat folytat\u00f3dik. A h\u00e1ziorvosi praxisok 10 milli\u00e1rd forint t\u00f6bbletfinansz\u00edroz\u00e1st kapnak \u00e9s a v\u00e9d\u0151n\u0151k \u00e9s fogorvosok is 2-2 milli\u00e1rd forint t\u00f6bblethez jutnak. Ez a v\u00e9d\u0151n\u0151knek 30-35 ezer forintot, a fogorvosoknak 50-55 ezer forintot jelent havonta &#8211; jelezte az \u00e1llamtitk\u00e1r.<br \/>\n    Ugyancsak p\u00e9ldak\u00e9nt eml\u00edtette, hogy egy 18 \u00e9ve dolgoz\u00f3 aneszteziol\u00f3giai szakasszisztens eset\u00e9ben az emel\u00e9s 104 ezer forint keresetn\u00f6veked\u00e9st jelent, de egy szak\u00e1pol\u00f3 is 80-90 ezer forinttal vihet t\u00f6bbet haza.<br \/>\n    A fels\u0151fok\u00fa v\u00e9gzetts\u00e9g\u0171 b\u00f6lcs\u0151dei nevel\u0151k b\u00e9rrendez\u00e9se m\u00e1r megt\u00f6rt\u00e9nt, most pedig a k\u00f6z\u00e9pfok\u00fa v\u00e9gzetts\u00e9g\u0171ek sz\u00e1m\u00e1ra k\u00fcl\u00f6n\u00edtettek el 1 plusz f\u00e9l milli\u00e1rd forintot &#8211; f\u0171zte hozz\u00e1.<br \/>\n    Hangs\u00falyozta azt is, hogy a pedag\u00f3gusoknak az id\u00e9n \u00e9s j\u00f6v\u0151re egyar\u00e1nt 3,5-3,5 sz\u00e1zal\u00e9kkal emelkedik az illetm\u00e9nye, ami az id\u00e9n 38 milli\u00e1rd, j\u00f6v\u0151re pedig 45 milli\u00e1rd forint t\u00f6bbletet jelent. Azoknak a b\u00e9re is n\u0151, akik nem pedag\u00f3gus v\u00e9gzetts\u00e9ggel rendelkeznek.<br \/>\n    A szoci\u00e1lis szf\u00e9r\u00e1ban dolgoz\u00f3k sz\u00e1m\u00e1ra m\u00e1r egy \u00e1gazati b\u00e9rp\u00f3tl\u00e9k \u00e9s kieg\u00e9sz\u00edt\u00e9s is j\u00f3v\u00e1hagy\u00e1sra ker\u00fclt az elm\u00falt \u00e9vekben, ami egy f\u0151iskolai v\u00e9gzetts\u00e9g\u0171 csal\u00e1dgondoz\u00f3 eset\u00e9ben havi 45 ezer forint pluszt jelent \u00e9s a k\u00f6vetkez\u0151 \u00e9vekben is sz\u00e1m\u00edthatnak t\u00f6bbletre.<br \/>\n    A kultur\u00e1lis dolgoz\u00f3k 15 sz\u00e1zal\u00e9kos b\u00e9remel\u00e9sben r\u00e9szes\u00fclnek &#8211; mondta az \u00e1llamtitk\u00e1r.<br \/>\n    V\u00e9g\u00fcl azt hangs\u00falyozta, hogy a fels\u0151oktat\u00e1sban is folyamatos a fizet\u00e9sek emel\u00e9se, id\u00e9n \u00e9s j\u00f6v\u0151re 5-5 sz\u00e1zal\u00e9kos b\u00e9remel\u00e9st kapnak a ter\u00fcleten dolgoz\u00f3k &#8211; sorolta R\u00e9tv\u00e1ri Bence.(MTI)<\/p>\n","protected":false},"excerpt":{"rendered":"<p>Az el\u0151tt\u00fcnk \u00e1ll\u00f3 id\u0151szak \u00e9s a 2017-es \u00e9v a b\u00e9remel\u00e9sekr\u0151l is sz\u00f3l &#8211; jelentette ki a Minisztereln\u00f6ki Kabinetiroda parlamenti \u00e1llamtitk\u00e1ra vas\u00e1rnap Budapesten.<\/p>\n","protected":false},"author":1,"featured_media":0,"comment_status":"open","ping_status":"closed","sticky":false,"template":"","format":"standard","meta":[],"categories":[4,19],"tags":[],"_links":{"self":[{"href":"https:\/\/gazdasagportal.hu\/index.php\/wp-json\/wp\/v2\/posts\/81555"}],"collection":[{"href":"https:\/\/gazdasagportal.hu\/index.php\/wp-json\/wp\/v2\/posts"}],"about":[{"href":"https:\/\/gazdasagportal.hu\/index.php\/wp-json\/wp\/v2\/types\/post"}],"author":[{"embeddable":true,"href":"https:\/\/gazdasagportal.hu\/index.php\/wp-json\/wp\/v2\/users\/1"}],"replies":[{"embeddable":true,"href":"https:\/\/gazdasagportal.hu\/index.php\/wp-json\/wp\/v2\/comments?post=81555"}],"version-history":[{"count":1,"href":"https:\/\/gazdasagportal.hu\/index.php\/wp-json\/wp\/v2\/posts\/81555\/revisions"}],"predecessor-version":[{"id":81556,"href":"https:\/\/gazdasagportal.hu\/index.php\/wp-json\/wp\/v2\/posts\/81555\/revisions\/81556"}],"wp:attachment":[{"href":"https:\/\/gazdasagportal.hu\/index.php\/wp-json\/wp\/v2\/media?parent=81555"}],"wp:term":[{"taxonomy":"category","embeddable":true,"href":"https:\/\/gazdasagportal.hu\/index.php\/wp-json\/wp\/v2\/categories?post=81555"},{"taxonomy":"post_tag","embeddable":true,"href":"https:\/\/gazdasagportal.hu\/index.php\/wp-json\/wp\/v2\/tags?post=81555"}],"curies":[{"name":"wp","href":"https:\/\/api.w.org\/{rel}","templated":true}]}}