{"id":81552,"date":"2016-06-27T04:44:40","date_gmt":"2016-06-27T02:44:40","guid":{"rendered":"http:\/\/gazdasagportal.hu\/?p=81552"},"modified":"2016-06-26T23:36:44","modified_gmt":"2016-06-26T21:36:44","slug":"heves-zivatarokkal-kisert-hidegfront","status":"publish","type":"post","link":"https:\/\/gazdasagportal.hu\/index.php\/heves-zivatarokkal-kisert-hidegfront\/","title":{"rendered":"Heves zivatarokkal k\u00eds\u00e9rt hidegfront"},"content":{"rendered":"<p><strong>A heves zivatarokkal k\u00eds\u00e9rt hidegfront hat\u00e1s\u00e1ra j\u00fanius utols\u00f3 napjaiban kiss\u00e9 enyh\u00fcl az eddigi k\u00e1nikula, n\u00e9hol csak 20 Celsius-fok k\u00f6r\u00fcl alakulnak a maximumok. A h\u00e9ten is t\u00f6bbsz\u00f6r lesznek z\u00e1porok, zivatarok, mindek\u00f6zben a h\u00e9t m\u00e1sodik fel\u00e9t\u0151l t\u00f6bbfel\u00e9 ism\u00e9t 30 fokn\u00e1l is melegebb lesz &#8211; der\u00fcl ki az Orsz\u00e1gos Meteorol\u00f3giai Szolg\u00e1lat orsz\u00e1gos, k\u00f6z\u00e9pt\u00e1v\u00fa el\u0151rejelz\u00e9s\u00e9b\u0151l, amelyet vas\u00e1rnap juttattak el az MTI-hez.<\/strong><!--more--><\/p>\n<div class=\"ads-in-post1\"><div id=\"gazdasagportal.hu_fullbanner_wideboard\"><\/div>\r\n<\/div>\n<p>    H\u00e9tf\u0151n a Dun\u00e1nt\u00falon felh\u0151\u00e1tvonul\u00e1sokra, t\u00f6bb helyen szeles id\u0151re lehet sz\u00e1m\u00edtani hosszabb-r\u00f6videbb napos id\u0151szakokkal, legfeljebb elsz\u00f3rt, r\u00f6vid z\u00e1porokkal. Sopron \u00e9s Kapuv\u00e1r t\u00e9rs\u00e9g\u00e9ben id\u0151nk\u00e9nt viharos sz\u00e9ll\u00f6k\u00e9sek lehetnek. A Dun\u00e1t\u00f3l keletre t\u00f6bbfel\u00e9 lehet z\u00e1pores\u0151, zivatar, f\u0151leg a Balassagyarmat-B\u00e9k\u00e9scsaba vonal ment\u00e9n helyenk\u00e9nt felh\u0151szakad\u00e1s is. A keleti orsz\u00e1gr\u00e9szben tov\u00e1bbra is gyeng\u00e9bb lesz a sz\u00e9l, de a zivatarokat errefel\u00e9 is k\u00eds\u00e9rhetik viharos sz\u00e9lrohamok. A legalacsonyabb h\u0151m\u00e9rs\u00e9klet 16-21, a legmagasabb h\u0151m\u00e9rs\u00e9klet 21-30 fok k\u00f6z\u00f6tt val\u00f3sz\u00edn\u0171, a legh\u0171v\u00f6sebb id\u0151 a Fert\u0151-t\u00f3 k\u00f6rny\u00e9k\u00e9n, a legmelegebb a Duna-Tisza k\u00f6ze d\u00e9lnyugati r\u00e9sz\u00e9n v\u00e1rhat\u00f3.<br \/>\n    Kedden kezdetben t\u00f6bbfel\u00e9, majd egyre kevesebb helyen alakulhat ki csapad\u00e9k. A k\u00f6z\u00e9ps\u0151 \u00e9s keleti orsz\u00e1gr\u00e9szben v\u00e1rhat\u00f3 es\u0151, z\u00e1por. A Tisz\u00e1nt\u00falon egy-egy zivatar sem kiz\u00e1rt. A Dun\u00e1nt\u00falon t\u00f6bb \u00f3r\u00e1ra kis\u00fct a nap, de est\u00e9re m\u00e1r nagy ter\u00fcleten kider\u00fcl az \u00e9g. A leghidegebb \u00f3r\u00e1kban 14-19 fok lehet. Nappal 23-28 fokig melegszik a leveg\u0151.<br \/>\n    Szerd\u00e1n m\u00e1r t\u00falnyom\u00f3an der\u00fclt id\u0151 v\u00e1rhat\u00f3 csapad\u00e9k n\u00e9lk\u00fcl. A minimumh\u0151m\u00e9rs\u00e9klet 11-16, a maximumh\u0151m\u00e9rs\u00e9klet 27-31 fok k\u00f6z\u00f6tt val\u00f3sz\u00edn\u0171.<br \/>\n    J\u00fanius utols\u00f3 napj\u00e1n, cs\u00fct\u00f6rt\u00f6k\u00f6n kezdetben gomolyfelh\u0151k zavarhatj\u00e1k a naps\u00fct\u00e9st, k\u00e9s\u0151 d\u00e9lut\u00e1nt\u00f3l pedig m\u00e1r er\u0151teljesebb felh\u0151k\u00e9pz\u0151d\u00e9sre kell sz\u00e1m\u00edtani. Est\u00e9t\u0151l a Dun\u00e1nt\u00falon n\u00e9hol z\u00e1por, zivatar is el\u0151fordulhat. Nyugat-Magyarorsz\u00e1gon er\u0151s, emellett zivatarok k\u00f6rnyezet\u00e9ben viharos sz\u00e9ll\u00f6k\u00e9sek is lehetnek. A legalacsonyabb h\u0151m\u00e9rs\u00e9klet 13-18, a legmagasabb h\u0151m\u00e9rs\u00e9klet 28-32 fok k\u00f6z\u00f6tt alakul.<br \/>\n    P\u00e9nteken t\u00f6bb \u00f3r\u00e1ra kis\u00fct a nap, viszont elsz\u00f3rtan &#8211; f\u0151k\u00e9nt \u00e9szakon \u00e9s keleten &#8211; z\u00e1porok, zivatarok alakulhatnak ki. A leghidegebb \u00f3r\u00e1kban 15-20 fok lehet. Napk\u00f6zben 25-31 fokig melegszik a leveg\u0151.<br \/>\n    A t\u00f6bb\u00f3r\u00e1s naps\u00fct\u00e9s mellett szombaton \u00e9s vas\u00e1rnap is lehetnek n\u00e9hol z\u00e1porok, zivatarok. A minimumh\u0151m\u00e9rs\u00e9klet mindk\u00e9t nap 14-19 fok k\u00f6z\u00f6tt val\u00f3sz\u00edn\u0171. A nappali maximumok szombaton v\u00e1rhat\u00f3an 28-32, vas\u00e1rnap 27-32 fok k\u00f6z\u00f6tt alakulnak &#8211; olvashat\u00f3 az el\u0151rejelz\u00e9sben.(MTI)<\/p>\n","protected":false},"excerpt":{"rendered":"<p>A heves zivatarokkal k\u00eds\u00e9rt hidegfront hat\u00e1s\u00e1ra j\u00fanius utols\u00f3 napjaiban kiss\u00e9 enyh\u00fcl az eddigi k\u00e1nikula, n\u00e9hol csak 20 Celsius-fok k\u00f6r\u00fcl alakulnak a maximumok. A h\u00e9ten is t\u00f6bbsz\u00f6r lesznek z\u00e1porok, zivatarok, mindek\u00f6zben a h\u00e9t m\u00e1sodik fel\u00e9t\u0151l t\u00f6bbfel\u00e9 ism\u00e9t 30 fokn\u00e1l is melegebb lesz &#8211; der\u00fcl ki az Orsz\u00e1gos Meteorol\u00f3giai Szolg\u00e1lat orsz\u00e1gos, k\u00f6z\u00e9pt\u00e1v\u00fa el\u0151rejelz\u00e9s\u00e9b\u0151l, amelyet vas\u00e1rnap juttattak el &#8230;<\/p>\n","protected":false},"author":1,"featured_media":0,"comment_status":"open","ping_status":"closed","sticky":false,"template":"","format":"standard","meta":[],"categories":[4],"tags":[],"_links":{"self":[{"href":"https:\/\/gazdasagportal.hu\/index.php\/wp-json\/wp\/v2\/posts\/81552"}],"collection":[{"href":"https:\/\/gazdasagportal.hu\/index.php\/wp-json\/wp\/v2\/posts"}],"about":[{"href":"https:\/\/gazdasagportal.hu\/index.php\/wp-json\/wp\/v2\/types\/post"}],"author":[{"embeddable":true,"href":"https:\/\/gazdasagportal.hu\/index.php\/wp-json\/wp\/v2\/users\/1"}],"replies":[{"embeddable":true,"href":"https:\/\/gazdasagportal.hu\/index.php\/wp-json\/wp\/v2\/comments?post=81552"}],"version-history":[{"count":2,"href":"https:\/\/gazdasagportal.hu\/index.php\/wp-json\/wp\/v2\/posts\/81552\/revisions"}],"predecessor-version":[{"id":81554,"href":"https:\/\/gazdasagportal.hu\/index.php\/wp-json\/wp\/v2\/posts\/81552\/revisions\/81554"}],"wp:attachment":[{"href":"https:\/\/gazdasagportal.hu\/index.php\/wp-json\/wp\/v2\/media?parent=81552"}],"wp:term":[{"taxonomy":"category","embeddable":true,"href":"https:\/\/gazdasagportal.hu\/index.php\/wp-json\/wp\/v2\/categories?post=81552"},{"taxonomy":"post_tag","embeddable":true,"href":"https:\/\/gazdasagportal.hu\/index.php\/wp-json\/wp\/v2\/tags?post=81552"}],"curies":[{"name":"wp","href":"https:\/\/api.w.org\/{rel}","templated":true}]}}