{"id":81546,"date":"2016-06-27T03:26:01","date_gmt":"2016-06-27T01:26:01","guid":{"rendered":"http:\/\/gazdasagportal.hu\/?p=81546"},"modified":"2016-06-26T23:26:49","modified_gmt":"2016-06-26T21:26:49","slug":"cameron-varhatoan-nem-fogja-bejelenteni-orszaga-kilepesi-szandekat-a-jovo-heti-eu-csucson","status":"publish","type":"post","link":"https:\/\/gazdasagportal.hu\/index.php\/cameron-varhatoan-nem-fogja-bejelenteni-orszaga-kilepesi-szandekat-a-jovo-heti-eu-csucson\/","title":{"rendered":"Cameron v\u00e1rhat\u00f3an nem fogja bejelenteni orsz\u00e1ga kil\u00e9p\u00e9si sz\u00e1nd\u00e9k\u00e1t a j\u00f6v\u0151 heti EU-cs\u00facson"},"content":{"rendered":"<p><strong>David Cameron brit minisztereln\u00f6k v\u00e1rhat\u00f3an nem fogja hivatalosan bejelenteni Nagy-Britannia kil\u00e9p\u00e9si sz\u00e1nd\u00e9k\u00e1t az uni\u00f3s \u00e1llam-, illetve korm\u00e1nyf\u0151k j\u00f6v\u0151 heti cs\u00facstal\u00e1lkoz\u00f3j\u00e1n &#8211; err\u0151l adott t\u00e1j\u00e9koztat\u00e1st egy magas rang\u00fa uni\u00f3s tiszts\u00e9gvisel\u0151 vas\u00e1rnap.<\/strong><!--more--><\/p>\n<div class=\"ads-in-post1\"><div id=\"gazdasagportal.hu_fullbanner_wideboard\"><\/div>\r\n<\/div>\n<p>    &#8222;Arra sz\u00e1m\u00edtunk, hogy Cameron ismerteti a n\u00e9pszavaz\u00e1s v\u00e9geredm\u00e9ny\u00e9t \u00e9s a nagy-britanniai helyzetet (&#8230;), arra viszont nem, hogy megind\u00edtja a Lisszaboni Szerz\u0151d\u00e9s 50. cikke szerinti mechanizmust&#8221; &#8211; mondta a diplomata a tag\u00e1llami korm\u00e1nyok k\u00e9pvisel\u0151inek vas\u00e1rnapi tan\u00e1cskoz\u00e1sa ut\u00e1n.<br \/>\n    Az uni\u00f3s int\u00e9zm\u00e9nyek \u00e9s az eur\u00f3pai parlamenti frakci\u00f3k vezet\u0151i p\u00e9nteken a kiv\u00e1l\u00e1si t\u00e1rgyal\u00e1sok mihamarabbi megkezd\u00e9s\u00e9re sz\u00f3l\u00edtott\u00e1k fel Nagy-Britanni\u00e1t, amelynek lakoss\u00e1ga az EU-b\u00f3l val\u00f3 t\u00e1voz\u00e1s mellett d\u00f6nt\u00f6tt az egy nappal kor\u00e1bbra ki\u00edrt referendumon. Ehhez azonban a brit korm\u00e1nynak el\u0151sz\u00f6r hivatalosan be kellene jelenteni az orsz\u00e1g kil\u00e9p\u00e9si sz\u00e1nd\u00e9k\u00e1t, ami egyel\u0151re \u00fagy t\u0171nik, hogy ak\u00e1r okt\u00f3berig is v\u00e1rathat mag\u00e1ra.<br \/>\n    A neve elhallgat\u00e1s\u00e1t k\u00e9r\u0151 illet\u00e9kes kijelentette, &#8222;mindenki meg\u00e9rti, hogy jelen pillanatban el\u00e9gg\u00e9 v\u00e1ls\u00e1gos a helyzet Nagy-Britanni\u00e1ban&#8221;. Mint mondta, Cameron a besz\u00e9d\u00e9ben v\u00e1rhat\u00f3an arra is ki fog t\u00e9rni, hogy terveik szerint mikor \u00e9s hogyan ker\u00fcl sor a szigetorsz\u00e1g kil\u00e9p\u00e9s\u00e9re az Eur\u00f3pai Uni\u00f3b\u00f3l.<br \/>\n    &#8222;A t\u00f6bbi uni\u00f3s vezet\u0151 \u00e1ll\u00e1spontja az, hogy k\u00e9szen \u00e1llnak a folyamat miel\u0151bbi elind\u00edt\u00e1s\u00e1ra, ezt k\u00edv\u00e1nja meg Nagy-Britannia \u00e9s az Eur\u00f3pai Uni\u00f3 \u00e9rdeke is&#8221; &#8211; k\u00f6z\u00f6lte a diplomata.<br \/>\n    Kedden huszonnyolcas k\u00f6rben t\u00e1rgyalnak az uni\u00f3s \u00e1llam-, illetve korm\u00e1nyf\u0151k, a szerdai napon azonban m\u00e1r csak a bennmarad\u00f3k maradnak majd Br\u00fcsszelben, hogy a britek kil\u00e9p\u00e9s\u00e9nek k\u00f6vetkezm\u00e9nyeir\u0151l \u00e9s a &#8222;kiv\u00e1l\u00e1si folyamatr\u00f3l&#8221; egyeztessenek.<br \/>\n    Nagy-Britanni\u00e1ban cs\u00fct\u00f6rt\u00f6k\u00f6n tartottak n\u00e9pszavaz\u00e1st arr\u00f3l, hogy a szigetorsz\u00e1g tov\u00e1bbra is az Eur\u00f3pai Uni\u00f3 tagja maradjon-e. A hivatalos adatok szerint a brit v\u00e1laszt\u00f3k 52 sz\u00e1zal\u00e9ka szavazott a kil\u00e9p\u00e9sre, 48 sz\u00e1zal\u00e9ka pedig a bennmarad\u00e1sra.(MTI)<\/p>\n","protected":false},"excerpt":{"rendered":"<p>David Cameron brit minisztereln\u00f6k v\u00e1rhat\u00f3an nem fogja hivatalosan bejelenteni Nagy-Britannia kil\u00e9p\u00e9si sz\u00e1nd\u00e9k\u00e1t az uni\u00f3s \u00e1llam-, illetve korm\u00e1nyf\u0151k j\u00f6v\u0151 heti cs\u00facstal\u00e1lkoz\u00f3j\u00e1n &#8211; err\u0151l adott t\u00e1j\u00e9koztat\u00e1st egy magas rang\u00fa uni\u00f3s tiszts\u00e9gvisel\u0151 vas\u00e1rnap.<\/p>\n","protected":false},"author":1,"featured_media":0,"comment_status":"open","ping_status":"closed","sticky":false,"template":"","format":"standard","meta":[],"categories":[12],"tags":[],"_links":{"self":[{"href":"https:\/\/gazdasagportal.hu\/index.php\/wp-json\/wp\/v2\/posts\/81546"}],"collection":[{"href":"https:\/\/gazdasagportal.hu\/index.php\/wp-json\/wp\/v2\/posts"}],"about":[{"href":"https:\/\/gazdasagportal.hu\/index.php\/wp-json\/wp\/v2\/types\/post"}],"author":[{"embeddable":true,"href":"https:\/\/gazdasagportal.hu\/index.php\/wp-json\/wp\/v2\/users\/1"}],"replies":[{"embeddable":true,"href":"https:\/\/gazdasagportal.hu\/index.php\/wp-json\/wp\/v2\/comments?post=81546"}],"version-history":[{"count":1,"href":"https:\/\/gazdasagportal.hu\/index.php\/wp-json\/wp\/v2\/posts\/81546\/revisions"}],"predecessor-version":[{"id":81547,"href":"https:\/\/gazdasagportal.hu\/index.php\/wp-json\/wp\/v2\/posts\/81546\/revisions\/81547"}],"wp:attachment":[{"href":"https:\/\/gazdasagportal.hu\/index.php\/wp-json\/wp\/v2\/media?parent=81546"}],"wp:term":[{"taxonomy":"category","embeddable":true,"href":"https:\/\/gazdasagportal.hu\/index.php\/wp-json\/wp\/v2\/categories?post=81546"},{"taxonomy":"post_tag","embeddable":true,"href":"https:\/\/gazdasagportal.hu\/index.php\/wp-json\/wp\/v2\/tags?post=81546"}],"curies":[{"name":"wp","href":"https:\/\/api.w.org\/{rel}","templated":true}]}}