{"id":81544,"date":"2016-06-26T23:25:20","date_gmt":"2016-06-26T21:25:20","guid":{"rendered":"http:\/\/gazdasagportal.hu\/?p=81544"},"modified":"2016-06-26T23:25:20","modified_gmt":"2016-06-26T21:25:20","slug":"euro-2016-kiraly-bravurjai-ellenere-negygolos-vereseg-a-belgaktol","status":"publish","type":"post","link":"https:\/\/gazdasagportal.hu\/index.php\/euro-2016-kiraly-bravurjai-ellenere-negygolos-vereseg-a-belgaktol\/","title":{"rendered":"EURO-2016 &#8211; Kir\u00e1ly brav\u00farjai ellen\u00e9re n\u00e9gyg\u00f3los veres\u00e9g a belg\u00e1kt\u00f3l"},"content":{"rendered":"<p><strong>A magyar labdar\u00fag\u00f3-v\u00e1logatott 4-0-ra kikapott Belgiumt\u00f3l a franciaorsz\u00e1gi Eur\u00f3pa-bajnoks\u00e1g vas\u00e1rnap esti nyolcadd\u00f6nt\u0151j\u00e9ben, \u00edgy kiesett.<\/strong><!--more--><\/p>\n<div class=\"ads-in-post1\"><div id=\"gazdasagportal.hu_fullbanner_wideboard\"><\/div>\r\n<\/div>\n<p>    Belgium a folytat\u00e1sban j\u00falius elsej\u00e9n Wales csapat\u00e1val tal\u00e1lkozik a lille-i negyedd\u00f6nt\u0151ben.<\/p>\n<p>    Eredm\u00e9ny, nyolcadd\u00f6nt\u0151:<br \/>\nBelgium-Magyarorsz\u00e1g 4-0 (1-0)<br \/>\n&#8212;&#8212;&#8212;&#8212;&#8212;&#8212;&#8212;&#8212;&#8212;&#8212;<br \/>\nToulouse, Municipal Stadion, 28 921 n\u00e9z\u0151, v.: Milorad Mazic (szerb)<br \/>\n    g\u00f3lszerz\u0151k: Alderweireld (10.), Batshuayi (78.), Hazard (80.), Carrasco (91.)<br \/>\n    s\u00e1rga lap: Vermaelen (67.), Batshuayi (89.), Fellaini (92.), illetve K\u00e1d\u00e1r (34.), Lang (47.), Elek (61.), Szalai (92.)<\/p><div id=\"gazda-1028682324\" class=\"gazda-tartalomban gazda-entity-placement\"><script async src=\"https:\/\/pagead2.googlesyndication.com\/pagead\/js\/adsbygoogle.js\"><\/script>\r\n<ins class=\"adsbygoogle\"\r\n     style=\"display:block\"\r\n     data-ad-format=\"fluid\"\r\n     data-ad-layout-key=\"-6t+ed+2i-1n-4w\"\r\n     data-ad-client=\"ca-pub-1959107119989764\"\r\n     data-ad-slot=\"4008251320\"><\/ins>\r\n<script>\r\n     (adsbygoogle = window.adsbygoogle || []).push({});\r\n<\/script><\/div>\n<p>    Magyarorsz\u00e1g:<br \/>\n    &#8212;&#8212;&#8212;&#8212;-<br \/>\nKir\u00e1ly G\u00e1bor &#8211; Lang \u00c1d\u00e1m, Guzmics Rich\u00e1rd, Juh\u00e1sz Roland (B\u00f6de D\u00e1niel, 79.), K\u00e1d\u00e1r Tam\u00e1s &#8211; Gera Zolt\u00e1n (Elek \u00c1kos, a sz\u00fcnetben) &#8211; Lovrencsics Gerg\u0151, Pint\u00e9r \u00c1d\u00e1m (Nikolics Nemanja, 75.), Nagy \u00c1d\u00e1m, Dzsudzs\u00e1k Bal\u00e1zs &#8211; Szalai \u00c1d\u00e1m<\/p>\n<p>    Belgium:<br \/>\n    &#8212;&#8212;&#8211;<br \/>\nThibaut Courtois &#8211; Thomas Meunier, Toby Alderweireld, Thomas Vermaelen, Jan Vertonghen &#8211; Radja Nainggolan, Kevin De Bruyne, Axel Witsel &#8211; Dries Mertens (Yannick Carrasco, 70.), Romelu Lukaku (Michy Batshuayi, 76.), Eden Hazard (Marouane Fellaini, 81.)<\/p>\n<p>    I. f\u00e9lid\u0151:<br \/>\n    &#8212;&#8212;&#8212;-<br \/>\n    10. perc: De Bruyne bal oldali szabadr\u00fag\u00e1sb\u00f3l \u00edvelt k\u00f6z\u00e9pre, a magyar v\u00e9d\u0151k teljesen lemaradtak a Lukaku, Alderweireld p\u00e1rosr\u00f3l, s k\u00f6z\u00fcl\u00fck ut\u00f3bbi senkit\u0151l sem zavartatva \u00f6t m\u00e9terr\u0151l fejelt a kapuba (1-0).<\/p>\n<p>    II. f\u00e9lid\u0151:<br \/>\n    &#8212;&#8212;&#8212;&#8211;<br \/>\n    78. perc: egy jobb oldali sz\u00f6glet ut\u00e1n felszabadult a magyar kapu, de Hazard a bal oldalon mag\u00e1t ind\u00edtotta, majd k\u00f6z\u00e9pre adott, a j\u00f3 \u00fctemben \u00e9rkez\u0151 Batshuayi pedig 5 m\u00e9terr\u0151l a bal als\u00f3 sarokba p\u00f6rgetett (2-0).<br \/>\n    80. perc: egy gyors kontra sor\u00e1n Hazard kapott labd\u00e1t a bal oldalon, majd a 16-os vonal\u00e1ban k\u00f6z\u00e9pre h\u00fazott \u00e9s kil\u0151tte a bal als\u00f3 sarkot (3-0).<br \/>\n    91. perc: Nainggolan ugratta ki Carrasc\u00f3t, aki Kir\u00e1ly felett a kapu k\u00f6zep\u00e9be l\u0151tt (4-0).<\/p>\n<p>    A belg\u00e1k elk\u00e9peszt\u0151 el\u00e1nnal vetett\u00e9k magukat a m\u00e9rk\u0151z\u00e9sbe. R\u00f6gt\u00f6n a kezdetekt\u0151l nagyon komoly nyom\u00e1s nehezedett a magyar kapura, Bernd Storck tan\u00edtv\u00e1nyai ez\u00fattal alig tudt\u00e1k megtartani a labd\u00e1t. A belg\u00e1k f\u00f6l\u00e9ny\u00e9t els\u0151k\u00e9nt a rendk\u00edv\u00fcl agilisan futballoz\u00f3 De Bruyne f\u00f6l\u00e9 sz\u00e1ll\u00f3 l\u00f6v\u00e9se jelezte. Erre m\u00e9g Lovrencsics v\u00e1laszolt, de Courtois k\u00f6nnyed\u00e9n v\u00e9dett. Az els\u0151 magyar akci\u00f3 nem t\u00f6rte meg a riv\u00e1lis lend\u00fclet\u00e9t, nem sokkal k\u00e9s\u0151bb Kir\u00e1lynak k\u00e9tszer is mentenie kellett, el\u0151bb Lukaku k\u00f6zeli, majd De Bruyne t\u00e1voli l\u00f6v\u00e9s\u00e9n\u00e9l.<br \/>\n    A belga g\u00f3lra sem kellett sokat v\u00e1rni, egy bal oldali szabadr\u00fag\u00e1s ut\u00e1n cs\u00fany\u00e1n lemaradt az eg\u00e9sz magyar v\u00e9delem a k\u00f6z\u00e9pre berobban\u00f3 Lukakur\u00f3l \u00e9s Alderweireldr\u0151l, ut\u00f3bbi pedig k\u00f6nnyed\u00e9n fejelt a kapuba. Ezt k\u00f6vet\u0151en sem v\u00e1ltozott a j\u00e1t\u00e9k k\u00e9pe, Kir\u00e1ly l\u00e1bbal v\u00e9dett De Bruyne kiugr\u00e1s\u00e1n\u00e1l. Az els\u0151 negyed\u00f3ra legvesz\u00e9lyesebb magyar helyzete az volt, amikor egy hazaad\u00e1sn\u00e1l Courtois elcs\u00faszott, \u00edgy a labda tov\u00e1bbgurult, de az alapvonalon hagyta el a j\u00e1t\u00e9kteret.<br \/>\n    A huszadik perct\u0151l az ellenf\u00e9l visszavett a temp\u00f3b\u00f3l, \u00edgy a magyarok m\u00e1r k\u00e9pesek voltak &#8211; j\u00e1t\u00e9kst\u00edlusuknak megfelel\u0151en &#8211; hosszan j\u00e1ratni a labd\u00e1t \u00e9s n\u00e9h\u00e1ny akci\u00f3val eljutni a kapuig, egy ilyen t\u00e1mad\u00e1s v\u00e9g\u00e9n Dzsudzs\u00e1k pr\u00f3b\u00e1lkoz\u00e1s\u00e1t v\u00e9dte Courtois. Noha ebben az id\u0151szakban a belg\u00e1k nem er\u0151ltett\u00e9k a let\u00e1mad\u00e1st, a sok pontatlan passz &#8211; ami Ger\u00e1ra \u00e9s Langra k\u00fcl\u00f6n\u00f6sen jellemz\u0151 volt &#8211; t\u00f6bb \u00edzben megbosszulta mag\u00e1t, az ellenf\u00e9l, amely az Eb-n els\u0151k\u00e9nt tudta k\u00f6nnyed\u00e9n \u00e1tj\u00e1tszani a magyar k\u00f6z\u00e9pp\u00e1ly\u00e1t, elk\u00e9peszt\u0151en gyors \u00e9s vesz\u00e9lyes t\u00e1mad\u00e1sokat vezetett v\u00e9gig, n\u00e9h\u00e1nyszor n\u00e9gy t\u00e1mad\u00f3 indult k\u00e9t v\u00e9d\u0151 ellen.<br \/>\n    A sz\u00fcnet el\u0151tt Kir\u00e1ly brav\u00farjai tartott\u00e1k versenyben a magyar csapatot: el\u0151bb De Bruyne szabadr\u00fag\u00e1s\u00e1t k\u00f6vet\u0151en tolta keresztl\u00e9cre a labd\u00e1t, majd Mertens l\u00f6v\u00e9s\u00e9t v\u00e9dte brav\u00farral. Ek\u00f6zben a magyaroknak is volt k\u00e9t kecsegtet\u0151 t\u00e1voli k\u00eds\u00e9rlete: a b\u00e1tran futballoz\u00f3 Lovrencsics h\u00fasz centivel f\u00f6l\u00e9, Dzsudzs\u00e1k ugyanennyivel a bal kapufa mell\u00e9 l\u0151tt.<br \/>\n    A folytat\u00e1s azonnal egy belga helyzettel \u00e9s \u00fajabb Kir\u00e1ly-brav\u00farral indult, a magyar kapus ez\u00fattal Hazard bomb\u00e1j\u00e1t tolta a keresztl\u00e9c f\u00f6l\u00e9. A magyar csapat viszont ezt k\u00f6vet\u0151en el\u0151sz\u00f6r tudott k\u00e9t-h\u00e1rom percig folyamatosan a t\u00e1mad\u00f3 szekci\u00f3ban lenni, s ezt els\u0151k\u00e9nt egy k\u00f6zelr\u0151l mell\u00e9 sz\u00e1ll\u00f3 Szalai l\u00f6v\u00e9s jelezte, majd az addigi legszebb magyar akci\u00f3 v\u00e9g\u00e9n az \u0151 megpattan\u00f3 fejese ment nem sokkal mell\u00e9.<br \/>\n    Ezt a r\u00f6vid peri\u00f3dust lesz\u00e1m\u00edtva maradt a belga f\u00f6l\u00e9ny, de az ellenf\u00e9l m\u00e1r ink\u00e1bb a magyarok hib\u00e1j\u00e1ra \u00e9p\u00edtve indult meg gyors j\u00e1t\u00e9kosaival. Egy ilyen akci\u00f3 v\u00e9g\u00e9n Mertens hib\u00e1zott ziccerben. Ahogy telt az id\u0151, \u00fagy volt k\u00e9nytelen egyre t\u00f6bbet kock\u00e1ztatni a magyar csapat, amely egyre gyakrabban vette c\u00e9lba a kaput, egy megpattan\u00f3 Pint\u00e9r l\u00f6v\u00e9sn\u00e9l Courtois p\u00e9ld\u00e1ul brav\u00farral v\u00e9dett. Nem sokkal k\u00e9s\u0151bb pedig egy bal oldali sz\u00f6gletn\u00e9l Juh\u00e1sz l\u00f6v\u00e9se mind\u00f6ssze n\u00e9h\u00e1ny centivel sz\u00e1llt a jobb als\u00f3 sarok mell\u00e9.<br \/>\n    A hajr\u00e1ra fordulva azonban Belgium eld\u00f6nt\u00f6tte a tal\u00e1lkoz\u00f3t \u00e9s a tov\u00e1bbjut\u00e1s k\u00e9rd\u00e9s\u00e9t. A cserek\u00e9nt be\u00e1llt Batshuayi k\u00f6zelr\u0151l nem hib\u00e1zott \u00e9s azonnal j\u00f6tt az \u00fajabb tal\u00e1lat Hazard nagyszer\u0171 sz\u00f3l\u00f3j\u00e1b\u00f3l. A magyar v\u00e1logatott ugyanakkor tart\u00e1sb\u00f3l ism\u00e9t jelesre vizsg\u00e1zott, mert mindent beleadva t\u00e1madott a becs\u00fcletg\u00f3l\u00e9rt, amire volt is lehet\u0151s\u00e9ge, mert Szalai \u00e9s Elek is nagy helyzetben t\u00e9vesztett c\u00e9lt. A b\u00e1tor j\u00e1t\u00e9knak viszont v\u00e9g\u00fcl kegyelemd\u00f6f\u00e9s lett a v\u00e9ge egy \u00fajabb gyors belga kontra v\u00e9g\u00e9n. Az eredm\u00e9ny ellen\u00e9re a magyar szurkol\u00f3t\u00e1bor hangosan \u00e9nekelte az Eb magyar dal\u00e1nak v\u00e1lasztott Soho Party sl\u00e1gert, amely szerint az \u00c9jjel soha nem \u00e9rhet v\u00e9get.<br \/>\n    A lef\u00faj\u00e1st k\u00f6vet\u0151en a magyar drukkerek k\u00e9tszer is kih\u00edvt\u00e1k magukhoz a v\u00e1logatott tagjait, ezzel megk\u00f6sz\u00f6nve j\u00e1t\u00e9kukat, v\u00e9g\u00fcl k\u00f6z\u00f6sen el\u00e9nekelt\u00e9k a Himnuszt a futballist\u00e1kkal.(MTI)<\/p>\n","protected":false},"excerpt":{"rendered":"<p>A magyar labdar\u00fag\u00f3-v\u00e1logatott 4-0-ra kikapott Belgiumt\u00f3l a franciaorsz\u00e1gi Eur\u00f3pa-bajnoks\u00e1g vas\u00e1rnap esti nyolcadd\u00f6nt\u0151j\u00e9ben, \u00edgy kiesett.<\/p>\n","protected":false},"author":1,"featured_media":0,"comment_status":"open","ping_status":"closed","sticky":false,"template":"","format":"standard","meta":[],"categories":[4],"tags":[],"_links":{"self":[{"href":"https:\/\/gazdasagportal.hu\/index.php\/wp-json\/wp\/v2\/posts\/81544"}],"collection":[{"href":"https:\/\/gazdasagportal.hu\/index.php\/wp-json\/wp\/v2\/posts"}],"about":[{"href":"https:\/\/gazdasagportal.hu\/index.php\/wp-json\/wp\/v2\/types\/post"}],"author":[{"embeddable":true,"href":"https:\/\/gazdasagportal.hu\/index.php\/wp-json\/wp\/v2\/users\/1"}],"replies":[{"embeddable":true,"href":"https:\/\/gazdasagportal.hu\/index.php\/wp-json\/wp\/v2\/comments?post=81544"}],"version-history":[{"count":1,"href":"https:\/\/gazdasagportal.hu\/index.php\/wp-json\/wp\/v2\/posts\/81544\/revisions"}],"predecessor-version":[{"id":81545,"href":"https:\/\/gazdasagportal.hu\/index.php\/wp-json\/wp\/v2\/posts\/81544\/revisions\/81545"}],"wp:attachment":[{"href":"https:\/\/gazdasagportal.hu\/index.php\/wp-json\/wp\/v2\/media?parent=81544"}],"wp:term":[{"taxonomy":"category","embeddable":true,"href":"https:\/\/gazdasagportal.hu\/index.php\/wp-json\/wp\/v2\/categories?post=81544"},{"taxonomy":"post_tag","embeddable":true,"href":"https:\/\/gazdasagportal.hu\/index.php\/wp-json\/wp\/v2\/tags?post=81544"}],"curies":[{"name":"wp","href":"https:\/\/api.w.org\/{rel}","templated":true}]}}