{"id":81538,"date":"2016-06-26T16:27:15","date_gmt":"2016-06-26T14:27:15","guid":{"rendered":"http:\/\/gazdasagportal.hu\/?p=81538"},"modified":"2016-06-26T10:58:43","modified_gmt":"2016-06-26T08:58:43","slug":"orban-magyarorszag-a-rendet-kepviseli-a-rendetlenne-valo-europaban","status":"publish","type":"post","link":"https:\/\/gazdasagportal.hu\/index.php\/orban-magyarorszag-a-rendet-kepviseli-a-rendetlenne-valo-europaban\/","title":{"rendered":"Orb\u00e1n: Magyarorsz\u00e1g a rendet k\u00e9pviseli a rendetlenn\u00e9 v\u00e1l\u00f3 Eur\u00f3p\u00e1ban"},"content":{"rendered":"<p><strong>Magyarorsz\u00e1g ma a rendet k\u00e9pviseli az egyre ink\u00e1bb rendetlenn\u00e9 v\u00e1l\u00f3 Eur\u00f3p\u00e1ban &#8211; mondta Orb\u00e1n Viktor minisztereln\u00f6k vas\u00e1rnap a Nemzeti K\u00f6zszolg\u00e1lati Egyetem (NKE) Rend\u00e9szettudom\u00e1nyi Kara \u00e9s Katasztr\u00f3fav\u00e9delmi Int\u00e9zete tisztavat\u00e1si \u00fcnneps\u00e9g\u00e9n, a budai V\u00e1rban.<\/strong><!--more--><\/p>\n<div class=\"ads-in-post1\"><div id=\"gazdasagportal.hu_fullbanner_wideboard\"><\/div>\r\n<\/div>\n<p>    A korm\u00e1nyf\u0151 szerint Eur\u00f3pa sz\u00e1mos vezet\u0151je nem v\u00e1llalja a k\u00fczdelmet az \u00fajkori n\u00e9pv\u00e1ndorl\u00e1s, a be\u00f6z\u00f6nl\u0151 t\u00f6rv\u00e9nytelen \u00e9s t\u00f6rv\u00e9nys\u00e9rt\u0151 migr\u00e1ns\u00e1radattal szemben. Az eredm\u00e9ny a k\u00f6zbiztons\u00e1g hanyatl\u00e1sa, fenyeget\u0151 er\u0151szak \u00e9s \u00e1ltal\u00e1nos el\u00e9gedetlens\u00e9g &#8211; mondta, kijelentve ugyanakkor,  Magyarorsz\u00e1g \u00e9ppen az ellenkez\u0151 ir\u00e1nyba indult el, az elm\u00falt \u00e9vekben magyarok milli\u00f3i kapt\u00e1k vissza abba vetett hit\u00fcket, hogy az orsz\u00e1g \u00e9lhet\u0151, biztons\u00e1gos hely.<br \/>\n    \u00dagy l\u00e1tja, &#8222;a mai rendetlen Eur\u00f3pa&#8221; k\u00e9ptelen megold\u00e1sokat tal\u00e1lni a hat\u00e1rokat &#8222;ostroml\u00f3&#8221; illeg\u00e1lis migr\u00e1nsok, a vir\u00e1gz\u00f3 embercsemp\u00e9szet \u00e9s a terrorizmus jelentette kih\u00edv\u00e1sokra.<br \/>\n    M\u00e1rpedig a j\u00f6v\u0151ben azok az orsz\u00e1gok lesznek el\u0151ny\u00f6s helyzetben, amelyek rendezettek maradnak, biztos\u00edtani tudj\u00e1k a biztons\u00e1got, t\u00f6rv\u00e9nyess\u00e9get &#8211; h\u00edvta fel a figyelmet a minisztereln\u00f6k, aki szerint rend n\u00e9lk\u00fcl nincs gazdas\u00e1gi n\u00f6veked\u00e9s, nincsenek beruh\u00e1z\u00e1sok \u00e9s &#8222;nincsen j\u00f3 \u00e9let&#8221;.<br \/>\n    &#8222;Min\u00e9l ink\u00e1bb siker\u00fcl \u00f6n\u00f6knek meg\u0151rizni a rendet \u00e9s a rendezetts\u00e9get Magyarorsz\u00e1gon, ann\u00e1l nagyobb m\u00e9rt\u00e9kben javul majd haz\u00e1nk poz\u00edci\u00f3ja a nemzetek versenyfut\u00e1s\u00e1ban&#8221; &#8211; sz\u00f3lt a hallgat\u00f3khoz.<br \/>\n    Orb\u00e1n Viktor kit\u00e9rt a brit EU-n\u00e9pszavaz\u00e1sra is &#8211; amelyen a kil\u00e9p\u00e9sp\u00e1rtiak gy\u0151ztek -, amit \u00fagy komment\u00e1lt: az Egyes\u00fclt Kir\u00e1lys\u00e1g polg\u00e1rai \u00fagy d\u00f6nt\u00f6ttek, ism\u00e9t saj\u00e1t kez\u00fckbe veszik sorsuk ir\u00e1ny\u00edt\u00e1s\u00e1t, &#8222;nem k\u00e9rnek t\u00f6bb\u00e9 a kioktat\u00e1sb\u00f3l&#8221;, eleg\u00fck lett a bizonytalans\u00e1gb\u00f3l, a b\u00e9nults\u00e1gb\u00f3l, &#8222;a tettek n\u00e9lk\u00fcli sz\u00f3\u00f6z\u00f6nb\u0151l&#8221; \u00e9s abb\u00f3l, hogy lassan nem \u00e9rezhett\u00e9k otthon magukat Eur\u00f3p\u00e1ban.<br \/>\n    A minisztereln\u00f6k arra sz\u00e1m\u00edt, hogy az EU most gyorsan meg fog v\u00e1ltozni, &#8222;\u00fajra kell \u00e9s \u00fajra is fogjuk gombolni az eur\u00f3pai kab\u00e1tot&#8221;. A sakkb\u00f3l k\u00f6lcs\u00f6nz\u00f6tt p\u00e9ld\u00e1val \u00e9lve \u00fagy fogalmazott: &#8222;ha levesz\u00fcnk egy figur\u00e1t, az eg\u00e9sz j\u00e1t\u00e9k megv\u00e1ltozik, \u00e9s ha egy tisztet vesz\u00fcnk le &#8211; m\u00e1rpedig az Egyes\u00fclt Kir\u00e1lys\u00e1g tiszt az eur\u00f3pai politik\u00e1ban -, akkor mindent \u00fajra kell gondolni&#8221;.<br \/>\n    Orb\u00e1n Viktor besz\u00e9d\u00e9ben k\u00f6sz\u00f6netet mondott a hallgat\u00f3k sz\u00fcleinek \u00e9s tan\u00e1rainak, a v\u00e9gz\u0151s\u00f6kh\u00f6z sz\u00f3lva pedig azt hangs\u00falyozta: &#8222;\u00f6n\u00f6k a haz\u00e1t szolg\u00e1lj\u00e1k, \u00e9s ez nem munkahely, nem \u00e1ll\u00e1s, hanem hivat\u00e1s, aki pedig a haza h\u00edv\u00f3 szav\u00e1nak engedelmeskedik, b\u00e1tor ember&#8221;.<br \/>\n    A minisztereln\u00f6k m\u00e9ltatta a magyar egyenruh\u00e1sok munk\u00e1j\u00e1t, akik &#8222;az elm\u00falt \u00e9vekben nagyszer\u0171 teljes\u00edtm\u00e9nyt ny\u00fajtottak&#8221;. 2010-ben m\u00e9g az volt a c\u00e9l &#8211; folytatta -, hogy Magyarorsz\u00e1gon az egyenruha ne f\u00e9lelmet, hanem tiszteletet keltsen a becs\u00fcletes emberekben, ma viszont &#8222;m\u00e1r ott tartunk, hogy a tisztelet mell\u00e9 a k\u00f6sz\u00f6net \u00e9s a h\u00e1la \u00e9rz\u00e9se is t\u00e1rsul&#8221;.<br \/>\n    A b\u0171n\u00fcld\u00f6z\u0151 \u00e9s rend\u00e9szeti szervek munk\u00e1j\u00e1nak eredm\u00e9nyek\u00e9nt Magyarorsz\u00e1g el\u00e9rte, hogy tart\u00f3s rend legyen az orsz\u00e1gban &#8211; jelentette ki a korm\u00e1nyf\u0151.<br \/>\n    V\u00e9g\u00fcl arr\u00f3l biztos\u00edtotta a v\u00e9gz\u0151s\u00f6ket, a korm\u00e1ny c\u00e9lja, hogy a munk\u00e1juk sz\u00e9p hivat\u00e1s \u00e9s egyben kifizet\u0151d\u0151 \u00e9s biztos j\u00f6v\u0151t ny\u00fajt\u00f3 \u00e9letp\u00e1lya is legyen.<br \/>\n    A 219 v\u00e9gzett hallgat\u00f3 a Szent Korona m\u00e1solata \u00e9s a t\u00f6rt\u00e9nelmi z\u00e1szl\u00f3k el\u0151tt, a korm\u00e1nyf\u0151, Pint\u00e9r S\u00e1ndor bel\u00fcgyminiszter, Simicsk\u00f3 Istv\u00e1n honv\u00e9delmi miniszter, valamint a t\u00e1bornoki kar jelenl\u00e9t\u00e9ben tette le a tiszti esk\u00fct a Kapisztr\u00e1n t\u00e9ren.<br \/>\n    A k\u00f6zszolg\u00e1lati egyetem helysz\u00ednen kiosztott t\u00e1j\u00e9koztat\u00e1sa szerint a rend\u00e9szettudom\u00e1nyi karr\u00f3l id\u00e9n 162 tiszt ker\u00fcl a rend\u0151rs\u00e9ghez, akik b\u0171n\u00fcgyi nyomoz\u00f3, gazdas\u00e1gv\u00e9delmi nyomoz\u00f3, igazgat\u00e1srend\u00e9szeti, k\u00f6zleked\u00e9srend\u00e9szeti, k\u00f6zrendv\u00e9delmi \u00e9s hat\u00e1rrend\u00e9szeti szakir\u00e1nyokon v\u00e9geztek. A t\u00f6bbi v\u00e9gz\u0151s a Nemzeti Ad\u00f3- \u00e9s V\u00e1mhivatal, a b\u00fcntet\u00e9s-v\u00e9grehajt\u00e1s \u00e9s az Orsz\u00e1gos Katasztr\u00f3fav\u00e9delmi F\u0151igazgat\u00f3s\u00e1g tisztje lesz.<br \/>\n    A h\u00e1tt\u00e9ranyag egyebek mellett arra is kit\u00e9rt, hogy 2017 m\u00e1sodik fel\u00e9t\u0151l v\u00e1rhat\u00f3an m\u00e1r \u00faj helysz\u00edneken folytat\u00f3dnak az NKE rend\u00e9szeti k\u00e9pz\u00e9sei. A Ludovika Campus-projekt keret\u00e9ben az Orczy-kertben m\u00e1r jav\u00e1ban folyik az NKE \u00faj oktat\u00e1si \u00e9p\u00fclet\u00e9nek, valamint a rend\u00e9szeti speci\u00e1lis oktat\u00e1si \u00e9s koll\u00e9giumi \u00e9p\u00fcleteinek kivitelez\u00e9se. El\u0151bbiben k\u00e9t nagy el\u0151ad\u00f3terem \u00e9s mintegy hetven oktat\u00f3terem v\u00e1rja majd a rend\u00e9szettudom\u00e1nyi kar hallgat\u00f3it is, akiknek a Di\u00f3szeghy utc\u00e1ban speci\u00e1lis rend\u00e9szeti oktat\u00e1si \u00e9s gyakorl\u00f3blokk is \u00e9p\u00fcl &#8211; \u00edrt\u00e1k.(MTI)<\/p>\n","protected":false},"excerpt":{"rendered":"<p>Magyarorsz\u00e1g ma a rendet k\u00e9pviseli az egyre ink\u00e1bb rendetlenn\u00e9 v\u00e1l\u00f3 Eur\u00f3p\u00e1ban &#8211; mondta Orb\u00e1n Viktor minisztereln\u00f6k vas\u00e1rnap a Nemzeti K\u00f6zszolg\u00e1lati Egyetem (NKE) Rend\u00e9szettudom\u00e1nyi Kara \u00e9s Katasztr\u00f3fav\u00e9delmi Int\u00e9zete tisztavat\u00e1si \u00fcnneps\u00e9g\u00e9n, a budai V\u00e1rban.<\/p>\n","protected":false},"author":1,"featured_media":0,"comment_status":"open","ping_status":"closed","sticky":false,"template":"","format":"standard","meta":[],"categories":[4,19],"tags":[],"_links":{"self":[{"href":"https:\/\/gazdasagportal.hu\/index.php\/wp-json\/wp\/v2\/posts\/81538"}],"collection":[{"href":"https:\/\/gazdasagportal.hu\/index.php\/wp-json\/wp\/v2\/posts"}],"about":[{"href":"https:\/\/gazdasagportal.hu\/index.php\/wp-json\/wp\/v2\/types\/post"}],"author":[{"embeddable":true,"href":"https:\/\/gazdasagportal.hu\/index.php\/wp-json\/wp\/v2\/users\/1"}],"replies":[{"embeddable":true,"href":"https:\/\/gazdasagportal.hu\/index.php\/wp-json\/wp\/v2\/comments?post=81538"}],"version-history":[{"count":1,"href":"https:\/\/gazdasagportal.hu\/index.php\/wp-json\/wp\/v2\/posts\/81538\/revisions"}],"predecessor-version":[{"id":81539,"href":"https:\/\/gazdasagportal.hu\/index.php\/wp-json\/wp\/v2\/posts\/81538\/revisions\/81539"}],"wp:attachment":[{"href":"https:\/\/gazdasagportal.hu\/index.php\/wp-json\/wp\/v2\/media?parent=81538"}],"wp:term":[{"taxonomy":"category","embeddable":true,"href":"https:\/\/gazdasagportal.hu\/index.php\/wp-json\/wp\/v2\/categories?post=81538"},{"taxonomy":"post_tag","embeddable":true,"href":"https:\/\/gazdasagportal.hu\/index.php\/wp-json\/wp\/v2\/tags?post=81538"}],"curies":[{"name":"wp","href":"https:\/\/api.w.org\/{rel}","templated":true}]}}