{"id":81534,"date":"2016-06-26T13:48:16","date_gmt":"2016-06-26T11:48:16","guid":{"rendered":"http:\/\/gazdasagportal.hu\/?p=81534"},"modified":"2016-06-26T10:48:59","modified_gmt":"2016-06-26T08:48:59","slug":"ne-legyen-olyan-kozos-bevandorlaspolitika-amely-a-bevandorlokat-rakenyszeriti-az-unios-tagallamokra","status":"publish","type":"post","link":"https:\/\/gazdasagportal.hu\/index.php\/ne-legyen-olyan-kozos-bevandorlaspolitika-amely-a-bevandorlokat-rakenyszeriti-az-unios-tagallamokra\/","title":{"rendered":"Ne legyen olyan k\u00f6z\u00f6s bev\u00e1ndorl\u00e1spolitika, amely a bev\u00e1ndorl\u00f3kat r\u00e1k\u00e9nyszer\u00edti az uni\u00f3s tag\u00e1llamokra"},"content":{"rendered":"<p><strong>Az \u0151szi magyarorsz\u00e1gi n\u00e9pszavaz\u00e1s arr\u00f3l sz\u00f3l, hogy ne legyen olyan k\u00f6z\u00f6s bev\u00e1ndorl\u00e1spolitika, amely a bev\u00e1ndorl\u00f3kat r\u00e1k\u00e9nyszer\u00edti az uni\u00f3s tag\u00e1llamokra &#8211; jelentette ki a Minisztereln\u00f6ki Kabinetirod\u00e1t vezet\u0151 miniszter a Kossuth R\u00e1di\u00f3 Vas\u00e1rnapi \u00dajs\u00e1g c\u00edm\u0171 m\u0171sor\u00e1ban. Rog\u00e1n Antal hozz\u00e1tette: ez a k\u00e9nyszerbetelep\u00edt\u00e9s elleni n\u00e9pszavaz\u00e1s, hogy a magyarokn\u00e1l legyen a d\u00f6nt\u00e9s joga, \u00e9s azt ne vehesse mag\u00e1hoz Br\u00fcsszel.<\/strong><!--more--><\/p>\n<div class=\"ads-in-post1\"><div id=\"gazdasagportal.hu_fullbanner_wideboard\"><\/div>\r\n<\/div>\n<p>    A miniszter a cs\u00fct\u00f6rt\u00f6ki brit EU-n\u00e9pszavaz\u00e1ssal kapcsolatban kijelentette: a britek \u00fagy d\u00f6nt\u00f6ttek, kil\u00e9pnek az Eur\u00f3pai Uni\u00f3b\u00f3l, r\u00e1ad\u00e1sul tal\u00e1n m\u00e9g ann\u00e1l is nagyobb t\u00f6bbs\u00e9ggel, mint amire kor\u00e1bban sz\u00e1m\u00edtani lehetett. A d\u00f6nt\u00e9s egy\u00e9rtelm\u0171, \u00e9s nem val\u00f3sz\u00edn\u0171, hogy a brit politik\u00e1ban ezt b\u00e1rki megk\u00e9rd\u0151jelezhetn\u00e9 &#8211; jelentette ki.<br \/>\n    \u00dagy fogalmazott, rem\u00e9nykedni kell abban, hogy Br\u00fcsszelben is meghallj\u00e1k a britek hangj\u00e1t, \u00e9s nemcsak a britek\u00e9t, akik \u00fagy d\u00f6nt\u00f6ttek, hogy &#8222;eleg\u00fck van&#8221; \u00e9s kil\u00e9pnek az uni\u00f3b\u00f3l, hanem azok\u00e9t is, akik bel\u00fcl akarnak maradni, csak v\u00e1ltoz\u00e1sokat szeretn\u00e9nek, mint p\u00e9ld\u00e1ul a magyarok.<br \/>\n    Rog\u00e1n Antal szerint t\u00f6bbi k\u00f6z\u00f6tt az\u00e9rt is d\u00f6nt\u00f6ttek a britek a t\u00e1voz\u00e1s mellett, mert eleg\u00fck lett Br\u00fcsszel bev\u00e1ndorl\u00e1spolitik\u00e1j\u00e1b\u00f3l, abb\u00f3l, hogy Br\u00fcsszel sok hat\u00e1sk\u00f6rt k\u00f6zpontos\u00edtani akar \u00e9s el akarja venni a nemzet\u00e1llamokt\u00f3l a d\u00f6nt\u00e9sek jog\u00e1t.<br \/>\n    Nagy-Britanni\u00e1ban tartott n\u00e9pszavaz\u00e1s legfontosabb tanuls\u00e1ga, hogy &#8222;Br\u00fcsszelben meg kell hallani az eur\u00f3pai polg\u00e1rok hangj\u00e1t&#8221;, \u00e9s oda kell figyelni az emberek v\u00e9lem\u00e9ny\u00e9re, mert nem lehet az Eur\u00f3pai Uni\u00f3t \u00e9s a tag\u00e1llamokat az emberek ellen\u00e9ben korm\u00e1nyozni &#8211; hangs\u00falyozta.<br \/>\n    Ahogy a britek \u00fczentek, \u00fagy a magyarok is tudnak \u00fczenni Br\u00fcsszelnek, m\u00e9gpedig azt, hogy nem veheti el Magyarorsz\u00e1gt\u00f3l a nemzet\u00e1llami jogokat &#8211; hangs\u00falyozta. A magyarok akarj\u00e1k eld\u00f6nteni, hogy kikkel \u00e9lnek egy\u00fctt a saj\u00e1t orsz\u00e1gukban &#8211; tette hozz\u00e1. A k\u00e9nyszerbetelep\u00edt\u00e9s elleni n\u00e9pszavaz\u00e1s err\u0151l sz\u00f3l, hogy a magyarokn\u00e1l legyen a d\u00f6nt\u00e9s joga &#8211; jelentette ki.<br \/>\n    Hozz\u00e1tette ugyanakkor: a j\u00f6v\u0151nket az EU-n bel\u00fcl k\u00e9pzelj\u00fck el, ebben egyet\u00e9rt\u00e9s van a politik\u00e1ban \u00e9s a polg\u00e1rok k\u00f6r\u00e9ben is.<br \/>\n    A miniszter kifejtette: a brit kil\u00e9p\u00e9s &#8211; hasonl\u00f3an a bel\u00e9p\u00e9shez &#8211; nem egy nap alatt t\u00f6rt\u00e9nik, sok szab\u00e1lyt\u00f3l f\u00fcgg, legal\u00e1bb k\u00e9t\u00e9ves folyamat, ez\u00e9rt r\u00f6vidt\u00e1v\u00fa k\u00f6vetkezm\u00e9nyekkel nem kell sz\u00e1molni. Legfeljebb arra kell odafigyelni, hogy egy ilyen d\u00f6nt\u00e9s lehet\u0151s\u00e9get ad azoknak, akik az uni\u00f3 gazdas\u00e1g\u00e1t \u00e9s valut\u00e1it akarj\u00e1k t\u00e1madni &#8211; tette hozz\u00e1. Vannak spekul\u00e1nsok, akik ilyenkor r\u00f6gt\u00f6n &#8222;lecsapnak&#8221;, erre nek\u00fcnk is \u00e9s m\u00e1soknak is figyelni kell &#8211; emelte ki.<br \/>\n    Hossz\u00fa t\u00e1von azt kell eld\u00f6nteni, \u00e9s ez a legfontosabb k\u00e9rd\u00e9s, hogy Nagy-Britannia kil\u00e9p\u00e9s\u00e9vel milyen uni\u00f3 k\u00f6vetkezik. A magyar korm\u00e1ny szerint \u00faj szab\u00e1lyoz\u00e1sra van sz\u00fcks\u00e9g, meg kell reform\u00e1lni az Eur\u00f3pai Uni\u00f3t &#8211; hangs\u00falyozta.<br \/>\n    A brit EU-tags\u00e1gr\u00f3l sz\u00f3l\u00f3 cs\u00fct\u00f6rt\u00f6ki n\u00e9pszavaz\u00e1son a szavaz\u00f3k t\u00f6bbs\u00e9ge arra voksolt, hogy Nagy-Britannia l\u00e9pjen ki az EU-b\u00f3l.(MTI)<\/p>\n","protected":false},"excerpt":{"rendered":"<p>Az \u0151szi magyarorsz\u00e1gi n\u00e9pszavaz\u00e1s arr\u00f3l sz\u00f3l, hogy ne legyen olyan k\u00f6z\u00f6s bev\u00e1ndorl\u00e1spolitika, amely a bev\u00e1ndorl\u00f3kat r\u00e1k\u00e9nyszer\u00edti az uni\u00f3s tag\u00e1llamokra &#8211; jelentette ki a Minisztereln\u00f6ki Kabinetirod\u00e1t vezet\u0151 miniszter a Kossuth R\u00e1di\u00f3 Vas\u00e1rnapi \u00dajs\u00e1g c\u00edm\u0171 m\u0171sor\u00e1ban. Rog\u00e1n Antal hozz\u00e1tette: ez a k\u00e9nyszerbetelep\u00edt\u00e9s elleni n\u00e9pszavaz\u00e1s, hogy a magyarokn\u00e1l legyen a d\u00f6nt\u00e9s joga, \u00e9s azt ne vehesse mag\u00e1hoz Br\u00fcsszel.<\/p>\n","protected":false},"author":1,"featured_media":0,"comment_status":"open","ping_status":"closed","sticky":false,"template":"","format":"standard","meta":[],"categories":[4,12],"tags":[],"_links":{"self":[{"href":"https:\/\/gazdasagportal.hu\/index.php\/wp-json\/wp\/v2\/posts\/81534"}],"collection":[{"href":"https:\/\/gazdasagportal.hu\/index.php\/wp-json\/wp\/v2\/posts"}],"about":[{"href":"https:\/\/gazdasagportal.hu\/index.php\/wp-json\/wp\/v2\/types\/post"}],"author":[{"embeddable":true,"href":"https:\/\/gazdasagportal.hu\/index.php\/wp-json\/wp\/v2\/users\/1"}],"replies":[{"embeddable":true,"href":"https:\/\/gazdasagportal.hu\/index.php\/wp-json\/wp\/v2\/comments?post=81534"}],"version-history":[{"count":1,"href":"https:\/\/gazdasagportal.hu\/index.php\/wp-json\/wp\/v2\/posts\/81534\/revisions"}],"predecessor-version":[{"id":81535,"href":"https:\/\/gazdasagportal.hu\/index.php\/wp-json\/wp\/v2\/posts\/81534\/revisions\/81535"}],"wp:attachment":[{"href":"https:\/\/gazdasagportal.hu\/index.php\/wp-json\/wp\/v2\/media?parent=81534"}],"wp:term":[{"taxonomy":"category","embeddable":true,"href":"https:\/\/gazdasagportal.hu\/index.php\/wp-json\/wp\/v2\/categories?post=81534"},{"taxonomy":"post_tag","embeddable":true,"href":"https:\/\/gazdasagportal.hu\/index.php\/wp-json\/wp\/v2\/tags?post=81534"}],"curies":[{"name":"wp","href":"https:\/\/api.w.org\/{rel}","templated":true}]}}