{"id":81336,"date":"2016-06-22T10:52:21","date_gmt":"2016-06-22T08:52:21","guid":{"rendered":"http:\/\/gazdasagportal.hu\/?p=81336"},"modified":"2016-06-22T10:52:21","modified_gmt":"2016-06-22T08:52:21","slug":"tobb-mint-460-ezer-buzditast-kuldtek-a-telekom-szurkoloi-sziv-alkalmazasaval","status":"publish","type":"post","link":"https:\/\/gazdasagportal.hu\/index.php\/tobb-mint-460-ezer-buzditast-kuldtek-a-telekom-szurkoloi-sziv-alkalmazasaval\/","title":{"rendered":"T\u00f6bb mint 460 ezer buzd\u00edt\u00e1st k\u00fcldtek a Telekom Szurkol\u00f3i Sz\u00edv alkalmaz\u00e1s\u00e1val"},"content":{"rendered":"<p><strong>A magyar futballszurkol\u00f3k t\u00f6bb mint 460 ezer digit\u00e1lis buzd\u00edt\u00e1st k\u00fcldtek a Telekom &#8222;Szurkol\u00f3i Sz\u00edv&#8221; alkalmaz\u00e1s\u00e1val a franciaorsz\u00e1gi Eur\u00f3pa-bajnoks\u00e1gon nyolcadd\u00f6nt\u0151be jutott magyar v\u00e1logatottnak, amely szerd\u00e1n a portug\u00e1l csapat ellen z\u00e1rja a csoportk\u00f6rt.<\/strong><!--more--><\/p>\n<div class=\"ads-in-post1\"><div id=\"gazdasagportal.hu_fullbanner_wideboard\"><\/div>\r\n<\/div>\n<p>    A Telekom szerdai k\u00f6zlem\u00e9nye szerint a magyar v\u00e1logatott Ausztria elleni m\u00falt keddi 2-0-s gy\u0151zelme ut\u00e1n egyetlen nap alatt mintegy 200 ezer rajong\u00f3i \u00fczenetet kaptak a magyar labdar\u00fag\u00f3k. Az alkalmaz\u00e1ssal tov\u00e1bbra is b\u00e1rki jelezheti szurkol\u00e1s\u00e1t: ahogy kor\u00e1bban tett\u00e9k a Bajnokok Lig\u00e1ja-d\u00f6nt\u0151s veszpr\u00e9mi k\u00e9zilabd\u00e1soknak, \u00fagy most a v\u00e1logatott focist\u00e1knak vagy a ri\u00f3i versenyekre edz\u0151, a v\u00e1llalat \u00e1ltal t\u00e1mogatott Magyar Olimpiai Csapat tagjainak.<br \/>\n    A komm\u00fcnik\u00e9 szerint az eg\u00e9sz ny\u00e1ron \u00e1t tart\u00f3 kamp\u00e1ny alatt a sportol\u00f3knak kiosztott, sz\u00edv alak\u00fa speci\u00e1lis kit\u0171z\u0151 rezeg \u00e9s vil\u00e1g\u00edt, amikor sz\u00edvdobban\u00e1s \u00e9rkezik r\u00e1, \u00edgy mindig tudj\u00e1k, milyen sokan \u00e9s gyakran gondolnak r\u00e1juk otthon vagy a vil\u00e1g b\u00e1rmely pontj\u00e1n. A szurkol\u00e1s gombnyom\u00e1ssal vagy a lel\u00e1t\u00f3kr\u00f3l ismert karr\u00e1z\u00f3 mozdulattal is kifejezhet\u0151 okostelefon seg\u00edts\u00e9g\u00e9vel.<br \/>\n    A kontinenstorna teljes ideje alatt k\u00e9t budapesti &#8211; Erzs\u00e9bet t\u00e9r, Szabads\u00e1g t\u00e9r &#8211; \u00e9s kilenc vid\u00e9ki helysz\u00ednen lehet a Telekom j\u00f3volt\u00e1b\u00f3l \u00f3ri\u00e1skivet\u00edt\u0151n k\u00f6vetni a m\u00e9rk\u0151z\u00e9seket.(MTI)<\/p>\n","protected":false},"excerpt":{"rendered":"<p>A magyar futballszurkol\u00f3k t\u00f6bb mint 460 ezer digit\u00e1lis buzd\u00edt\u00e1st k\u00fcldtek a Telekom &#8222;Szurkol\u00f3i Sz\u00edv&#8221; alkalmaz\u00e1s\u00e1val a franciaorsz\u00e1gi Eur\u00f3pa-bajnoks\u00e1gon nyolcadd\u00f6nt\u0151be jutott magyar v\u00e1logatottnak, amely szerd\u00e1n a portug\u00e1l csapat ellen z\u00e1rja a csoportk\u00f6rt.<\/p>\n","protected":false},"author":1,"featured_media":0,"comment_status":"open","ping_status":"closed","sticky":false,"template":"","format":"standard","meta":[],"categories":[4],"tags":[],"_links":{"self":[{"href":"https:\/\/gazdasagportal.hu\/index.php\/wp-json\/wp\/v2\/posts\/81336"}],"collection":[{"href":"https:\/\/gazdasagportal.hu\/index.php\/wp-json\/wp\/v2\/posts"}],"about":[{"href":"https:\/\/gazdasagportal.hu\/index.php\/wp-json\/wp\/v2\/types\/post"}],"author":[{"embeddable":true,"href":"https:\/\/gazdasagportal.hu\/index.php\/wp-json\/wp\/v2\/users\/1"}],"replies":[{"embeddable":true,"href":"https:\/\/gazdasagportal.hu\/index.php\/wp-json\/wp\/v2\/comments?post=81336"}],"version-history":[{"count":1,"href":"https:\/\/gazdasagportal.hu\/index.php\/wp-json\/wp\/v2\/posts\/81336\/revisions"}],"predecessor-version":[{"id":81337,"href":"https:\/\/gazdasagportal.hu\/index.php\/wp-json\/wp\/v2\/posts\/81336\/revisions\/81337"}],"wp:attachment":[{"href":"https:\/\/gazdasagportal.hu\/index.php\/wp-json\/wp\/v2\/media?parent=81336"}],"wp:term":[{"taxonomy":"category","embeddable":true,"href":"https:\/\/gazdasagportal.hu\/index.php\/wp-json\/wp\/v2\/categories?post=81336"},{"taxonomy":"post_tag","embeddable":true,"href":"https:\/\/gazdasagportal.hu\/index.php\/wp-json\/wp\/v2\/tags?post=81336"}],"curies":[{"name":"wp","href":"https:\/\/api.w.org\/{rel}","templated":true}]}}