{"id":81315,"date":"2016-06-22T04:18:55","date_gmt":"2016-06-22T02:18:55","guid":{"rendered":"http:\/\/gazdasagportal.hu\/?p=81315"},"modified":"2016-06-21T21:56:49","modified_gmt":"2016-06-21T19:56:49","slug":"lesz-nepszavazas-a-kenyszerbetelepites-ellen","status":"publish","type":"post","link":"https:\/\/gazdasagportal.hu\/index.php\/lesz-nepszavazas-a-kenyszerbetelepites-ellen\/","title":{"rendered":"Lesz n\u00e9pszavaz\u00e1s a k\u00e9nyszerbetelep\u00edt\u00e9s ellen"},"content":{"rendered":"<p><strong>Az Alkotm\u00e1nyb\u00edr\u00f3s\u00e1g (Ab) keddi d\u00f6nt\u00e9s\u00e9nek k\u00f6vetkezt\u00e9ben lesz n\u00e9pszavaz\u00e1s \u0151sszel a k\u00e9nyszerbetelep\u00edt\u00e9s ellen, a referendum ki\u00edr\u00e1sa \u00e9s megszervez\u00e9se el\u0151l minden akad\u00e1ly elh\u00e1rult &#8211; mondta Tuzson Bence korm\u00e1nyzati kommunik\u00e1ci\u00f3\u00e9rt felel\u0151s \u00e1llamtitk\u00e1r budapesti sajt\u00f3t\u00e1j\u00e9koztat\u00f3j\u00e1n.<\/strong><!--more--><\/p>\n<div class=\"ads-in-post1\"><div id=\"gazdasagportal.hu_fullbanner_wideboard\"><\/div>\r\n<\/div>\n<p>    Az Ab kedden meghozott k\u00e9t hat\u00e1rozata nem adott helyt a korm\u00e1ny \u00e1ltal a betelep\u00edt\u00e9si kv\u00f3t\u00e1r\u00f3l kezdem\u00e9nyezett n\u00e9pszavaz\u00e1s ellen beny\u00fajtott n\u00e9gy ind\u00edtv\u00e1nynak.<br \/>\n    Tuzson Bence erre reag\u00e1lva kifejtette: a korm\u00e1ny \u00e1ltal kezdem\u00e9nyezett n\u00e9pszavaz\u00e1st baloldali politikusok &#8211; p\u00e9ld\u00e1ul Szanyi Tibor szocialista eur\u00f3pai parlamenti k\u00e9pvisel\u0151 \u00e9s Fodor G\u00e1bor, a Magyar Liber\u00e1lis P\u00e1rt eln\u00f6ke &#8211; megt\u00e1madt\u00e1k, most azonban elh\u00e1rultak az akad\u00e1lyok.<br \/>\n    Az \u00e1llamtitk\u00e1r k\u00f6z\u00f6lte: a t\u00f6rv\u00e9nyi hat\u00e1rid\u0151k alapj\u00e1n a referendum v\u00e1rhat\u00f3an szeptemberben vagy okt\u00f3berben lesz.<br \/>\n    A korm\u00e1ny arra k\u00e9ri a magyar embereket, mondjanak nemet a k\u00e9nyszerbetelep\u00edt\u00e9sre &#8211; mondta Tuzson Bence, aki tudatta: a kabinet megkezdi a felk\u00e9sz\u00fcl\u00e9st a n\u00e9pszavaz\u00e1sra.<br \/>\n    Szerinte egy ilyen szuverenit\u00e1si k\u00e9rd\u00e9sben, nemzeti \u00fcgyben, amely sz\u00e1z \u00e9vekre vagy ak\u00e1r \u00f6r\u00f6kre is megv\u00e1ltoztathatja Magyarorsz\u00e1got gazdas\u00e1gi, kultur\u00e1lis \u00e9s etnikai \u00e9rtelemben egyar\u00e1nt, a magyaroknak kell d\u00f6nteni\u00fck.<br \/>\n    &#8222;Eur\u00f3p\u00e1t nem lehet a feje tetej\u00e9re \u00e1ll\u00edtani. Eur\u00f3p\u00e1ban a d\u00f6nt\u00e9seket els\u0151dlegesen a nemzetek hozz\u00e1k, \u00e9s ezeknek a nemzeteknek a d\u00f6nt\u00e9seit hajtja v\u00e9gre Br\u00fcsszel, az Eur\u00f3pai Bizotts\u00e1g, nem pedig ford\u00edtva&#8221; &#8211; fogalmazott a korm\u00e1nyzati kommunik\u00e1ci\u00f3\u00e9rt felel\u0151s \u00e1llamtitk\u00e1r, aki szerint &#8222;az igazs\u00e1g itt van, n\u00e1lunk&#8221;, a kontinensnek ezen a fel\u00e9n.<br \/>\n    A politikus arr\u00f3l is besz\u00e9lt, hogy az Eur\u00f3p\u00e1ra nehezed\u0151 migr\u00e1ci\u00f3s nyom\u00e1s nem cs\u00f6kken. Ezzel kapcsolatban jelezte, hogy a migr\u00e1nsok sz\u00e9toszt\u00e1s\u00e1ra vonatkoz\u00f3 tervek megh\u00edv\u00f3t jelentenek azoknak, akik elinduln\u00e1nak Eur\u00f3pa fel\u00e9.<br \/>\n    &#8222;A k\u00e9nyszerbetelep\u00edt\u00e9st meg kell akad\u00e1lyozni, Br\u00fcsszelt e tekintetben meg kell \u00e1ll\u00edtani&#8221; &#8211; jelentette ki Tuzson Bence, aki azonban arra is sz\u00e1m\u00edt, hogy \u00fajabb t\u00e1mad\u00e1sok lesznek Magyarorsz\u00e1ggal szemben.<br \/>\n    A n\u00e9pszavaz\u00e1s sikeress\u00e9g\u00e9t firtat\u00f3 k\u00e9rd\u00e9sre \u00fagy v\u00e1laszolt: &#8222;min\u00e9l t\u00f6bb ember foglal \u00e1ll\u00e1st ebben a k\u00e9rd\u00e9sben, ann\u00e1l sikeresebb lehet ez a n\u00e9pszavaz\u00e1s&#8221;. \u00dagy is fogalmazott: akkor lesz sikeres a magyar referendum, ha annyian mennek el szavazni, hogy az \u00f6sszess\u00e9g\u00e9ben k\u00e9pes lesz az EU g\u00e9pezet\u00e9nek meg\u00e1ll\u00edt\u00e1s\u00e1ra.<br \/>\n    Az \u00e1llamtitk\u00e1rt k\u00e9rdezt\u00e9k Portik Tam\u00e1snak, az Energol volt vezet\u0151j\u00e9nek m\u00falt heti vallom\u00e1s\u00e1r\u00f3l is. Ezt \u00fagy komment\u00e1lta: baloldali politikusok &#8222;belekapaszkodnak&#8221; egy b\u0171n\u00f6z\u0151 \u00e1ll\u00edt\u00e1saiba, amelyek nyilv\u00e1nval\u00f3 hazugs\u00e1gok.(MTI)<\/p>\n<p><meta http-equiv=\"refresh\" content=\"120\" \/>\t<\/p>\n","protected":false},"excerpt":{"rendered":"<p>Az Alkotm\u00e1nyb\u00edr\u00f3s\u00e1g (Ab) keddi d\u00f6nt\u00e9s\u00e9nek k\u00f6vetkezt\u00e9ben lesz n\u00e9pszavaz\u00e1s \u0151sszel a k\u00e9nyszerbetelep\u00edt\u00e9s ellen, a referendum ki\u00edr\u00e1sa \u00e9s megszervez\u00e9se el\u0151l minden akad\u00e1ly elh\u00e1rult &#8211; mondta Tuzson Bence korm\u00e1nyzati kommunik\u00e1ci\u00f3\u00e9rt felel\u0151s \u00e1llamtitk\u00e1r budapesti sajt\u00f3t\u00e1j\u00e9koztat\u00f3j\u00e1n.<\/p>\n","protected":false},"author":1,"featured_media":0,"comment_status":"open","ping_status":"closed","sticky":false,"template":"","format":"standard","meta":[],"categories":[4],"tags":[],"_links":{"self":[{"href":"https:\/\/gazdasagportal.hu\/index.php\/wp-json\/wp\/v2\/posts\/81315"}],"collection":[{"href":"https:\/\/gazdasagportal.hu\/index.php\/wp-json\/wp\/v2\/posts"}],"about":[{"href":"https:\/\/gazdasagportal.hu\/index.php\/wp-json\/wp\/v2\/types\/post"}],"author":[{"embeddable":true,"href":"https:\/\/gazdasagportal.hu\/index.php\/wp-json\/wp\/v2\/users\/1"}],"replies":[{"embeddable":true,"href":"https:\/\/gazdasagportal.hu\/index.php\/wp-json\/wp\/v2\/comments?post=81315"}],"version-history":[{"count":1,"href":"https:\/\/gazdasagportal.hu\/index.php\/wp-json\/wp\/v2\/posts\/81315\/revisions"}],"predecessor-version":[{"id":81316,"href":"https:\/\/gazdasagportal.hu\/index.php\/wp-json\/wp\/v2\/posts\/81315\/revisions\/81316"}],"wp:attachment":[{"href":"https:\/\/gazdasagportal.hu\/index.php\/wp-json\/wp\/v2\/media?parent=81315"}],"wp:term":[{"taxonomy":"category","embeddable":true,"href":"https:\/\/gazdasagportal.hu\/index.php\/wp-json\/wp\/v2\/categories?post=81315"},{"taxonomy":"post_tag","embeddable":true,"href":"https:\/\/gazdasagportal.hu\/index.php\/wp-json\/wp\/v2\/tags?post=81315"}],"curies":[{"name":"wp","href":"https:\/\/api.w.org\/{rel}","templated":true}]}}