{"id":81311,"date":"2016-06-22T03:53:30","date_gmt":"2016-06-22T01:53:30","guid":{"rendered":"http:\/\/gazdasagportal.hu\/?p=81311"},"modified":"2016-06-21T21:54:24","modified_gmt":"2016-06-21T19:54:24","slug":"az-uefa-megbuntette-az-mlsz-t","status":"publish","type":"post","link":"https:\/\/gazdasagportal.hu\/index.php\/az-uefa-megbuntette-az-mlsz-t\/","title":{"rendered":"Az UEFA megb\u00fcntette az MLSZ-t"},"content":{"rendered":"<p><strong>Az Eur\u00f3pai Labdar\u00fag\u00f3 Sz\u00f6vets\u00e9g (UEFA) szurkol\u00f3i rendbont\u00e1s miatt p\u00e9nzb\u00fcntet\u00e9ssel s\u00fajtotta a magyar sz\u00f6vets\u00e9get (MLSZ) kedden.<\/strong><!--more--><\/p>\n<div class=\"ads-in-post1\"><div id=\"gazdasagportal.hu_fullbanner_wideboard\"><\/div>\r\n<\/div>\n<p>    Az UEFA fegyelmi bizotts\u00e1ga 65 ezer eur\u00f3ra (20,3 milli\u00f3 forint) b\u00fcntette az MLSZ-t a franciaorsz\u00e1gi Eur\u00f3pa-bajnoks\u00e1g F csoportj\u00e1nak m\u00e1sodik fordul\u00f3j\u00e1ban, a szombati Magyarorsz\u00e1g-Izland m\u00e9rk\u0151z\u00e9s (1-1) sor\u00e1n t\u00f6rt\u00e9nt incidensek miatt.<br \/>\n    Az MLSZ honlapja eml\u00e9keztetett arra, hogy Marseille-ben t\u00f6bb drukker be akart m\u00e1szni a p\u00e1ly\u00e1ra, voltak, akik a stadion biztons\u00e1gi szem\u00e9lyzet\u00e9vel \u00e9s rend\u0151r\u00f6kkel verekedtek, hanggr\u00e1n\u00e1tot \u00e9s pet\u00e1rd\u00e1t l\u0151ttek fel, f\u00e1kly\u00e1t dobtak a p\u00e1ly\u00e1ra. A vereked\u00e9sekkel kapcsolatban t\u00f6bb magyar szurkol\u00f3t el\u0151\u00e1ll\u00edtottak, k\u00f6z\u00fcl\u00fck egyet hivatalos szem\u00e9ly elleni er\u0151szak gyan\u00faj\u00e1val le is tart\u00f3ztattak.<br \/>\n    Mint \u00edrj\u00e1k, az UEFA az Ausztria elleni, bordeaux-i m\u00e9rk\u0151z\u00e9ssel (2-0) \u00f6sszef\u00fcgg\u00e9sben pirotechnika haszn\u00e1lat\u00e1\u00e9rt 20 ezer eur\u00f3 (6,2 milli\u00f3 forint) befizet\u00e9s\u00e9re k\u00f6telezi a magyar sz\u00f6vets\u00e9get.<br \/>\n    &#8222;A fentiek miatt is nagyon fontos, hogy az utols\u00f3 csoportmeccs\u00fcnk\u00f6n minden magyar szurkol\u00f3 csak \u00e9s kiz\u00e1r\u00f3lag a sportszer\u0171s\u00e9g keretein bel\u00fcl buzd\u00edtsa a csapatot, hiszen egy esetleges \u00fajabb rendbont\u00e1s ut\u00e1n az UEFA visszaes\u0151k\u00e9nt b\u00fcnteti a csapatot. Ki kell emelni, hogy minden egyes olyan megmozdul\u00e1s, amely okot adhat a nemzetk\u00f6zi sz\u00f6vets\u00e9gnek a vizsg\u00e1l\u00f3d\u00e1sra, k\u00f6zvetlen\u00fcl a magyar csapatnak \u00e1rt&#8221; &#8211; \u00e1ll az MLSZ k\u00f6zlem\u00e9ny\u00e9ben.<br \/>\n    Az F csoportot k\u00e9t fordul\u00f3 ut\u00e1n vezet\u0151 magyar v\u00e1logatott a portug\u00e1l csapattal tal\u00e1lkozik szerd\u00e1n 18 \u00f3r\u00e1t\u00f3l Lyonban.(MTI)<\/p>\n<p><meta http-equiv=\"refresh\" content=\"120\" \/>\t<\/p>\n","protected":false},"excerpt":{"rendered":"<p>Az Eur\u00f3pai Labdar\u00fag\u00f3 Sz\u00f6vets\u00e9g (UEFA) szurkol\u00f3i rendbont\u00e1s miatt p\u00e9nzb\u00fcntet\u00e9ssel s\u00fajtotta a magyar sz\u00f6vets\u00e9get (MLSZ) kedden.<\/p>\n","protected":false},"author":1,"featured_media":0,"comment_status":"open","ping_status":"closed","sticky":false,"template":"","format":"standard","meta":[],"categories":[4],"tags":[],"_links":{"self":[{"href":"https:\/\/gazdasagportal.hu\/index.php\/wp-json\/wp\/v2\/posts\/81311"}],"collection":[{"href":"https:\/\/gazdasagportal.hu\/index.php\/wp-json\/wp\/v2\/posts"}],"about":[{"href":"https:\/\/gazdasagportal.hu\/index.php\/wp-json\/wp\/v2\/types\/post"}],"author":[{"embeddable":true,"href":"https:\/\/gazdasagportal.hu\/index.php\/wp-json\/wp\/v2\/users\/1"}],"replies":[{"embeddable":true,"href":"https:\/\/gazdasagportal.hu\/index.php\/wp-json\/wp\/v2\/comments?post=81311"}],"version-history":[{"count":1,"href":"https:\/\/gazdasagportal.hu\/index.php\/wp-json\/wp\/v2\/posts\/81311\/revisions"}],"predecessor-version":[{"id":81312,"href":"https:\/\/gazdasagportal.hu\/index.php\/wp-json\/wp\/v2\/posts\/81311\/revisions\/81312"}],"wp:attachment":[{"href":"https:\/\/gazdasagportal.hu\/index.php\/wp-json\/wp\/v2\/media?parent=81311"}],"wp:term":[{"taxonomy":"category","embeddable":true,"href":"https:\/\/gazdasagportal.hu\/index.php\/wp-json\/wp\/v2\/categories?post=81311"},{"taxonomy":"post_tag","embeddable":true,"href":"https:\/\/gazdasagportal.hu\/index.php\/wp-json\/wp\/v2\/tags?post=81311"}],"curies":[{"name":"wp","href":"https:\/\/api.w.org\/{rel}","templated":true}]}}