{"id":81294,"date":"2016-06-21T16:19:45","date_gmt":"2016-06-21T14:19:45","guid":{"rendered":"http:\/\/gazdasagportal.hu\/?p=81294"},"modified":"2016-06-21T16:19:45","modified_gmt":"2016-06-21T14:19:45","slug":"mnb-az-alapkamat-szintje-osszhangban-van-a-kozeptavu-inflacios-cellal","status":"publish","type":"post","link":"https:\/\/gazdasagportal.hu\/index.php\/mnb-az-alapkamat-szintje-osszhangban-van-a-kozeptavu-inflacios-cellal\/","title":{"rendered":"MNB: az alapkamat szintje \u00f6sszhangban van a k\u00f6z\u00e9pt\u00e1v\u00fa infl\u00e1ci\u00f3s c\u00e9llal"},"content":{"rendered":"<p><strong>Az alapkamat aktu\u00e1lis szintje \u00e9s a laza monet\u00e1ris kond\u00edci\u00f3k tart\u00f3s fenntart\u00e1sa a jegybanki el\u0151rejelz\u00e9sek felt\u00e9teleinek teljes\u00fcl\u00e9se mellett \u00f6sszhangban van az infl\u00e1ci\u00f3s c\u00e9l k\u00f6z\u00e9pt\u00e1v\u00fa el\u00e9r\u00e9s\u00e9vel \u00e9s a re\u00e1lgazdas\u00e1g ennek megfelel\u0151 m\u00e9rt\u00e9k\u0171 \u00f6szt\u00f6nz\u00e9s\u00e9vel &#8211; \u00edrta a Magyar Nemzeti Bank (MNB) Monet\u00e1ris Tan\u00e1csa a keddi kamatd\u00f6nt\u0151 \u00fcl\u00e9s\u00e9r\u0151l kiadott k\u00f6zlem\u00e9ny\u00e9ben.<\/strong><!--more--><\/p>\n<div class=\"ads-in-post1\"><div id=\"gazdasagportal.hu_fullbanner_wideboard\"><\/div>\r\n<\/div>\n<p>     A monet\u00e1ris tan\u00e1cs &#8211; amennyiben sz\u00fcks\u00e9gesnek \u00edt\u00e9li &#8211; a j\u00f6v\u0151ben nem hagyom\u00e1nyos eszk\u00f6z\u00f6k alkalmaz\u00e1sa mellett is d\u00f6nthet &#8211; tett\u00e9k hozz\u00e1.<br \/>\n    A test\u00fclet keddi \u00fcl\u00e9s\u00e9n az elemz\u0151i v\u00e1rakoz\u00e1soknak megfelel\u0151en nem v\u00e1ltoztatott a jegybanki alapkamaton, \u00edgy a r\u00e1ta v\u00e1ltozatlanul 0,90 sz\u00e1zal\u00e9k.<br \/>\n    Az MNB az infl\u00e1ci\u00f3s jelent\u00e9s kedden kiadott f\u0151 sz\u00e1mai alapj\u00e1n idei infl\u00e1ci\u00f3s v\u00e1rakoz\u00e1s\u00e1t az eddig v\u00e1rt 0,3-r\u00f3l 0,5 sz\u00e1zal\u00e9kra, a j\u00f6v\u0151 \u00e9vit pedig 2,4-r\u0151l 2,6 sz\u00e1zal\u00e9kra emelte, \u00e9s tov\u00e1bbra is azzal sz\u00e1mol, hogy a gazdas\u00e1g 2016-ban 2,8, 2017-ben pedig 3 sz\u00e1zal\u00e9kkal b\u0151v\u00fcl.<br \/>\n    A magyar gazdas\u00e1got a monet\u00e1ris tan\u00e1cs meg\u00edt\u00e9l\u00e9se szerint tov\u00e1bbra is kihaszn\u00e1latlan kapacit\u00e1sok jellemzik, \u00e9s az infl\u00e1ci\u00f3s nyom\u00e1s tart\u00f3san m\u00e9rs\u00e9kelt marad. A monet\u00e1ris politika horizontj\u00e1n a re\u00e1lgazdas\u00e1g dezinfl\u00e1ci\u00f3s hat\u00e1sa fokozatosan cs\u00f6kken.<br \/>\n    Az alapfolyamatot jellemz\u0151 mutat\u00f3k tov\u00e1bbra is m\u00e9rs\u00e9kelt infl\u00e1ci\u00f3s k\u00f6rnyezetet jeleznek. A tart\u00f3san alacsony glob\u00e1lis infl\u00e1ci\u00f3 visszafogja a hazai fogyaszt\u00f3i \u00e1rak emelked\u00e9s\u00e9nek \u00fctem\u00e9t, az infl\u00e1ci\u00f3s v\u00e1rakoz\u00e1sok historikusan alacsony szinten vannak. A b\u00e9rek n\u00f6veked\u00e9si \u00fcteme tov\u00e1bb gyorsult, ami az \u00e9l\u00e9nk\u00fcl\u0151 lakoss\u00e1gi fogyaszt\u00e1son kereszt\u00fcl a maginfl\u00e1ci\u00f3 fokozatos emelked\u00e9se ir\u00e1ny\u00e1ba hat. Az infl\u00e1ci\u00f3 az el\u0151rejelz\u00e9si id\u0151szakban elmarad a 3 sz\u00e1zal\u00e9kos c\u00e9lt\u00f3l, \u00e9s csak 2018 els\u0151 fel\u00e9ben \u00e9r annak k\u00f6zel\u00e9be &#8211; \u00edrj\u00e1k.<br \/>\n    A n\u00f6veked\u00e9s az \u00e9v eleji \u00e1tmeneti m\u00e9rs\u00e9kelt dinamik\u00e1t k\u00f6vet\u0151en v\u00e1rhat\u00f3an \u00e9rdemben er\u0151s\u00f6dik az egyedi hat\u00e1sok kifut\u00e1sa, valamint a jegybanki \u00e9s a korm\u00e1nyzati n\u00f6veked\u00e9s\u00f6szt\u00f6nz\u0151 int\u00e9zked\u00e9seknek k\u00f6sz\u00f6nhet\u0151en. Felid\u00e9zik, hogy a monet\u00e1ris tan\u00e1cs j\u00faniusban a n\u00f6veked\u00e9si hitelprogram keret\u00f6sszeg\u00e9nek 100 milli\u00e1rd forinttal t\u00f6rt\u00e9n\u0151 megemel\u00e9s\u00e9r\u0151l d\u00f6nt\u00f6tt a gazdas\u00e1gi n\u00f6veked\u00e9s t\u00e1mogat\u00e1s\u00e1ra. \u00dagy v\u00e9lik, a n\u00f6veked\u00e9st\u00e1mogat\u00f3 program, a lak\u00e1s\u00e9p\u00edt\u00e9sek b\u0151v\u00fcl\u00e9se, valamint az EU-forr\u00e1sok \u00fctemesebb leh\u00edv\u00e1sa el\u00e9rhet\u0151v\u00e9 teszi a 3 sz\u00e1zal\u00e9k k\u00f6r\u00fcli n\u00f6veked\u00e9si \u00fctem fennmarad\u00e1s\u00e1t.<br \/>\n    Az \u00e9v eleji m\u00e9rs\u00e9keltebb gazdas\u00e1gi n\u00f6veked\u00e9s \u00e1tmenetileg nyitottabb kibocs\u00e1t\u00e1si r\u00e9st eredm\u00e9nyez, ugyanakkor a n\u00f6veked\u00e9s \u00fajb\u00f3li gyorsul\u00e1sa \u00e9s a j\u00f6v\u0151 \u00e9vi k\u00f6lts\u00e9gvet\u00e9s kereslet\u00f6szt\u00f6nz\u0151 hat\u00e1sa a gyorsabb z\u00e1r\u00f3d\u00e1s ir\u00e1ny\u00e1ba hat. A javul\u00f3 j\u00f6vedelmi folyamatok \u00e9s a hitelez\u00e9s v\u00e1rhat\u00f3 \u00e9l\u00e9nk\u00fcl\u00e9se seg\u00edti a fogyaszt\u00e1s b\u0151v\u00fcl\u00e9s\u00e9t, amely a k\u00f6vetkez\u0151 \u00e9vekben jelent\u0151sen t\u00e1mogatja a gazdas\u00e1g n\u00f6veked\u00e9s\u00e9t.<br \/>\n    Kit\u00e9rnek arra is, hogy az el\u0151z\u0151 kamatd\u00f6nt\u00e9s \u00f3ta eltelt id\u0151szakban v\u00e1ltoz\u00e9kony hangulat jellemezte a nemzetk\u00f6zi p\u00e9nzpiacokat, amit f\u0151k\u00e9nt a Fed kamatemel\u00e9s\u00e9vel kapcsolatos v\u00e1rakoz\u00e1sok, a fejlett orsz\u00e1gok vegyes makrogazdas\u00e1gi adatai, illetve az Egyes\u00fclt Kir\u00e1lys\u00e1g eur\u00f3pai uni\u00f3s tags\u00e1ga k\u00f6r\u00fcli bizonytalans\u00e1g \u00e9s az olajpiaci h\u00edrek befoly\u00e1soltak. A tan\u00e1cs \u00e9rt\u00e9kel\u00e9se szerint a nemzetk\u00f6zi p\u00e9nz\u00fcgyi k\u00f6rnyezet alakul\u00e1s\u00e1val kapcsolatos bizonytalans\u00e1g v\u00e1ltozatlanul k\u00f6r\u00fcltekint\u0151 monet\u00e1ris politik\u00e1t indokol. Az el\u0151retekint\u0151 hazai p\u00e9nzpiaci re\u00e1lkamatok negat\u00edv tartom\u00e1nyban tart\u00f3zkodnak, \u00e9s az infl\u00e1ci\u00f3 emelked\u00e9s\u00e9vel tov\u00e1bb s\u00fcllyednek.(MTI)<\/p>\n","protected":false},"excerpt":{"rendered":"<p>Az alapkamat aktu\u00e1lis szintje \u00e9s a laza monet\u00e1ris kond\u00edci\u00f3k tart\u00f3s fenntart\u00e1sa a jegybanki el\u0151rejelz\u00e9sek felt\u00e9teleinek teljes\u00fcl\u00e9se mellett \u00f6sszhangban van az infl\u00e1ci\u00f3s c\u00e9l k\u00f6z\u00e9pt\u00e1v\u00fa el\u00e9r\u00e9s\u00e9vel \u00e9s a re\u00e1lgazdas\u00e1g ennek megfelel\u0151 m\u00e9rt\u00e9k\u0171 \u00f6szt\u00f6nz\u00e9s\u00e9vel &#8211; \u00edrta a Magyar Nemzeti Bank (MNB) Monet\u00e1ris Tan\u00e1csa a keddi kamatd\u00f6nt\u0151 \u00fcl\u00e9s\u00e9r\u0151l kiadott k\u00f6zlem\u00e9ny\u00e9ben.<\/p>\n","protected":false},"author":1,"featured_media":0,"comment_status":"open","ping_status":"closed","sticky":false,"template":"","format":"standard","meta":[],"categories":[19],"tags":[],"_links":{"self":[{"href":"https:\/\/gazdasagportal.hu\/index.php\/wp-json\/wp\/v2\/posts\/81294"}],"collection":[{"href":"https:\/\/gazdasagportal.hu\/index.php\/wp-json\/wp\/v2\/posts"}],"about":[{"href":"https:\/\/gazdasagportal.hu\/index.php\/wp-json\/wp\/v2\/types\/post"}],"author":[{"embeddable":true,"href":"https:\/\/gazdasagportal.hu\/index.php\/wp-json\/wp\/v2\/users\/1"}],"replies":[{"embeddable":true,"href":"https:\/\/gazdasagportal.hu\/index.php\/wp-json\/wp\/v2\/comments?post=81294"}],"version-history":[{"count":1,"href":"https:\/\/gazdasagportal.hu\/index.php\/wp-json\/wp\/v2\/posts\/81294\/revisions"}],"predecessor-version":[{"id":81295,"href":"https:\/\/gazdasagportal.hu\/index.php\/wp-json\/wp\/v2\/posts\/81294\/revisions\/81295"}],"wp:attachment":[{"href":"https:\/\/gazdasagportal.hu\/index.php\/wp-json\/wp\/v2\/media?parent=81294"}],"wp:term":[{"taxonomy":"category","embeddable":true,"href":"https:\/\/gazdasagportal.hu\/index.php\/wp-json\/wp\/v2\/categories?post=81294"},{"taxonomy":"post_tag","embeddable":true,"href":"https:\/\/gazdasagportal.hu\/index.php\/wp-json\/wp\/v2\/tags?post=81294"}],"curies":[{"name":"wp","href":"https:\/\/api.w.org\/{rel}","templated":true}]}}