{"id":81286,"date":"2016-06-21T13:33:17","date_gmt":"2016-06-21T11:33:17","guid":{"rendered":"http:\/\/gazdasagportal.hu\/?p=81286"},"modified":"2016-06-21T13:33:17","modified_gmt":"2016-06-21T11:33:17","slug":"elemzok-54-6-szazalekkal-nohetnek-iden-a-berek","status":"publish","type":"post","link":"https:\/\/gazdasagportal.hu\/index.php\/elemzok-54-6-szazalekkal-nohetnek-iden-a-berek\/","title":{"rendered":"Elemz\u0151k: 5,4-6 sz\u00e1zal\u00e9kkal n\u0151hetnek id\u00e9n a b\u00e9rek"},"content":{"rendered":"<p><strong>Az \u00e9v eg\u00e9sz\u00e9re 5,4-6 sz\u00e1zal\u00e9kos brutt\u00f3 b\u00e9rn\u00f6veked\u00e9sre sz\u00e1m\u00edtanak az MTI-nek kedden nyilatkoz\u00f3 elemz\u0151k, akik szerint a fogyaszt\u00e1s lehet a gazdas\u00e1gi n\u00f6veked\u00e9s f\u0151 motorja a k\u00f6vetkez\u0151 id\u0151szakban.<\/strong><!--more--><\/p>\n<div class=\"ads-in-post1\"><div id=\"gazdasagportal.hu_fullbanner_wideboard\"><\/div>\r\n<\/div>\n<p>    A K\u00f6zponti Statisztikai Hivatal (KSH) kedden publik\u00e1lt adatai szerint \u00e1prilisban 6,4 sz\u00e1zal\u00e9kkal magasabbak voltak a havi brutt\u00f3 \u00e1tlagkeresetek, mint egy \u00e9vvel azel\u0151tt, a nett\u00f3 b\u00e9rek &#8211; a j\u00f6vedelemad\u00f3 kulcs\u00e1nak cs\u00f6kkent\u00e9se miatt &#8211; 8,0 sz\u00e1zal\u00e9kkal emelkedtek.<br \/>\n    Suppan Gergely, a Takar\u00e9kbank elemz\u0151je MTI-hez eljuttatott komment\u00e1rja szerint az id\u00e9n 5,4 sz\u00e1zal\u00e9kos brutt\u00f3 b\u00e9rn\u00f6veked\u00e9sre sz\u00e1m\u00edt, ami az ad\u00f3v\u00e1ltoz\u00e1sok miatt 7 sz\u00e1zal\u00e9kos nett\u00f3 n\u00f6veked\u00e9st eredm\u00e9nyezhet. \u00dagy v\u00e9lte, egyebek mellett az elm\u00falt \u00e9vekben elhalasztott fogyaszt\u00e1s, a devizahitelek rendez\u00e9se sor\u00e1n kisz\u00e1m\u00edthat\u00f3v\u00e1 v\u00e1l\u00f3 t\u00f6rleszt\u0151r\u00e9szletek, valamint a h\u00e1ztart\u00e1sok nett\u00f3 p\u00e9nz\u00fcgyi vagyon\u00e1nak rekordszintre emelked\u00e9se miatt a k\u00f6vetkez\u0151 \u00e9vekben a h\u00e1ztart\u00e1sok fogyaszt\u00e1sa lehet a gazdas\u00e1gi n\u00f6veked\u00e9s h\u00faz\u00f3ereje.<br \/>\n    \u00dagy v\u00e9lte, a v\u00e1rakoz\u00e1sokn\u00e1l gyorsabb volt az \u00e1prilisi, 6,4 sz\u00e1zal\u00e9kos a brutt\u00f3 b\u00e9rn\u00f6veked\u00e9s.<br \/>\n    Mint \u00edrta, 2013 \u00f3ta az idei \u00e9v v\u00e9g\u00e9ig kumul\u00e1ltan csaknem 18 sz\u00e1zal\u00e9kkal, a k\u00f6zfoglalkoztatottak n\u00e9lk\u00fcl sz\u00e1molva pedig csaknem 22 sz\u00e1zal\u00e9kkal n\u0151hetnek a re\u00e1lb\u00e9rek. A b\u00e9rn\u00f6veked\u00e9s \u00fcteme azonban enn\u00e9l ak\u00e1r j\u00f3val nagyobb is lehet az elemz\u0151 szerint, mivel egyes hi\u00e1nyszakm\u00e1kban gyorsul\u00f3 \u00fctem\u0171 b\u00e9rn\u00f6veked\u00e9sre lehet sz\u00e1m\u00edtani a k\u00f6vetkez\u0151 \u00e9vekben, amit az elm\u00falt hetekben folytatott b\u00e9rt\u00e1rgyal\u00e1sok &#8211; egyes esetekben k\u00e9tsz\u00e1mjegy\u0171 b\u00e9rmeg\u00e1llapod\u00e1sok &#8211; is t\u00fckr\u00f6znek, mik\u00f6zben egyes \u00e1gazatokban folyat\u00f3dik az \u00e9letp\u00e1lyamodellek bevezet\u00e9se. \u00cdgy a nett\u00f3 re\u00e1lb\u00e9rek ak\u00e1r j\u00f3val dinamikusabban, 7 sz\u00e1zal\u00e9k k\u00f6zeli m\u00e9rt\u00e9kben is emelkedhetnek &#8211; v\u00e9lekedett.<br \/>\n    Az els\u0151 n\u00e9gyhavi b\u00e9r-, valamint l\u00e9tsz\u00e1mstatisztik\u00e1i \u00e9l\u00e9nk gazdas\u00e1gi n\u00f6veked\u00e9sre utalnak, amelyek meger\u0151s\u00edtik Suppan Gergely szerint, hogy az els\u0151 negyed\u00e9ves gyenge GDP adatokat egyszeri, \u00e1tmeneti t\u00e9telek okozhatt\u00e1k, ez\u00e9rt a k\u00f6vetkez\u0151 negyed\u00e9vekben meredeken gyorsulhat a gazdas\u00e1gi n\u00f6veked\u00e9s. Ezt t\u00fckr\u00f6zik, hogy a gyenge els\u0151 negyed\u00e9ves ipari \u00e9s \u00e9p\u00edt\u0151ipari adatok ellen\u00e9re 3,3 sz\u00e1zal\u00e9kkal, illetve 2,8 sz\u00e1zal\u00e9kkal n\u0151tt az alkalmaz\u00e1sban \u00e1ll\u00f3k sz\u00e1ma az \u00e9v els\u0151 n\u00e9gy h\u00f3napj\u00e1ban &#8211; fejtette ki.<br \/>\n    \u00dcrm\u00f6ssy Gergely, az Erste Bank vezet\u0151 makrogazdas\u00e1gi elemz\u0151je szerint az \u00e9v eg\u00e9sz\u00e9ben 6 sz\u00e1zal\u00e9k k\u00f6r\u00fcl alakulhat a brutt\u00f3 b\u00e9rn\u00f6veked\u00e9si \u00fctem, \u00e9s \u0151 is \u00fagy v\u00e9li, hogy az \u00e9v sor\u00e1n els\u0151sorban a h\u00e1ztart\u00e1sok fogyaszt\u00e1sa lehet a gazdas\u00e1gi n\u00f6veked\u00e9s f\u0151 motorja.<br \/>\n    A szem\u00e9lyi j\u00f6vedelemad\u00f3 (szja) 1 sz\u00e1zal\u00e9kpontos cs\u00f6kken\u00e9s\u00e9nek \u00e9s a csal\u00e1di ad\u00f3kedvezm\u00e9ny emelked\u00e9s\u00e9nek is k\u00f6sz\u00f6nhet\u0151en a nett\u00f3 b\u00e9rek 8 sz\u00e1zal\u00e9kkal emelkedtek \u00e1prilisban &#8211; ismertette. A 0,2 sz\u00e1zal\u00e9kos infl\u00e1ci\u00f3s r\u00e1t\u00e1t is figyelembe v\u00e9ve a nett\u00f3 re\u00e1lb\u00e9rek n\u00f6veked\u00e9si \u00fcteme el\u00e9rte a 7,8 sz\u00e1zal\u00e9kot &#8211; \u00edrta az elemz\u0151.(MTI)<\/p>\n","protected":false},"excerpt":{"rendered":"<p>Az \u00e9v eg\u00e9sz\u00e9re 5,4-6 sz\u00e1zal\u00e9kos brutt\u00f3 b\u00e9rn\u00f6veked\u00e9sre sz\u00e1m\u00edtanak az MTI-nek kedden nyilatkoz\u00f3 elemz\u0151k, akik szerint a fogyaszt\u00e1s lehet a gazdas\u00e1gi n\u00f6veked\u00e9s f\u0151 motorja a k\u00f6vetkez\u0151 id\u0151szakban.<\/p>\n","protected":false},"author":1,"featured_media":0,"comment_status":"open","ping_status":"closed","sticky":false,"template":"","format":"standard","meta":[],"categories":[19],"tags":[],"_links":{"self":[{"href":"https:\/\/gazdasagportal.hu\/index.php\/wp-json\/wp\/v2\/posts\/81286"}],"collection":[{"href":"https:\/\/gazdasagportal.hu\/index.php\/wp-json\/wp\/v2\/posts"}],"about":[{"href":"https:\/\/gazdasagportal.hu\/index.php\/wp-json\/wp\/v2\/types\/post"}],"author":[{"embeddable":true,"href":"https:\/\/gazdasagportal.hu\/index.php\/wp-json\/wp\/v2\/users\/1"}],"replies":[{"embeddable":true,"href":"https:\/\/gazdasagportal.hu\/index.php\/wp-json\/wp\/v2\/comments?post=81286"}],"version-history":[{"count":1,"href":"https:\/\/gazdasagportal.hu\/index.php\/wp-json\/wp\/v2\/posts\/81286\/revisions"}],"predecessor-version":[{"id":81287,"href":"https:\/\/gazdasagportal.hu\/index.php\/wp-json\/wp\/v2\/posts\/81286\/revisions\/81287"}],"wp:attachment":[{"href":"https:\/\/gazdasagportal.hu\/index.php\/wp-json\/wp\/v2\/media?parent=81286"}],"wp:term":[{"taxonomy":"category","embeddable":true,"href":"https:\/\/gazdasagportal.hu\/index.php\/wp-json\/wp\/v2\/categories?post=81286"},{"taxonomy":"post_tag","embeddable":true,"href":"https:\/\/gazdasagportal.hu\/index.php\/wp-json\/wp\/v2\/tags?post=81286"}],"curies":[{"name":"wp","href":"https:\/\/api.w.org\/{rel}","templated":true}]}}