{"id":81278,"date":"2016-06-21T10:46:35","date_gmt":"2016-06-21T08:46:35","guid":{"rendered":"http:\/\/gazdasagportal.hu\/?p=81278"},"modified":"2016-06-21T10:46:35","modified_gmt":"2016-06-21T08:46:35","slug":"vihar-harom-szabolcsi-telepulesen-tobb-mint-szaz-hazat-rongalt-meg-a-jeg","status":"publish","type":"post","link":"https:\/\/gazdasagportal.hu\/index.php\/vihar-harom-szabolcsi-telepulesen-tobb-mint-szaz-hazat-rongalt-meg-a-jeg\/","title":{"rendered":"Vihar &#8211; H\u00e1rom szabolcsi telep\u00fcl\u00e9sen t\u00f6bb mint sz\u00e1z h\u00e1zat rong\u00e1lt meg a j\u00e9g"},"content":{"rendered":"<p><strong>H\u00e1rom Szabolcs-Szatm\u00e1r-Bereg megyei telep\u00fcl\u00e9sen t\u00f6bb mint sz\u00e1z h\u00e1zat rong\u00e1lt meg a j\u00e9g kedd hajnalban &#8211; k\u00f6z\u00f6lte honlapj\u00e1n a Szabolcs-Szatm\u00e1r-Bereg Megyei Katasztr\u00f3fav\u00e9delmi Igazgat\u00f3s\u00e1g.<\/strong><!--more--><\/p>\n<div class=\"ads-in-post1\"><div id=\"gazdasagportal.hu_fullbanner_wideboard\"><\/div>\r\n<\/div>\n<p>A t\u00e1j\u00e9koztat\u00e1s szerint a magyar-rom\u00e1n hat\u00e1r mellet fekv\u0151 M\u00e9htelken, Rozs\u00e1lyon, valamint Zajt\u00e1n teniszlabda m\u00e9ret\u0171 j\u00e9g hullott. Rozs\u00e1lyon az els\u0151dleges felm\u00e9r\u00e9s alapj\u00e1n 150-180 h\u00e1zat vert el, \u00e1tt\u00f6rte a cserepeket \u00e9s bet\u00f6rte az ingatlanok tet\u0151ablakait is. A t\u0171zolt\u00f3k a polg\u00e1rmesterrel k\u00f6z\u00f6sen m\u00e9rik fel, hogy mely h\u00e1zakn\u00e1l milyen beavatkoz\u00e1sra lesz sz\u00fcks\u00e9g.<br \/>\nZajt\u00e1n hasonl\u00f3 gondokat okozott a j\u00e9ges\u0151, \u00e9s M\u00e9htelekr\u0151l is \u00e9rkezett s\u00e9r\u00fclt tet\u0151szerkezetr\u0151l, be\u00e1z\u00f3 h\u00e1zr\u00f3l sz\u00f3l\u00f3 bejelent\u00e9s &#8211; olvashat\u00f3 a <a title=\"Hely megnyit\u00e1sa\" href=\"http:\/\/www.szabolcs.katasztrofavedelem.hu\" target=\"_blank\" rel=\"noopener\">www.szabolcs.katasztrofavedelem.hu<\/a> oldalon.(MTI)<\/p>\n<p>&nbsp;<\/p><div id=\"gazda-1959374216\" class=\"gazda-tartalomban gazda-entity-placement\"><script async src=\"https:\/\/pagead2.googlesyndication.com\/pagead\/js\/adsbygoogle.js\"><\/script>\r\n<ins class=\"adsbygoogle\"\r\n     style=\"display:block\"\r\n     data-ad-format=\"fluid\"\r\n     data-ad-layout-key=\"-6t+ed+2i-1n-4w\"\r\n     data-ad-client=\"ca-pub-1959107119989764\"\r\n     data-ad-slot=\"4008251320\"><\/ins>\r\n<script>\r\n     (adsbygoogle = window.adsbygoogle || []).push({});\r\n<\/script><\/div>\n","protected":false},"excerpt":{"rendered":"<p>H\u00e1rom Szabolcs-Szatm\u00e1r-Bereg megyei telep\u00fcl\u00e9sen t\u00f6bb mint sz\u00e1z h\u00e1zat rong\u00e1lt meg a j\u00e9g kedd hajnalban &#8211; k\u00f6z\u00f6lte honlapj\u00e1n a Szabolcs-Szatm\u00e1r-Bereg Megyei Katasztr\u00f3fav\u00e9delmi Igazgat\u00f3s\u00e1g.<\/p>\n","protected":false},"author":1,"featured_media":0,"comment_status":"open","ping_status":"closed","sticky":false,"template":"","format":"standard","meta":[],"categories":[4],"tags":[],"_links":{"self":[{"href":"https:\/\/gazdasagportal.hu\/index.php\/wp-json\/wp\/v2\/posts\/81278"}],"collection":[{"href":"https:\/\/gazdasagportal.hu\/index.php\/wp-json\/wp\/v2\/posts"}],"about":[{"href":"https:\/\/gazdasagportal.hu\/index.php\/wp-json\/wp\/v2\/types\/post"}],"author":[{"embeddable":true,"href":"https:\/\/gazdasagportal.hu\/index.php\/wp-json\/wp\/v2\/users\/1"}],"replies":[{"embeddable":true,"href":"https:\/\/gazdasagportal.hu\/index.php\/wp-json\/wp\/v2\/comments?post=81278"}],"version-history":[{"count":1,"href":"https:\/\/gazdasagportal.hu\/index.php\/wp-json\/wp\/v2\/posts\/81278\/revisions"}],"predecessor-version":[{"id":81279,"href":"https:\/\/gazdasagportal.hu\/index.php\/wp-json\/wp\/v2\/posts\/81278\/revisions\/81279"}],"wp:attachment":[{"href":"https:\/\/gazdasagportal.hu\/index.php\/wp-json\/wp\/v2\/media?parent=81278"}],"wp:term":[{"taxonomy":"category","embeddable":true,"href":"https:\/\/gazdasagportal.hu\/index.php\/wp-json\/wp\/v2\/categories?post=81278"},{"taxonomy":"post_tag","embeddable":true,"href":"https:\/\/gazdasagportal.hu\/index.php\/wp-json\/wp\/v2\/tags?post=81278"}],"curies":[{"name":"wp","href":"https:\/\/api.w.org\/{rel}","templated":true}]}}