{"id":81251,"date":"2016-06-21T04:44:55","date_gmt":"2016-06-21T02:44:55","guid":{"rendered":"http:\/\/gazdasagportal.hu\/?p=81251"},"modified":"2016-06-21T06:52:28","modified_gmt":"2016-06-21T04:52:28","slug":"kulfoldi-sajto-magyarorszagrol-nemet-es-svajci-lap-a-brexittel-kapcsolatos-lengyel-es-magyar-allaspontrol","status":"publish","type":"post","link":"https:\/\/gazdasagportal.hu\/index.php\/kulfoldi-sajto-magyarorszagrol-nemet-es-svajci-lap-a-brexittel-kapcsolatos-lengyel-es-magyar-allaspontrol\/","title":{"rendered":"K\u00fclf\u00f6ldi sajt\u00f3 Magyarorsz\u00e1gr\u00f3l &#8211; N\u00e9met \u00e9s sv\u00e1jci lap a Brexittel kapcsolatos lengyel \u00e9s magyar \u00e1ll\u00e1spontr\u00f3l"},"content":{"rendered":"<p><strong>Nagy-Britannia Eur\u00f3pai Uni\u00f3b\u00f3l val\u00f3 kil\u00e9p\u00e9s\u00e9nek (Brexit) vesz\u00e9ly\u00e9vel foglalkoz\u00f3, s az ezzel kapcsolatos lengyel \u00e9s magyar magatart\u00e1st is \u00e9rint\u0151 \u00edr\u00e1st k\u00f6z\u00f6lt a h\u00e9t v\u00e9g\u00e9n a Frankfurter Allgemeine Zeitung (FAZ) c\u00edm\u0171 n\u00e9met \u00e9s a Neue Z\u00fcrcher Zeitung (NZZ) c\u00edm\u0171 sv\u00e1jci napilap.<\/strong><!--more--><\/p>\n<div class=\"ads-in-post1\"><div id=\"gazdasagportal.hu_fullbanner_wideboard\"><\/div>\r\n<\/div>\n<p>    A FAZ szombati kiad\u00e1s\u00e1ban a Brexitr\u0151l megjelent v\u00e9lem\u00e9nycikk\u00e9ben Thomas Gutschker egyebek k\u00f6zt megjegyezte, hogy Lengyelorsz\u00e1g \u00e9s Magyarorsz\u00e1g korm\u00e1nyai a nemzeti elk\u00fcl\u00f6n\u00fcl\u00e9st v\u00e1lasztott\u00e1k, \u00e9s a menek\u00fcltk\u00e9rd\u00e9sben megtagadj\u00e1k a szolidarit\u00e1st. Az elm\u00falt napokban k\u00fcl\u00f6nb\u00f6z\u0151 szinteken t\u00e1rgyal\u00e1sok folytak Vars\u00f3 \u00e9s Budapest k\u00f6z\u00f6tt.<br \/>\n    Br\u00fcsszelben biztosra veszik &#8211; \u00edrja Gutschker -, hogy sem Beata Szydlo lengyel, sem Orb\u00e1n Viktor magyar korm\u00e1nyf\u0151 nem akarja a szakad\u00e1s jel\u00e9t k\u00fcldeni. M\u00e1r csak az\u00e9rt sem, mert nem \u00e9rdek\u00fck a piaci spekul\u00e1ci\u00f3, amely az \u0151 hitelkamataikat az egekig vinn\u00e9. Orb\u00e1n ezenk\u00edv\u00fcl vissza akarja tartani a Jobbikot, amely r\u00f6gt\u00f6n kil\u00e9pne az uni\u00f3b\u00f3l. S\u0151t, brit lapokban k\u00f6zvetlen\u00fcl a brit v\u00e1laszt\u00f3khoz fordul a k\u00f6vetkez\u0151 \u00fczenettel: &#8222;Magyarorsz\u00e1g b\u00fcszke arra, hogy veletek egy\u00fctt az Eur\u00f3pai Uni\u00f3 tagja lehet&#8221;.<br \/>\n    A NZZ szombati v\u00e9lem\u00e9nycikk\u00e9ben Eric Gujer \u00fagy v\u00e9lte, a 21. sz\u00e1zad kezdet\u00e9n az eur\u00f3paiak az \u00e1ttekinthet\u0151s\u00e9gre t\u00f6rekednek, \u00e9s aki nem tal\u00e1lja ezt meg a t\u00e9rbeli hat\u00e1rok k\u00f6z\u00f6tt, az szellemi &#8222;szalagkorl\u00e1tokat&#8221; keres.<br \/>\n    Gujer szerint Magyarorsz\u00e1g \u00e9s Lengyelorsz\u00e1g korm\u00e1nyai ezt &#8222;a gonosz szellemet&#8221; m\u00e1r a z\u00e1szl\u00f3jukra t\u0171zt\u00e9k. Megjegyezte, hogy N\u00e9metorsz\u00e1gban a nacionalizmus egyfajta baloldali v\u00e1ltozata vir\u00e1gzik, amely a szabadkereskedelem \u00e9s a transzatlanti partners\u00e9g ellen mobiliz\u00e1lja a v\u00e1laszt\u00f3kat. &#8222;B\u00e1r Orb\u00e1n Viktor \u00e9s a globaliz\u00e1ci\u00f3 ellenz\u0151inek c\u00e9ljai k\u00fcl\u00f6nb\u00f6znek, a recept ugyanaz: el kell utas\u00edtani azt, ami k\u00edv\u00fclr\u0151l j\u00f6n&#8221; &#8211; \u00edrta Gujer. A cikk szerint ha a nacionalizmus \u00e9s a provincializmus t\u00e9rnyer\u00e9se fokoz\u00f3dik, akkor az EU egys\u00e9ge v\u00e9gk\u00e9pp f\u00e9lelmek \u00e9s ellen\u00e9rz\u00e9sek sokas\u00e1g\u00e1v\u00e1 foszlik sz\u00e9t.(MTI)<\/p>\n<p><meta http-equiv=\"refresh\" content=\"120\" \/>\t<\/p>\n","protected":false},"excerpt":{"rendered":"<p>Nagy-Britannia Eur\u00f3pai Uni\u00f3b\u00f3l val\u00f3 kil\u00e9p\u00e9s\u00e9nek (Brexit) vesz\u00e9ly\u00e9vel foglalkoz\u00f3, s az ezzel kapcsolatos lengyel \u00e9s magyar magatart\u00e1st is \u00e9rint\u0151 \u00edr\u00e1st k\u00f6z\u00f6lt a h\u00e9t v\u00e9g\u00e9n a Frankfurter Allgemeine Zeitung (FAZ) c\u00edm\u0171 n\u00e9met \u00e9s a Neue Z\u00fcrcher Zeitung (NZZ) c\u00edm\u0171 sv\u00e1jci napilap.<\/p>\n","protected":false},"author":1,"featured_media":60602,"comment_status":"open","ping_status":"closed","sticky":false,"template":"","format":"standard","meta":[],"categories":[146,4],"tags":[],"_links":{"self":[{"href":"https:\/\/gazdasagportal.hu\/index.php\/wp-json\/wp\/v2\/posts\/81251"}],"collection":[{"href":"https:\/\/gazdasagportal.hu\/index.php\/wp-json\/wp\/v2\/posts"}],"about":[{"href":"https:\/\/gazdasagportal.hu\/index.php\/wp-json\/wp\/v2\/types\/post"}],"author":[{"embeddable":true,"href":"https:\/\/gazdasagportal.hu\/index.php\/wp-json\/wp\/v2\/users\/1"}],"replies":[{"embeddable":true,"href":"https:\/\/gazdasagportal.hu\/index.php\/wp-json\/wp\/v2\/comments?post=81251"}],"version-history":[{"count":2,"href":"https:\/\/gazdasagportal.hu\/index.php\/wp-json\/wp\/v2\/posts\/81251\/revisions"}],"predecessor-version":[{"id":81256,"href":"https:\/\/gazdasagportal.hu\/index.php\/wp-json\/wp\/v2\/posts\/81251\/revisions\/81256"}],"wp:featuredmedia":[{"embeddable":true,"href":"https:\/\/gazdasagportal.hu\/index.php\/wp-json\/wp\/v2\/media\/60602"}],"wp:attachment":[{"href":"https:\/\/gazdasagportal.hu\/index.php\/wp-json\/wp\/v2\/media?parent=81251"}],"wp:term":[{"taxonomy":"category","embeddable":true,"href":"https:\/\/gazdasagportal.hu\/index.php\/wp-json\/wp\/v2\/categories?post=81251"},{"taxonomy":"post_tag","embeddable":true,"href":"https:\/\/gazdasagportal.hu\/index.php\/wp-json\/wp\/v2\/tags?post=81251"}],"curies":[{"name":"wp","href":"https:\/\/api.w.org\/{rel}","templated":true}]}}