{"id":81229,"date":"2016-06-20T15:39:19","date_gmt":"2016-06-20T13:39:19","guid":{"rendered":"http:\/\/gazdasagportal.hu\/?p=81229"},"modified":"2016-06-20T15:39:19","modified_gmt":"2016-06-20T13:39:19","slug":"visszaesett-a-gazspray-iranti-kereslet-also-ausztriaban","status":"publish","type":"post","link":"https:\/\/gazdasagportal.hu\/index.php\/visszaesett-a-gazspray-iranti-kereslet-also-ausztriaban\/","title":{"rendered":"Visszaesett a g\u00e1zspray ir\u00e1nti kereslet Als\u00f3-Ausztri\u00e1ban"},"content":{"rendered":"<p><strong>Visszaesett g\u00e1zspray ir\u00e1nti kereslet Als\u00f3-Ausztri\u00e1ban az elm\u00falt k\u00e9t h\u00f3napban &#8211; jelentette az osztr\u00e1k k\u00f6zszolg\u00e1lati m\u00e9dia (ORF) tartom\u00e1nyi fegyverkeresked\u0151kre hivatkozva.<\/strong><!--more--><\/p>\n<div class=\"ads-in-post1\"><div id=\"gazdasagportal.hu_fullbanner_wideboard\"><\/div>\r\n<\/div>\n<p>    A szakemberek a lakoss\u00e1g f\u00e9lelem\u00e9rzet\u00e9nek cs\u00f6kken\u00e9s\u00e9vel magyar\u00e1zt\u00e1k, hogy az \u00e9v eleji adatokhoz k\u00e9pest visszaesett a tartom\u00e1nyban a v\u00e1s\u00e1rolt elektrosokkol\u00f3k, g\u00e1zpsray-k, g\u00e1zpisztolyok \u00e9s riaszt\u00f3pisztolyok sz\u00e1ma.<br \/>\n    Sz\u00e1mok eml\u00edt\u00e9se n\u00e9lk\u00fcl, de hasonl\u00f3 tapasztalatr\u00f3l sz\u00e1moltak be a salzburgi fegyverkeresked\u0151k is. T\u00e1j\u00e9koztat\u00e1suk szerint m\u00edg tavaly \u0151sszel \u00e9s id\u00e9n janu\u00e1rban m\u00e9g sokan \u00e9rdekl\u0151dtek az \u00f6nv\u00e9delmi eszk\u00f6z\u00f6k ir\u00e1nt, jelenleg visszaesett az ezek beszerz\u00e9s\u00e9re vonatkoz\u00f3 ig\u00e9ny.<br \/>\n    Als\u00f3-Ausztri\u00e1ban a l\u0151fegyverek tart\u00e1s\u00e1ra vonatkoz\u00f3lag azonban havonta nagyj\u00e1b\u00f3l ezer \u00faj k\u00e9relem \u00e9rkezik a hat\u00f3s\u00e1gokhoz.<br \/>\n    A tavaly ny\u00e1ri adatok szerint Ausztri\u00e1nak ezen a r\u00e9sz\u00e9n tartott\u00e1k a legt\u00f6bb l\u0151fegyvert. A bel\u00fcgyminiszt\u00e9rium akkori adatai szerint mintegy 250 ezer fegyvert regisztr\u00e1ltak a tartom\u00e1nyban, m\u00edg a szomsz\u00e9dos Fels\u0151-Ausztri\u00e1ban 156 ezret. J\u00fanius elsej\u00e9n Als\u00f3-Ausztri\u00e1ban 264 500 regisztr\u00e1lt l\u0151fegyvert tartottak, els\u0151sorban marokl\u0151fegyvereket \u00e9s f\u00e9lautomata l\u0151fegyvereket. A t\u00e1rca nyilv\u00e1ntart\u00e1sa 2014 nyara \u00f3ta m\u0171k\u00f6dik.<br \/>\n    Az osztr\u00e1k f\u0151v\u00e1rosban B\u00e9csben tavaly szeptemberben sz\u00e1z, okt\u00f3berben viszont m\u00e1r k\u00e9tszer ennyi fegyvertart\u00e1si enged\u00e9lyt \u00e1ll\u00edtottak ki. A november havi adatok szerint pedig t\u00f6bb mint 450 enged\u00e9lyt adtak ki a b\u00e9csi hat\u00f3s\u00e1gok.<br \/>\n    Reinhold Sodia salzburgi fegyverkeresked\u0151 \u00fagy nyilatkozott, hogy biztosan sz\u00e1mos oka van annak, hogy az emberek jobban \u00e9rdekl\u0151dtek az \u00f6nv\u00e9delmi fegyverek ir\u00e1nt, azonban ez nyilv\u00e1nval\u00f3an a lakoss\u00e1g f\u00e9lelem\u00e9rzet\u00e9vel van \u00f6sszef\u00fcgg\u00e9sben. Mint fogalmazott: tavaly \u0151sszel \u00e9s janu\u00e1rban m\u00e9g nagyobb volt a kereslet, most nyilv\u00e1nval\u00f3an ez az aggodalom elm\u00falt. Megl\u00e1t\u00e1sa szerint a menek\u00fcltek befogad\u00e1s\u00e1nak fels\u0151 korl\u00e1tja, az \u00faj v\u00e9delmi miniszter \u00e1ltal szorgalmazott hat\u00e1rir\u00e1ny\u00edt\u00e1si rendszer \u00e9s a megn\u00f6vekedett rend\u0151rs\u00e9gi jelenl\u00e9t nyugtatta meg a ked\u00e9lyeket.<br \/>\n    A decemberben k\u00f6z\u00f6lt felm\u00e9r\u00e9sek szerint az osztr\u00e1kok 80 sz\u00e1zal\u00e9ka agg\u00f3dik az orsz\u00e1got \u00e9rint\u0151 menek\u00fclthull\u00e1m miatt. Egy j\u00faniusban bemutatott k\u00f6zv\u00e9lem\u00e9nykutat\u00e1s szerint a megk\u00e9rdezettek negyede d\u00fch\u00f6s, t\u00f6bb mint 30 sz\u00e1zal\u00e9ka agg\u00f3d\u00f3 volt, ugyanennyien pedig bizakod\u00f3ak voltak az ausztriai menek\u00fclthelyzettel kapcsolatban.<br \/>\n    Tavaly \u0151sszel Ausztri\u00e1ba mintegy hatsz\u00e1zezer menek\u00fclt \u00e9rkezett, akiknek nagy r\u00e9sze elhagyta az orsz\u00e1got \u00e9s N\u00e9metorsz\u00e1g ir\u00e1ny\u00e1ba utazott tov\u00e1bb. Decemberben naponta 2000 \u00e9s 5000 k\u00f6z\u00f6tt volt az \u00e9rkez\u0151k sz\u00e1ma, j\u00faniusban naponta 800-an utaznak be Ausztri\u00e1ba.<br \/>\n    2015-ben \u00f6sszesen 89 ezer mened\u00e9kk\u00e9relmet ny\u00fajtottak be Ausztri\u00e1ban, mintegy h\u00e1rom \u00e9s f\u00e9lszer annyit, mint egy \u00e9vvel kor\u00e1bban. Id\u00e9n folyamatosan cs\u00f6kken a mened\u00e9kk\u00e9relmek sz\u00e1ma; m\u00e1jus utols\u00f3 het\u00e9ben t\u00f6bb mint nyolcsz\u00e1zan, m\u00edg m\u00e1rciusban 3400-an, febru\u00e1rban \u00f6tezren, janu\u00e1rban hatezren, decemberben 7300-an, novemberben 12 ezren k\u00e9rtek menek\u00fclt st\u00e1tust az osztr\u00e1k hat\u00f3s\u00e1gokt\u00f3l.(MTI)<\/p>\n","protected":false},"excerpt":{"rendered":"<p>Visszaesett g\u00e1zspray ir\u00e1nti kereslet Als\u00f3-Ausztri\u00e1ban az elm\u00falt k\u00e9t h\u00f3napban &#8211; jelentette az osztr\u00e1k k\u00f6zszolg\u00e1lati m\u00e9dia (ORF) tartom\u00e1nyi fegyverkeresked\u0151kre hivatkozva.<\/p>\n","protected":false},"author":1,"featured_media":0,"comment_status":"open","ping_status":"closed","sticky":false,"template":"","format":"standard","meta":[],"categories":[12],"tags":[],"_links":{"self":[{"href":"https:\/\/gazdasagportal.hu\/index.php\/wp-json\/wp\/v2\/posts\/81229"}],"collection":[{"href":"https:\/\/gazdasagportal.hu\/index.php\/wp-json\/wp\/v2\/posts"}],"about":[{"href":"https:\/\/gazdasagportal.hu\/index.php\/wp-json\/wp\/v2\/types\/post"}],"author":[{"embeddable":true,"href":"https:\/\/gazdasagportal.hu\/index.php\/wp-json\/wp\/v2\/users\/1"}],"replies":[{"embeddable":true,"href":"https:\/\/gazdasagportal.hu\/index.php\/wp-json\/wp\/v2\/comments?post=81229"}],"version-history":[{"count":1,"href":"https:\/\/gazdasagportal.hu\/index.php\/wp-json\/wp\/v2\/posts\/81229\/revisions"}],"predecessor-version":[{"id":81230,"href":"https:\/\/gazdasagportal.hu\/index.php\/wp-json\/wp\/v2\/posts\/81229\/revisions\/81230"}],"wp:attachment":[{"href":"https:\/\/gazdasagportal.hu\/index.php\/wp-json\/wp\/v2\/media?parent=81229"}],"wp:term":[{"taxonomy":"category","embeddable":true,"href":"https:\/\/gazdasagportal.hu\/index.php\/wp-json\/wp\/v2\/categories?post=81229"},{"taxonomy":"post_tag","embeddable":true,"href":"https:\/\/gazdasagportal.hu\/index.php\/wp-json\/wp\/v2\/tags?post=81229"}],"curies":[{"name":"wp","href":"https:\/\/api.w.org\/{rel}","templated":true}]}}