{"id":81219,"date":"2016-06-20T12:46:53","date_gmt":"2016-06-20T10:46:53","guid":{"rendered":"http:\/\/gazdasagportal.hu\/?p=81219"},"modified":"2016-06-20T12:46:53","modified_gmt":"2016-06-20T10:46:53","slug":"unios-forrasokat-csoportositanak-at-tolnaban","status":"publish","type":"post","link":"https:\/\/gazdasagportal.hu\/index.php\/unios-forrasokat-csoportositanak-at-tolnaban\/","title":{"rendered":"Uni\u00f3s forr\u00e1sokat csoportos\u00edtanak \u00e1t Toln\u00e1ban"},"content":{"rendered":"<p><strong>V\u00e1rhat\u00f3an \u0151sszel \u00e1tcsoportos\u00edtj\u00e1k a Ter\u00fclet- \u00e9s Telep\u00fcl\u00e9sfejleszt\u00e9si Operat\u00edv Program (TOP) Tolna megyei, 27,5 milli\u00e1rd forintos keret\u00e9n bel\u00fcli forr\u00e1sokat a gazdas\u00e1gfejleszt\u00e9si projektek jav\u00e1ra &#8211; mondta a Tolna megyei k\u00f6zgy\u0171l\u00e9s eln\u00f6ke h\u00e9tf\u0151n Tam\u00e1siban.<\/strong><!--more--><\/p>\n<div class=\"ads-in-post1\"><div id=\"gazdasagportal.hu_fullbanner_wideboard\"><\/div>\r\n<\/div>\n<p>    Feh\u00e9rv\u00e1ri Tam\u00e1s a Tolna megyei fejleszt\u00e9sekr\u0151l tartott sajt\u00f3t\u00e1j\u00e9koztat\u00f3n hozz\u00e1tette: azoknak a p\u00e1ly\u00e1zati ki\u00edr\u00e1soknak a keret\u00e9t cs\u00f6kkentik, amelyekre kisebb az \u00f6nkorm\u00e1nyzatok \u00e9rdekl\u0151d\u00e9se. Ilyen p\u00e9ld\u00e1ul az \u00f6nkorm\u00e1nyzati \u00e9p\u00fcletek energetikai korszer\u0171s\u00edt\u00e9se, amelyre n\u00e9gymilli\u00e1rd forintot terveztek. A m\u00f3dos\u00edt\u00e1ssal n\u0151het a gazdas\u00e1g- \u00e9s turizmusfejleszt\u00e9sre jut\u00f3, jelenleg mintegy 5 milli\u00e1rd forintos keret &#8211; mondta.<br \/>\n    Besz\u00e1molt arr\u00f3l, hogy Tolna megy\u00e9ben id\u00e9n a rendelkez\u00e9sre \u00e1ll\u00f3 \u00f6sszegb\u0151l k\u00f6zel 26 milli\u00e1rd forintra \u00edrtak ki p\u00e1ly\u00e1zatokat, a k\u00f6vetkez\u0151 \u00e9vre 2-3 milli\u00e1rd forint p\u00e1ly\u00e1zhat\u00f3 forr\u00e1s marad. Eddig k\u00e9t ki\u00edr\u00e1s p\u00e1ly\u00e1zatair\u00f3l d\u00f6nt\u00f6ttek: a Tolna megyei foglalkoztat\u00e1si paktum 1,2 milli\u00e1rd forintos projektj\u00e9r\u0151l, illetve a megye als\u00f3bb rend\u0171 \u00fatjainak 1,7-1,8 milli\u00e1rd forintos fel\u00faj\u00edt\u00e1s\u00e1r\u00f3l. Az \u00fatprogram r\u00e9v\u00e9n k\u00f6zel 20 kilom\u00e9ternyi n\u00e9gy \u00e9s \u00f6t sz\u00e1mjegy\u0171 \u00fat \u00fajulhat meg.<br \/>\n    K\u00f6zl\u00e9se szerint j\u00faliusban barnamez\u0151s ter\u00fcletek rehabilit\u00e1ci\u00f3j\u00e1r\u00f3l, augusztusban meg\u00fajul\u00f3 energiaforr\u00e1sok kihaszn\u00e1l\u00e1s\u00e1t el\u0151seg\u00edt\u0151, v\u00e1rosrehabilit\u00e1ci\u00f3s p\u00e1ly\u00e1zat\u00f3kr\u00f3l \u00e9s a helyi foglalkoztat\u00e1si egy\u00fcttm\u0171k\u00f6d\u00e9sekr\u0151l hoznak d\u00f6nt\u00e9st.<br \/>\n    Hirt Ferenc, Tolna megye fejleszt\u00e9si biztosa elmondta: Tam\u00e1si t\u00e9rs\u00e9g\u00e9ben k\u00e9zimunkaig\u00e9nyes mez\u0151gazdas\u00e1gi \u00e1gazatokat, p\u00e9ld\u00e1ul gy\u00f3gyn\u00f6v\u00e9ny-termeszt\u00e9st honos\u00edtan\u00e1nak meg, illetve az \u0150s-Dr\u00e1va programhoz hasonl\u00f3 fejleszt\u00e9si programot dolgoznak ki D\u00e9l-Fej\u00e9rben \u00e9s \u00c9szak-Toln\u00e1ban.<br \/>\n    A k\u00e9t t\u00e9rs\u00e9g hasonl\u00f3 gondokkal k\u00fczd &#8211; jegyezte meg, a 38 ezer lakos\u00fa Tam\u00e1si t\u00e9rs\u00e9g\u00e9ben p\u00e9ld\u00e1ul sok az &#8222;alv\u00f3&#8221; telep\u00fcl\u00e9s, k\u00f6zel ezer ember ing\u00e1zik naponta Duna\u00fajv\u00e1rosba, Sz\u00e9kesfeh\u00e9rv\u00e1rra, Tabra.(MTI)<\/p>\n","protected":false},"excerpt":{"rendered":"<p>V\u00e1rhat\u00f3an \u0151sszel \u00e1tcsoportos\u00edtj\u00e1k a Ter\u00fclet- \u00e9s Telep\u00fcl\u00e9sfejleszt\u00e9si Operat\u00edv Program (TOP) Tolna megyei, 27,5 milli\u00e1rd forintos keret\u00e9n bel\u00fcli forr\u00e1sokat a gazdas\u00e1gfejleszt\u00e9si projektek jav\u00e1ra &#8211; mondta a Tolna megyei k\u00f6zgy\u0171l\u00e9s eln\u00f6ke h\u00e9tf\u0151n Tam\u00e1siban.<\/p>\n","protected":false},"author":1,"featured_media":0,"comment_status":"open","ping_status":"closed","sticky":false,"template":"","format":"standard","meta":[],"categories":[19],"tags":[],"_links":{"self":[{"href":"https:\/\/gazdasagportal.hu\/index.php\/wp-json\/wp\/v2\/posts\/81219"}],"collection":[{"href":"https:\/\/gazdasagportal.hu\/index.php\/wp-json\/wp\/v2\/posts"}],"about":[{"href":"https:\/\/gazdasagportal.hu\/index.php\/wp-json\/wp\/v2\/types\/post"}],"author":[{"embeddable":true,"href":"https:\/\/gazdasagportal.hu\/index.php\/wp-json\/wp\/v2\/users\/1"}],"replies":[{"embeddable":true,"href":"https:\/\/gazdasagportal.hu\/index.php\/wp-json\/wp\/v2\/comments?post=81219"}],"version-history":[{"count":1,"href":"https:\/\/gazdasagportal.hu\/index.php\/wp-json\/wp\/v2\/posts\/81219\/revisions"}],"predecessor-version":[{"id":81220,"href":"https:\/\/gazdasagportal.hu\/index.php\/wp-json\/wp\/v2\/posts\/81219\/revisions\/81220"}],"wp:attachment":[{"href":"https:\/\/gazdasagportal.hu\/index.php\/wp-json\/wp\/v2\/media?parent=81219"}],"wp:term":[{"taxonomy":"category","embeddable":true,"href":"https:\/\/gazdasagportal.hu\/index.php\/wp-json\/wp\/v2\/categories?post=81219"},{"taxonomy":"post_tag","embeddable":true,"href":"https:\/\/gazdasagportal.hu\/index.php\/wp-json\/wp\/v2\/tags?post=81219"}],"curies":[{"name":"wp","href":"https:\/\/api.w.org\/{rel}","templated":true}]}}