{"id":81217,"date":"2016-06-20T12:07:48","date_gmt":"2016-06-20T10:07:48","guid":{"rendered":"http:\/\/gazdasagportal.hu\/?p=81217"},"modified":"2016-06-20T12:07:48","modified_gmt":"2016-06-20T10:07:48","slug":"optimistak-es-letszambovitest-terveznek-a-magyar-felsovezetok-egy-felmeres-szerint","status":"publish","type":"post","link":"https:\/\/gazdasagportal.hu\/index.php\/optimistak-es-letszambovitest-terveznek-a-magyar-felsovezetok-egy-felmeres-szerint\/","title":{"rendered":"Optimist\u00e1k \u00e9s l\u00e9tsz\u00e1mb\u0151v\u00edt\u00e9st terveznek a magyar fels\u0151vezet\u0151k egy felm\u00e9r\u00e9s szerint"},"content":{"rendered":"<p><strong>Optimist\u00e1bbak a magyarorsz\u00e1gi v\u00e1llalatvezet\u0151k, 81 sz\u00e1zal\u00e9kuk nyilatkozott pozit\u00edvan a k\u00f6vetkez\u0151 egy \u00e9vben v\u00e1rhat\u00f3gazdas\u00e1gi fejl\u0151d\u00e9sr\u0151l, 70 sz\u00e1zal\u00e9kuk pedig l\u00e9tsz\u00e1mb\u0151v\u00edt\u00e9st tervez &#8211; der\u00fclt ki a Stanton Chase fels\u0151vezet\u0151k kiv\u00e1laszt\u00e1s\u00e1ra szakosodott nemzetk\u00f6zi szem\u00e9lyzeti tan\u00e1csad\u00f3 c\u00e9g felm\u00e9r\u00e9s\u00e9b\u0151l, amelyhez 120 v\u00e1llalati vezet\u0151t k\u00e9rdeztek meg.<\/strong><!--more--><\/p>\n<div class=\"ads-in-post1\"><div id=\"gazdasagportal.hu_fullbanner_wideboard\"><\/div>\r\n<\/div>\n<p>    Az MTI-hez h\u00e9tf\u0151n eljuttatott k\u00f6zlem\u00e9ny szerint ez az eddigi felm\u00e9r\u00e9sek sor\u00e1n a legder\u0171l\u00e1t\u00f3bb adat &#8211; tavaly 80 sz\u00e1zal\u00e9kos volt az optimist\u00e1k ar\u00e1nya &#8211; \u00e9s jelent\u0151s javul\u00e1s az els\u0151, 2013-ban v\u00e9gzett felm\u00e9r\u00e9shez k\u00e9pest, amikor mind\u00f6ssze a megk\u00e9rdezettek fele v\u00e9lekedett hasonl\u00f3an.<br \/>\n    A v\u00e1llalatokon bel\u00fcl a megk\u00e9rdezettek 60 sz\u00e1zal\u00e9ka optimista vagy nagyon optimista l\u00e9gk\u00f6rr\u0151l sz\u00e1molt be, a tavalyi 52 sz\u00e1zal\u00e9k ut\u00e1n. T\u00edzb\u0151l kilenc vezet\u0151 sikeresnek, nagyon sikeresnek vagy elfogadhat\u00f3nak \u00e9rt\u00e9kelte a 2015-\u00f6s \u00e9vet, tavaly ez az ar\u00e1ny 94 sz\u00e1zal\u00e9k volt, de az idei adat szint\u00e9n nagy ugr\u00e1s a k\u00e9t \u00e9vvel ezel\u0151tti 77 sz\u00e1zal\u00e9khoz k\u00e9pest.<br \/>\n    A fels\u0151vezet\u0151k az el\u0151z\u0151 \u00e9vhez hasonl\u00f3an legink\u00e1bb az ipar, a technol\u00f3giai- \u00e9s infokommunik\u00e1ci\u00f3s (IKT) szektor 53-53 sz\u00e1zal\u00e9kos n\u00f6veked\u00e9s\u00e9t v\u00e1rj\u00e1k 2016-ban. L\u00e9nyegesen jobbak lettek a fogyaszt\u00f3i term\u00e9kek \u00e9s szolg\u00e1ltat\u00e1sok piac\u00e1nak kil\u00e1t\u00e1sai, a tavalyi 27 sz\u00e1zal\u00e9k helyett a vezet\u0151k 44 sz\u00e1zal\u00e9ka v\u00e9lekedik optimist\u00e1n ezekr\u0151l, a p\u00e9nz\u00fcgyi szektort illet\u0151en pedig a pozit\u00edv v\u00e1rakoz\u00e1sok ar\u00e1nya szinte megdupl\u00e1z\u00f3dott a tavalyhoz k\u00e9pest.<br \/>\n    A felm\u00e9r\u00e9sb\u0151l az is kider\u00fclt, hogy a megk\u00e9rdezettek 70 sz\u00e1zal\u00e9ka tervez l\u00e9tsz\u00e1mb\u0151v\u00edt\u00e9st, legink\u00e1bb, 43 sz\u00e1zal\u00e9kban specialist\u00e1kat venn\u00e9nek fel, a fizikai munk\u00e1st m\u00e1r j\u00f3val kisebb &#8211; 15 sz\u00e1zal\u00e9kos &#8211; ar\u00e1nyban keresnek a v\u00e1laszok szerint.<br \/>\n    Az \u00faj szakemberek megtal\u00e1l\u00e1sakor a fels\u0151vezet\u0151k egyre ink\u00e1bb k\u00fclf\u00f6ldre tekintenek, tavalyhoz  k\u00e9pest jobban figyelnek a kelet-k\u00f6z\u00e9p-eur\u00f3pai r\u00e9gi\u00f3ban, vagy ak\u00e1r eg\u00e9sz Eur\u00f3p\u00e1ban, s\u0151t Eur\u00f3p\u00e1n k\u00edv\u00fcli orsz\u00e1gokban dolgoz\u00f3 szakemberekre is.<br \/>\n    N\u0151tt a magyar vezet\u0151k mobilit\u00e1sa, id\u00e9n is f\u0151k\u00e9nt Nyugat-Eur\u00f3pa \u00e9s \u00c9szak-Amerika az els\u0151dleges c\u00e9lpont, mindkett\u0151 vonzereje n\u0151tt a tavalyi \u00e9vhez k\u00e9pest, Nyugat-Eur\u00f3p\u00e1\u00e9 76-r\u00f3l 86 sz\u00e1zal\u00e9kra, \u00c9szak-Amerik\u00e1\u00e9 64-r\u0151l 73 sz\u00e1zal\u00e9kra &#8211; \u00e1ll a t\u00e1j\u00e9koztat\u00e1sban.(MTI)<\/p>\n","protected":false},"excerpt":{"rendered":"<p>Optimist\u00e1bbak a magyarorsz\u00e1gi v\u00e1llalatvezet\u0151k, 81 sz\u00e1zal\u00e9kuk nyilatkozott pozit\u00edvan a k\u00f6vetkez\u0151 egy \u00e9vben v\u00e1rhat\u00f3gazdas\u00e1gi fejl\u0151d\u00e9sr\u0151l, 70 sz\u00e1zal\u00e9kuk pedig l\u00e9tsz\u00e1mb\u0151v\u00edt\u00e9st tervez &#8211; der\u00fclt ki a Stanton Chase fels\u0151vezet\u0151k kiv\u00e1laszt\u00e1s\u00e1ra szakosodott nemzetk\u00f6zi szem\u00e9lyzeti tan\u00e1csad\u00f3 c\u00e9g felm\u00e9r\u00e9s\u00e9b\u0151l, amelyhez 120 v\u00e1llalati vezet\u0151t k\u00e9rdeztek meg.<\/p>\n","protected":false},"author":1,"featured_media":0,"comment_status":"open","ping_status":"closed","sticky":false,"template":"","format":"standard","meta":[],"categories":[19],"tags":[],"_links":{"self":[{"href":"https:\/\/gazdasagportal.hu\/index.php\/wp-json\/wp\/v2\/posts\/81217"}],"collection":[{"href":"https:\/\/gazdasagportal.hu\/index.php\/wp-json\/wp\/v2\/posts"}],"about":[{"href":"https:\/\/gazdasagportal.hu\/index.php\/wp-json\/wp\/v2\/types\/post"}],"author":[{"embeddable":true,"href":"https:\/\/gazdasagportal.hu\/index.php\/wp-json\/wp\/v2\/users\/1"}],"replies":[{"embeddable":true,"href":"https:\/\/gazdasagportal.hu\/index.php\/wp-json\/wp\/v2\/comments?post=81217"}],"version-history":[{"count":1,"href":"https:\/\/gazdasagportal.hu\/index.php\/wp-json\/wp\/v2\/posts\/81217\/revisions"}],"predecessor-version":[{"id":81218,"href":"https:\/\/gazdasagportal.hu\/index.php\/wp-json\/wp\/v2\/posts\/81217\/revisions\/81218"}],"wp:attachment":[{"href":"https:\/\/gazdasagportal.hu\/index.php\/wp-json\/wp\/v2\/media?parent=81217"}],"wp:term":[{"taxonomy":"category","embeddable":true,"href":"https:\/\/gazdasagportal.hu\/index.php\/wp-json\/wp\/v2\/categories?post=81217"},{"taxonomy":"post_tag","embeddable":true,"href":"https:\/\/gazdasagportal.hu\/index.php\/wp-json\/wp\/v2\/tags?post=81217"}],"curies":[{"name":"wp","href":"https:\/\/api.w.org\/{rel}","templated":true}]}}