{"id":81198,"date":"2016-06-19T21:28:40","date_gmt":"2016-06-19T19:28:40","guid":{"rendered":"http:\/\/gazdasagportal.hu\/?p=81198"},"modified":"2016-06-19T21:28:40","modified_gmt":"2016-06-19T19:28:40","slug":"biztonsagi-riado-volt-brusszel-kozponti-palyaudvaran-ket-csomag-miatt","status":"publish","type":"post","link":"https:\/\/gazdasagportal.hu\/index.php\/biztonsagi-riado-volt-brusszel-kozponti-palyaudvaran-ket-csomag-miatt\/","title":{"rendered":"Biztons\u00e1gi riad\u00f3 volt Br\u00fcsszel k\u00f6zponti p\u00e1lyaudvar\u00e1n k\u00e9t csomag miatt"},"content":{"rendered":"<p><strong>K\u00e9t gyan\u00fas csomag miatt r\u00f6vid id\u0151re lez\u00e1rt\u00e1k vas\u00e1rnap kora d\u00e9lut\u00e1n Br\u00fcsszel k\u00f6zponti p\u00e1lyaudvar\u00e1t &#8211; \u00edrta a La Libre Belgique belga napilap internetes kiad\u00e1sa.<\/strong><!--more--><\/p>\n<div class=\"ads-in-post1\"><div id=\"gazdasagportal.hu_fullbanner_wideboard\"><\/div>\r\n<\/div>\n<p>    A belga vas\u00fatt\u00e1rsas\u00e1g k\u00f6zl\u00e9se szerint a k\u00f6zleked\u00e9st m\u00e1r \u00fajraind\u00edtott\u00e1k, de k\u00e9s\u00e9sekre m\u00e9g \u00f3r\u00e1kig sz\u00e1m\u00edtani kell.<br \/>\n    A biztons\u00e1gi szolg\u00e1lat a bej\u00e1rathoz k\u00f6zeli p\u00e9nzt\u00e1rak k\u00f6rny\u00e9k\u00e9n bukkant r\u00e1 a k\u00e9t elhagyott csomagra.<br \/>\n    Egy esetleges terrort\u00e1mad\u00e1s megakad\u00e1lyoz\u00e1s\u00e1nak \u00e9rdek\u00e9ben a p\u00e1lyaudvart lez\u00e1rt\u00e1k \u00e9s \u00e1tf\u00e9s\u00fclt\u00e9k, a k\u00e9t csomagot az arra szakosodott speci\u00e1lis egys\u00e9gek megvizsg\u00e1lt\u00e1k, de robban\u00f3szerkezetet nem tal\u00e1ltak benn\u00fck &#8211; mondta el Peter De Waele rend\u0151rs\u00e9gi sz\u00f3viv\u0151.<br \/>\n    Az Eurostar London \u00e9s Br\u00fcsszel k\u00f6z\u00f6tt k\u00f6zleked\u0151 szuperexpresszei erre a p\u00e1lyaudvarra futnak be \u00e9s onnan is indulnak.<br \/>\n    Az el\u0151z\u0151 k\u00e9t napban tizenk\u00e9t embert vettek \u0151rizetbe Br\u00fcsszelben, mert a gyan\u00fa szerint \u00fajabb terrort\u00e1mad\u00e1st k\u00e9sz\u00edtettek el\u0151. K\u00f6z\u00fcl\u00fck h\u00e1rom szem\u00e9lyt el\u0151zetes letart\u00f3ztat\u00e1sba helyeztek.<br \/>\n    Charles Michel minisztereln\u00f6k a korm\u00e1ny biztons\u00e1gi tan\u00e1cs\u00e1nak \u00fcl\u00e9se ut\u00e1n kieg\u00e9sz\u00edt\u0151 \u00f3vint\u00e9zked\u00e9seket \u00edg\u00e9rt szombaton, de &#8211; mint mondta &#8211; nem v\u00e1ltoztatnak a terrork\u00e9sz\u00fclts\u00e9g szintj\u00e9n. Hozz\u00e1tette, hogy a labdar\u00fag\u00f3 Eur\u00f3pa-bajnoks\u00e1ggal kapcsolatos rendezv\u00e9nyek a terveknek megfelel\u0151en folytat\u00f3dnak.<br \/>\n    Nev\u00fck mell\u0151z\u00e9s\u00e9t k\u00e9r\u0151 forr\u00e1sok arr\u00f3l sz\u00e1moltak be, hogy a belga hat\u00f3s\u00e1gok szerd\u00e1n olyan inform\u00e1ci\u00f3 birtok\u00e1ba jutottak, amely szerint a K\u00f6zel-Keletr\u0151l nemr\u00e9g indultak \u00fatnak az Iszl\u00e1m \u00c1llam nev\u0171 terrorszervezet sz\u00e9ls\u0151s\u00e9gesei, hogy mer\u00e9nyleteket k\u00f6vessenek el Belgiumban \u00e9s Franciaorsz\u00e1gban.(MTI)<\/p>\n","protected":false},"excerpt":{"rendered":"<p>K\u00e9t gyan\u00fas csomag miatt r\u00f6vid id\u0151re lez\u00e1rt\u00e1k vas\u00e1rnap kora d\u00e9lut\u00e1n Br\u00fcsszel k\u00f6zponti p\u00e1lyaudvar\u00e1t &#8211; \u00edrta a La Libre Belgique belga napilap internetes kiad\u00e1sa.<\/p>\n","protected":false},"author":1,"featured_media":0,"comment_status":"open","ping_status":"closed","sticky":false,"template":"","format":"standard","meta":[],"categories":[12],"tags":[],"_links":{"self":[{"href":"https:\/\/gazdasagportal.hu\/index.php\/wp-json\/wp\/v2\/posts\/81198"}],"collection":[{"href":"https:\/\/gazdasagportal.hu\/index.php\/wp-json\/wp\/v2\/posts"}],"about":[{"href":"https:\/\/gazdasagportal.hu\/index.php\/wp-json\/wp\/v2\/types\/post"}],"author":[{"embeddable":true,"href":"https:\/\/gazdasagportal.hu\/index.php\/wp-json\/wp\/v2\/users\/1"}],"replies":[{"embeddable":true,"href":"https:\/\/gazdasagportal.hu\/index.php\/wp-json\/wp\/v2\/comments?post=81198"}],"version-history":[{"count":1,"href":"https:\/\/gazdasagportal.hu\/index.php\/wp-json\/wp\/v2\/posts\/81198\/revisions"}],"predecessor-version":[{"id":81199,"href":"https:\/\/gazdasagportal.hu\/index.php\/wp-json\/wp\/v2\/posts\/81198\/revisions\/81199"}],"wp:attachment":[{"href":"https:\/\/gazdasagportal.hu\/index.php\/wp-json\/wp\/v2\/media?parent=81198"}],"wp:term":[{"taxonomy":"category","embeddable":true,"href":"https:\/\/gazdasagportal.hu\/index.php\/wp-json\/wp\/v2\/categories?post=81198"},{"taxonomy":"post_tag","embeddable":true,"href":"https:\/\/gazdasagportal.hu\/index.php\/wp-json\/wp\/v2\/tags?post=81198"}],"curies":[{"name":"wp","href":"https:\/\/api.w.org\/{rel}","templated":true}]}}