{"id":81187,"date":"2016-06-19T15:10:56","date_gmt":"2016-06-19T13:10:56","guid":{"rendered":"http:\/\/gazdasagportal.hu\/?p=81187"},"modified":"2016-06-19T09:00:34","modified_gmt":"2016-06-19T07:00:34","slug":"meghirdettek-a-2016-evi-minoseg-innovacio-palyazatot","status":"publish","type":"post","link":"https:\/\/gazdasagportal.hu\/index.php\/meghirdettek-a-2016-evi-minoseg-innovacio-palyazatot\/","title":{"rendered":"Meghirdett\u00e9k a 2016. \u00e9vi Min\u0151s\u00e9g-Innov\u00e1ci\u00f3 p\u00e1ly\u00e1zatot"},"content":{"rendered":"<p><strong>Az Eur\u00f3pai Min\u0151s\u00e9g\u00fcgyi Szervezet (EOQ) Magyar Nemzeti Bizotts\u00e1g Egyes\u00fclet meghirdette a 2016. \u00e9vi Min\u0151s\u00e9g-Innov\u00e1ci\u00f3 nemzetk\u00f6zi p\u00e1ly\u00e1zatot a term\u00e9kek \u00e9s szolg\u00e1ltat\u00e1sok vev\u0151orient\u00e1lt min\u0151s\u00e9gfejleszt\u00e9s\u00e9nek elismer\u00e9s\u00e9re &#8211; k\u00f6z\u00f6lte a ki\u00edr\u00f3 az MTI-vel.<\/strong><!--more--><\/p>\n<div class=\"ads-in-post1\"><div id=\"gazdasagportal.hu_fullbanner_wideboard\"><\/div>\r\n<\/div>\n<p>    A t\u00e1j\u00e9koztat\u00e1s szerint a Min\u0151s\u00e9g-Innov\u00e1ci\u00f3 nemzetk\u00f6zi p\u00e1ly\u00e1zatot a finn \u00e1llameln\u00f6k 2007-ben alap\u00edtotta, a p\u00e1ly\u00e1zathoz &#8211; megh\u00edv\u00e1s alapj\u00e1n &#8211; csatlakozott Sv\u00e9dorsz\u00e1g, Lettorsz\u00e1g, Litv\u00e1nia, \u00c9sztorsz\u00e1g, Magyarorsz\u00e1g, Csehorsz\u00e1g, Izrael, Kazahszt\u00e1n, Spanyolorsz\u00e1g, az idei \u00e9vt\u0151l K\u00edna \u00e9s Thaif\u00f6ld.<br \/>\n    Moln\u00e1r P\u00e1l, az EOQ Magyar Nemzeti Bizotts\u00e1g eln\u00f6ke az MTI-nek elmondta, hogy Magyarorsz\u00e1g 2013-ban csatlakozott a ki\u00edr\u00e1shoz, az\u00f3ta \u00e9vente a magyar p\u00e1ly\u00e1z\u00f3k adj\u00e1k be az \u00f6sszes p\u00e1ly\u00e1zat mintegy 10 sz\u00e1zal\u00e9k\u00e1t.<br \/>\n    A tavalyi verseny jelent\u0151s magyar sikerrel z\u00e1rult, az \u00f6sszesen 7 nemzetk\u00f6zi f\u0151d\u00edjb\u00f3l 2-\u0151t magyar p\u00e1ly\u00e1z\u00f3 nyert el. A kis- \u00e9s k\u00f6z\u00e9pv\u00e1llalkoz\u00e1sok kateg\u00f3ri\u00e1ban az Evopro Bus Kft. MODULO modul\u00e1ris fel\u00e9p\u00edt\u00e9s\u0171 aut\u00f3busz-csal\u00e1dja, a k\u00f6zszf\u00e9ra \u00e9s non-profit szervezetek kateg\u00f3ri\u00e1ban Als\u00f3mocsol\u00e1d k\u00f6zs\u00e9g \u00f6nkorm\u00e1nyzat helyi gazdas\u00e1gfejleszt\u00e9si programj\u00e1ban kibocs\u00e1tott helyi fizet\u0151eszk\u00f6ze nyerte el a Min\u0151s\u00e9g-Innov\u00e1ci\u00f3 nemzetk\u00f6zi p\u00e1ly\u00e1zat f\u0151d\u00edjat.<br \/>\n    A ki\u00edr\u00e1s szerint a Min\u0151s\u00e9g-Innov\u00e1ci\u00f3 2016 p\u00e1ly\u00e1zatra min\u0151s\u00e9gfejleszt\u00e9shez, fenntarthat\u00f3s\u00e1ghoz, k\u00f6rnyezetv\u00e9delemhez k\u00f6thet\u0151 min\u0151s\u00e9g-orient\u00e1lt, t\u00e1rsadalmi felel\u0151ss\u00e9gv\u00e1llal\u00e1sra ir\u00e1nyul\u00f3 innov\u00e1ci\u00f3val lehet jelentkezni a meghirdetett nyolc kateg\u00f3ri\u00e1kban 2016. szeptember 15-\u00e9ig.<br \/>\n    A p\u00e1ly\u00e1zatokat els\u0151 k\u00f6rben nemzeti szinten b\u00edr\u00e1lj\u00e1k el, innen jutnak tov\u00e1bb a nemzeti d\u00edjas p\u00e1lyam\u0171vek a nemzetk\u00f6zi megm\u00e9rettet\u00e9s szintj\u00e9re. A 2016. \u00e9vi nemzetk\u00f6zi d\u00edjkioszt\u00f3 \u00fcnneps\u00e9get 2017 janu\u00e1rban Pr\u00e1g\u00e1ban rendezik meg.<br \/>\n    A nemzetk\u00f6zi p\u00e1ly\u00e1zattal egy id\u0151ben az EOQ Magyar Nemzeti Bizotts\u00e1g Egyes\u00fclet meghirdette nemzeti szinten a Min\u0151s\u00e9g-Innovat\u00edv V\u00e1llalat 2016 c\u00edm elnyer\u00e9s\u00e9re sz\u00f3l\u00f3 tendert, amelyet tavaly k\u00eds\u00e9rleti jelleggel vezettek be. Kedvez\u0151 tapasztalatok eset\u00e9n a modellt valamennyi r\u00e9sztvev\u0151 orsz\u00e1gra kiterjesztik.(MTI)<\/p>\n","protected":false},"excerpt":{"rendered":"<p>Az Eur\u00f3pai Min\u0151s\u00e9g\u00fcgyi Szervezet (EOQ) Magyar Nemzeti Bizotts\u00e1g Egyes\u00fclet meghirdette a 2016. \u00e9vi Min\u0151s\u00e9g-Innov\u00e1ci\u00f3 nemzetk\u00f6zi p\u00e1ly\u00e1zatot a term\u00e9kek \u00e9s szolg\u00e1ltat\u00e1sok vev\u0151orient\u00e1lt min\u0151s\u00e9gfejleszt\u00e9s\u00e9nek elismer\u00e9s\u00e9re &#8211; k\u00f6z\u00f6lte a ki\u00edr\u00f3 az MTI-vel.<\/p>\n","protected":false},"author":1,"featured_media":0,"comment_status":"open","ping_status":"closed","sticky":false,"template":"","format":"standard","meta":[],"categories":[19],"tags":[],"_links":{"self":[{"href":"https:\/\/gazdasagportal.hu\/index.php\/wp-json\/wp\/v2\/posts\/81187"}],"collection":[{"href":"https:\/\/gazdasagportal.hu\/index.php\/wp-json\/wp\/v2\/posts"}],"about":[{"href":"https:\/\/gazdasagportal.hu\/index.php\/wp-json\/wp\/v2\/types\/post"}],"author":[{"embeddable":true,"href":"https:\/\/gazdasagportal.hu\/index.php\/wp-json\/wp\/v2\/users\/1"}],"replies":[{"embeddable":true,"href":"https:\/\/gazdasagportal.hu\/index.php\/wp-json\/wp\/v2\/comments?post=81187"}],"version-history":[{"count":1,"href":"https:\/\/gazdasagportal.hu\/index.php\/wp-json\/wp\/v2\/posts\/81187\/revisions"}],"predecessor-version":[{"id":81188,"href":"https:\/\/gazdasagportal.hu\/index.php\/wp-json\/wp\/v2\/posts\/81187\/revisions\/81188"}],"wp:attachment":[{"href":"https:\/\/gazdasagportal.hu\/index.php\/wp-json\/wp\/v2\/media?parent=81187"}],"wp:term":[{"taxonomy":"category","embeddable":true,"href":"https:\/\/gazdasagportal.hu\/index.php\/wp-json\/wp\/v2\/categories?post=81187"},{"taxonomy":"post_tag","embeddable":true,"href":"https:\/\/gazdasagportal.hu\/index.php\/wp-json\/wp\/v2\/tags?post=81187"}],"curies":[{"name":"wp","href":"https:\/\/api.w.org\/{rel}","templated":true}]}}