{"id":8117,"date":"2013-05-09T08:11:32","date_gmt":"2013-05-09T06:11:32","guid":{"rendered":"http:\/\/stockportal.hu\/?p=8117"},"modified":"2013-05-09T08:13:32","modified_gmt":"2013-05-09T06:13:32","slug":"berlusconit-adocsalasert-masodfokon-is-eliteltek","status":"publish","type":"post","link":"https:\/\/gazdasagportal.hu\/index.php\/berlusconit-adocsalasert-masodfokon-is-eliteltek\/","title":{"rendered":"Berlusconit ad\u00f3csal\u00e1s\u00e9rt m\u00e1sodfokon is el\u00edt\u00e9lt\u00e9k"},"content":{"rendered":"<p><strong>A mil\u00e1n\u00f3i fellebbviteli b\u00edr\u00f3s\u00e1g szerd\u00e1n meger\u0151s\u00edtette az \u00fagynevezett Mediaset-per els\u0151 fok\u00fa \u00edt\u00e9let\u00e9t, amelyben ad\u00f3csal\u00e1s v\u00e1dj\u00e1val tavaly n\u00e9gy \u00e9vre \u00edt\u00e9lt\u00e9k Silvio Berlusconit.<!--more--><\/strong><\/p>\n<p>Mivel a b\u0171ncselekm\u00e9ny 2006 el\u0151tt t\u00f6rt\u00e9nt, a n\u00e9gy \u00e9vb\u0151l h\u00e1rmat automatikusan elengednek.<br \/>\nAz \u00edt\u00e9let \u00f6t \u00e9vre eltiltotta k\u00f6zhivatal visel\u00e9s\u00e9t\u0151l Berlusconit, aki a jobbk\u00f6z\u00e9p Szabads\u00e1g N\u00e9pe (PdL) eln\u00f6ke \u00e9s a r\u00f3mai parlament szen\u00e1tora.<br \/>\nAz egykor Berlusconi, most gyerekei \u00e1ltal ir\u00e1ny\u00edtott Mediaset telev\u00edzi\u00f3s csoport a v\u00e1d szerint 2001-2003 k\u00f6z\u00f6tt ad\u00f3csal\u00e1st k\u00f6vetett el be nem fizetett k\u00f6zvet\u00edt\u00e9si jogd\u00edjakkal. A v\u00e1d szerint Berlusconi v\u00e1llalata \u00f6sszesen 280 milli\u00f3 eur\u00f3t keresett feket\u00e9n.<br \/>\nA tizenegy szem\u00e9ly elleni perben szint\u00e9n v\u00e1dlottk\u00e9nt szerepl\u0151 Frank Agrama amerikai producer eset\u00e9ben is meger\u0151s\u00edtett\u00e9k a tavaly els\u0151 fokon kiszabott h\u00e1rom \u00e9v b\u00fcntet\u00e9st, valamint Fedele Confalonieri, a Mediaset-eln\u00f6ke felment\u00e9s\u00e9t is. Berlusconinak \u00e9s a t\u00f6bbi el\u00edt\u00e9ltnek \u00f6sszesen t\u00edzmilli\u00f3 eur\u00f3t kell azonnali hat\u00e1llyal befizetnie az olasz ad\u00f3hivatalnak.<br \/>\nA m\u00e1sodfok\u00fa \u00edt\u00e9let t\u00edz \u00e9ve tart\u00f3 pert z\u00e1rt le, de a v\u00e9gs\u0151 sz\u00f3t a Semm\u00edt\u0151sz\u00e9k mondja majd ki, melynek harmadfok\u00fa d\u00f6nt\u00e9se az \u00e9v v\u00e9ge el\u0151tt v\u00e1rhat\u00f3.<br \/>\nBerlusconi r\u00f3mai otthon\u00e1ban, a Grazioli-palot\u00e1ban v\u00e1rta az \u00edt\u00e9letet a PdL vezet\u0151s\u00e9g\u00e9vel. A p\u00e1rt politikusainak kijelent\u00e9sei szerint Berlusconi &#8222;felel\u0151s \u00e9s az \u00edt\u00e9let\u00e9rt nem fogja felbor\u00edtani az egy hete megalakult Letta-korm\u00e1nyt&#8221;.<br \/>\n&#8222;Az \u00edt\u00e9let v\u00e1rhat\u00f3 volt. A mil\u00e1n\u00f3i b\u00edr\u00e1k elfogultak Berlusconival szemben&#8221; &#8211; hangoztatta nyilatkozat\u00e1ban Niccolo Ghedini, Berlusconi v\u00e9d\u0151\u00fcgyv\u00e9dje. Arra eml\u00e9keztetett, hogy a Semm\u00edt\u0151sz\u00e9k m\u00e1jus 6-\u00e1n elutas\u00edtotta Berlusconi k\u00e9relm\u00e9t a per m\u00e1s b\u00edr\u00f3s\u00e1gra val\u00f3 \u00e1thelyez\u00e9s\u00e9r\u0151l. Ghedini szerd\u00e1n ism\u00e9t a b\u00edr\u00f3s\u00e1g elfogults\u00e1g\u00e1ra hivatkozva a per elhalaszt\u00e1s\u00e1t k\u00e9rte, de ezt a mil\u00e1n\u00f3i b\u00edr\u00f3i test\u00fclet megtagadta.<br \/>\n&#8222;A mil\u00e1n\u00f3i b\u00edr\u00f3s\u00e1g kiv\u00e9gz\u0151osztag&#8221; &#8211; hangoztatta Alessandra Mussolini PdL-politikus.<br \/>\nAz 5 Csillag Mozgalom szorgalmazta Berlusconinak a szen\u00e1tusb\u00f3l val\u00f3 azonnali kiz\u00e1r\u00e1s\u00e1t. (MTI)<\/p>\n","protected":false},"excerpt":{"rendered":"<p>A mil\u00e1n\u00f3i fellebbviteli b\u00edr\u00f3s\u00e1g szerd\u00e1n meger\u0151s\u00edtette az \u00fagynevezett Mediaset-per els\u0151 fok\u00fa \u00edt\u00e9let\u00e9t, amelyben ad\u00f3csal\u00e1s v\u00e1dj\u00e1val tavaly n\u00e9gy \u00e9vre \u00edt\u00e9lt\u00e9k Silvio Berlusconit.<\/p>\n","protected":false},"author":1,"featured_media":0,"comment_status":"open","ping_status":"closed","sticky":false,"template":"","format":"standard","meta":[],"categories":[12],"tags":[53],"_links":{"self":[{"href":"https:\/\/gazdasagportal.hu\/index.php\/wp-json\/wp\/v2\/posts\/8117"}],"collection":[{"href":"https:\/\/gazdasagportal.hu\/index.php\/wp-json\/wp\/v2\/posts"}],"about":[{"href":"https:\/\/gazdasagportal.hu\/index.php\/wp-json\/wp\/v2\/types\/post"}],"author":[{"embeddable":true,"href":"https:\/\/gazdasagportal.hu\/index.php\/wp-json\/wp\/v2\/users\/1"}],"replies":[{"embeddable":true,"href":"https:\/\/gazdasagportal.hu\/index.php\/wp-json\/wp\/v2\/comments?post=8117"}],"version-history":[{"count":2,"href":"https:\/\/gazdasagportal.hu\/index.php\/wp-json\/wp\/v2\/posts\/8117\/revisions"}],"predecessor-version":[{"id":8123,"href":"https:\/\/gazdasagportal.hu\/index.php\/wp-json\/wp\/v2\/posts\/8117\/revisions\/8123"}],"wp:attachment":[{"href":"https:\/\/gazdasagportal.hu\/index.php\/wp-json\/wp\/v2\/media?parent=8117"}],"wp:term":[{"taxonomy":"category","embeddable":true,"href":"https:\/\/gazdasagportal.hu\/index.php\/wp-json\/wp\/v2\/categories?post=8117"},{"taxonomy":"post_tag","embeddable":true,"href":"https:\/\/gazdasagportal.hu\/index.php\/wp-json\/wp\/v2\/tags?post=8117"}],"curies":[{"name":"wp","href":"https:\/\/api.w.org\/{rel}","templated":true}]}}