{"id":81126,"date":"2016-06-17T12:42:00","date_gmt":"2016-06-17T10:42:00","guid":{"rendered":"http:\/\/gazdasagportal.hu\/?p=81126"},"modified":"2016-06-17T12:42:00","modified_gmt":"2016-06-17T10:42:00","slug":"brit-eu-nepszavazas-az-economist-a-brit-eu-tagsag-mellett","status":"publish","type":"post","link":"https:\/\/gazdasagportal.hu\/index.php\/brit-eu-nepszavazas-az-economist-a-brit-eu-tagsag-mellett\/","title":{"rendered":"Brit EU-n\u00e9pszavaz\u00e1s &#8211; Az Economist a brit EU-tags\u00e1g mellett"},"content":{"rendered":"<p><strong>A tov\u00e1bbi brit EU-tags\u00e1g mellett foglalt \u00e1ll\u00e1st a The Economist.<\/strong><!--more--><\/p>\n<div class=\"ads-in-post1\"><div id=\"gazdasagportal.hu_fullbanner_wideboard\"><\/div>\r\n<\/div>\n<p>    A tekint\u00e9lyes brit gazdas\u00e1gi-politikai foly\u00f3irat nyomtatott kiad\u00e1s\u00e1ban p\u00e9nteken megjelent szerkeszt\u0151s\u00e9gi \u00edr\u00e1s szerint ha a brit EU-tags\u00e1gr\u00f3l j\u00f6v\u0151 cs\u00fct\u00f6rt\u00f6kre ki\u00edrt n\u00e9pszavaz\u00e1son a t\u00f6bbs\u00e9g a kil\u00e9p\u00e9sre szavaz, az s\u00falyos \u00e9s tart\u00f3s politikai \u00e9s gazdas\u00e1gi k\u00e1rokat okozna Nagy-Britanni\u00e1nak, \u00e9s az Eur\u00f3pai Uni\u00f3n is m\u00e9ly sebet ejtene egyik legnagyobb tagorsz\u00e1g\u00e1nak elvesz\u00edt\u00e9se.<br \/>\n    &#8222;Mik\u00f6zben az olyanok, mint Donbald Trump \u00e9s Marine Le Pen gazdas\u00e1gi nacionalizmust \u00e9s idegengy\u0171l\u00f6letet sz\u00edtanak&#8221;, a Brexit, vagyis Nagy-Britannia kil\u00e9p\u00e9se az EU-b\u00f3l annak a liber\u00e1lis rendszernek a veres\u00e9ge lenne, amely a Nyugat j\u00f3l\u00e9t\u00e9t megalapozza &#8211; \u00e1ll a The Economist \u00edr\u00e1s\u00e1ban. A foly\u00f3irat az amerikai republik\u00e1nusok eln\u00f6kjel\u00f6lt-aspir\u00e1ns\u00e1ra, illetve a francia Nemzeti Front vezet\u0151j\u00e9re utalt.<br \/>\n    A lap szerint a kil\u00e9p\u00e9st p\u00e1rtol\u00f3k k\u00f6z\u00fcl m\u00e9g a liber\u00e1lis felfog\u00e1s\u00faak is ill\u00fazi\u00f3kat kergetnek, \u00e9s elk\u00e9pzel\u00e9seiket szertefoszlatn\u00e1 a Brexit realit\u00e1sa. Ha ugyanis Nagy-Britannia kil\u00e9p az Eur\u00f3pai Uni\u00f3b\u00f3l, val\u00f3sz\u00edn\u0171leg szeg\u00e9nyebb, kev\u00e9sb\u00e9 nyitott \u00e9s kev\u00e9sb\u00e9 innovat\u00edv orsz\u00e1gg\u00e1 v\u00e1lna.<br \/>\n    Azt a kil\u00e9p\u00e9s h\u00edvei is elfogadj\u00e1k, hogy a Brexit r\u00f6vid t\u00e1v\u00fa gazdas\u00e1gi k\u00e1rokat okozna, hosszabb t\u00e1von is val\u00f3sz\u00edn\u0171tlen azonban, hogy Nagy-Britannia j\u00f3l j\u00e1rna. A brit exportnak csaknem a fele az EU-piacra ir\u00e1nyul, a hozz\u00e1f\u00e9r\u00e9s az uni\u00f3 egys\u00e9ges piac\u00e1hoz \u00e9letfontoss\u00e1g\u00fa a City p\u00e9nz\u00fcgyi k\u00f6zpontja sz\u00e1m\u00e1ra, \u00e9s a m\u0171k\u00f6d\u0151t\u0151ke-be\u00e1raml\u00e1s szempontj\u00e1b\u00f3l is. E hozz\u00e1f\u00e9r\u00e9s felt\u00e9tele azonban az, hogy Nagy-Britannia tov\u00e1bbra is tartsa mag\u00e1t az EU szab\u00e1lyrendszer\u00e9hez, hozz\u00e1j\u00e1ruljon az uni\u00f3s k\u00f6lts\u00e9gvet\u00e9shez, \u00e9s elfogadja az uni\u00f3n bel\u00fcli szabad mozg\u00e1st, m\u00e1rpedig a kil\u00e9p\u00e9s\u00e9rt kamp\u00e1nyol\u00f3k \u00e9ppen e k\u00f6telezetts\u00e9gekt\u0151l akarnak megszabadulni &#8211; \u00e1ll a The Economist \u00e1ll\u00e1sfoglal\u00e1s\u00e1ban.<br \/>\n    A foly\u00f3irat szerint &#8222;szem\u00e9rmetlen\u00fcl hamis&#8221; \u00e9rvek is elhangzanak a Brexit-t\u00e1bor kamp\u00e1ny\u00e1ban; ezek k\u00f6z\u00e9 tartozik, hogy t\u00f6r\u00f6k\u00f6k milli\u00f3i k\u00e9sz\u00fclnek Nagy-Britannia el\u00f6z\u00f6nl\u00e9s\u00e9re. A Brexit-p\u00e1rt szerint a bev\u00e1ndorl\u00e1s terheket r\u00f3 az olyan k\u00f6zszolg\u00e1ltat\u00e1sokra, mint az eg\u00e9szs\u00e9g\u00fcgyi ell\u00e1t\u00e1s vagy az oktat\u00e1s, j\u00f3llehet a bev\u00e1ndorl\u00f3k a brit k\u00f6lts\u00e9gvet\u00e9s nett\u00f3 befizet\u0151i, vagyis hozz\u00e1j\u00e1rulnak e k\u00f6zszolg\u00e1ltat\u00e1sok finansz\u00edroz\u00e1s\u00e1hoz &#8211; \u00edrja a brit hetilap.<br \/>\n    Az Eur\u00f3pai Uni\u00f3 nem t\u00f6k\u00e9letes, s\u0151t &#8222;n\u00e9ha \u0151rj\u00edt\u0151&#8221;, m\u00e9gis sokkal jobb, mint az alternat\u00edva, \u00e9ppen ez\u00e9rt &#8222;rettenetes hiba lenne&#8221; a kil\u00e9p\u00e9s, mivel azzal meggyeng\u00fclne Eur\u00f3pa, Nagy-Britannia pedig elszeg\u00e9nyedne \u00e9s befoly\u00e1sa zsugorodna &#8211; \u00e1ll a The Economist \u00e1ll\u00e1sfoglal\u00e1s\u00e1ban.<br \/>\n    Nagy-Britanni\u00e1ban hagyom\u00e1ny, hogy a befoly\u00e1sos lapok v\u00e1laszt\u00e1sok \u00e9s egy\u00e9b n\u00e9pk\u00e9pviseleti voksol\u00e1sok el\u0151tt deklar\u00e1lj\u00e1k \u00e1ll\u00e1spontjukat.<br \/>\n    A h\u00e9ten a legbefoly\u00e1sosabbnak tartott brit napilap, a The Sun arra sz\u00f3l\u00edtotta fel a brit v\u00e1laszt\u00f3kat, hogy az EU-n\u00e9pszavaz\u00e1son voksoljanak Nagy-Britannia kil\u00e9p\u00e9s\u00e9re. E lap szerint Nagy-Britannia 43 \u00e9vnyi tags\u00e1ga alatt az Eur\u00f3pai Uni\u00f3 &#8222;egyre ink\u00e1bb kapzsi, pazarl\u00f3, er\u0151szakos, v\u00e1ls\u00e1gok idej\u00e9n pedig l\u00e9legzetel\u00e1ll\u00edt\u00f3 m\u00f3don inkompetens&#8221; szervezett\u00e9 v\u00e1lt. &#8222;Meg kell szabadulnunk a diktat\u00f3rikus Br\u00fcsszelt\u0151l, mert ha Nagy-Britannia az EU tagja marad, akkor n\u00e9h\u00e1ny \u00e9ven bel\u00fcl elnyeli ez a meg\u00e1ll\u00edthatatlanul terjeszked\u0151, n\u00e9met dominanci\u00e1j\u00fa sz\u00f6vets\u00e9gi \u00e1llam&#8221; &#8211; fogalmazott a legnagyobb olvasotts\u00e1g\u00fa brit napilap, amely eddig is vehemensen EU-ellenes alap\u00e1ll\u00e1s\u00e1r\u00f3l volt k\u00f6zismert.(MTI)<\/p>\n","protected":false},"excerpt":{"rendered":"<p>A tov\u00e1bbi brit EU-tags\u00e1g mellett foglalt \u00e1ll\u00e1st a The Economist.<\/p>\n","protected":false},"author":1,"featured_media":0,"comment_status":"open","ping_status":"closed","sticky":false,"template":"","format":"standard","meta":[],"categories":[12],"tags":[],"_links":{"self":[{"href":"https:\/\/gazdasagportal.hu\/index.php\/wp-json\/wp\/v2\/posts\/81126"}],"collection":[{"href":"https:\/\/gazdasagportal.hu\/index.php\/wp-json\/wp\/v2\/posts"}],"about":[{"href":"https:\/\/gazdasagportal.hu\/index.php\/wp-json\/wp\/v2\/types\/post"}],"author":[{"embeddable":true,"href":"https:\/\/gazdasagportal.hu\/index.php\/wp-json\/wp\/v2\/users\/1"}],"replies":[{"embeddable":true,"href":"https:\/\/gazdasagportal.hu\/index.php\/wp-json\/wp\/v2\/comments?post=81126"}],"version-history":[{"count":1,"href":"https:\/\/gazdasagportal.hu\/index.php\/wp-json\/wp\/v2\/posts\/81126\/revisions"}],"predecessor-version":[{"id":81127,"href":"https:\/\/gazdasagportal.hu\/index.php\/wp-json\/wp\/v2\/posts\/81126\/revisions\/81127"}],"wp:attachment":[{"href":"https:\/\/gazdasagportal.hu\/index.php\/wp-json\/wp\/v2\/media?parent=81126"}],"wp:term":[{"taxonomy":"category","embeddable":true,"href":"https:\/\/gazdasagportal.hu\/index.php\/wp-json\/wp\/v2\/categories?post=81126"},{"taxonomy":"post_tag","embeddable":true,"href":"https:\/\/gazdasagportal.hu\/index.php\/wp-json\/wp\/v2\/tags?post=81126"}],"curies":[{"name":"wp","href":"https:\/\/api.w.org\/{rel}","templated":true}]}}