{"id":8103,"date":"2013-05-09T04:04:44","date_gmt":"2013-05-09T02:04:44","guid":{"rendered":"http:\/\/stockportal.hu\/?p=8103"},"modified":"2013-05-09T08:52:38","modified_gmt":"2013-05-09T06:52:38","slug":"novelte-eredmenyet-a-richter-az-elso-negyedevben","status":"publish","type":"post","link":"https:\/\/gazdasagportal.hu\/index.php\/novelte-eredmenyet-a-richter-az-elso-negyedevben\/","title":{"rendered":"N\u00f6velte eredm\u00e9ny\u00e9t a Richter az els\u0151 negyed\u00e9vben"},"content":{"rendered":"<p><strong>A Richter Gedeon Nyrt. 19,050 milli\u00e1rd forint konszolid\u00e1lt ad\u00f3zott eredm\u00e9nyt \u00e9rt el az idei \u00e9v els\u0151 h\u00e1rom h\u00f3napj\u00e1ban, ami 2,441 milli\u00e1rd forinttal haladja meg az egy \u00e9vvel kor\u00e1bbit, s l\u00e9nyeg\u00e9ben megegyezik az anyav\u00e1llalat tulajdonosaira jut\u00f3 ad\u00f3zott eredm\u00e9nnyel &#8211; k\u00f6z\u00f6lte a t\u00e1rsas\u00e1g cs\u00fct\u00f6rt\u00f6k\u00f6n a t\u0151zsde honlapj\u00e1n.<!--more--><\/strong><\/p>\n<p>A nemzetk\u00f6zi sz\u00e1mviteli szabv\u00e1nyok (IAS) alapj\u00e1n k\u00e9sz\u00fclt gyorsjelent\u00e9s szerint a csoport \u00e1rbev\u00e9tele 2013 els\u0151 negyed\u00e9v\u00e9ben 85,844 milli\u00e1rd forintot tett ki, ami 4,7 sz\u00e1zal\u00e9kkal t\u00f6bb az egy \u00e9vvel kor\u00e1bbin\u00e1l.<br \/>\nA portfolio.hu \u00e1ltal megk\u00e9rdezett elemz\u0151k 16,204 milli\u00e1rd forint nett\u00f3 profitot \u00e9s 85,658 milli\u00e1rd forint bev\u00e9telt v\u00e1rtak az els\u0151 negyed\u00e9vre.<br \/>\nA jelent\u00e9s szerint a teljes r\u00e9szv\u00e9nysz\u00e1mra vet\u00edtett egy r\u00e9szv\u00e9nyre jut\u00f3 eredm\u00e9ny 1022 forint volt 2013 els\u0151 negyed\u00e9v\u00e9ben, ami a 2012 azonos id\u0151szak\u00e1ban el\u00e9rt 899 forinthoz k\u00e9pest 13,7 sz\u00e1zal\u00e9kos n\u00f6veked\u00e9s.<br \/>\nAz \u00fczleti tev\u00e9kenys\u00e9g eredm\u00e9nye 1,8 sz\u00e1zal\u00e9kkal cs\u00f6kkent, 15,217 milli\u00e1rd forintra. A jelent\u00e9s szerint a minim\u00e1lis cs\u00f6kken\u00e9st az okozta, hogy eredm\u00e9nynek az \u00e1rbev\u00e9tel n\u00f6veked\u00e9sb\u0151l \u00e9s a fedezetih\u00e1nyad-javul\u00e1sb\u00f3l sz\u00e1rmaz\u00f3 javul\u00e1s\u00e1t ellens\u00falyozta a marketingk\u00f6lts\u00e9gek \u00e9s a kutat\u00e1s-fejleszt\u00e9si (K+F) k\u00f6lts\u00e9gek n\u00f6veked\u00e9se. A fedezeti h\u00e1nyad 64 sz\u00e1zal\u00e9kra n\u0151tt az egy \u00e9vvel kor\u00e1bbi 61,6 sz\u00e1zal\u00e9kr\u00f3l, a marketingk\u00f6lts\u00e9gek 20,1 sz\u00e1zal\u00e9kkal, 26,75 milli\u00e1rd forintra n\u0151ttek, a K+F k\u00f6lts\u00e9gek pedig 14,1 sz\u00e1zal\u00e9kkal 10,99 milli\u00e1rd forintra emelkedtek.<br \/>\nBeruh\u00e1z\u00e1sokra 3,16 milli\u00e1rd forintot k\u00f6lt\u00f6tt a\u00a0<span style=\"color: blue;\">Richter<\/span>\u00a02013 els\u0151 negyed\u00e9v\u00e9ben, a tavaly els\u0151 negyed\u00e9vi 2,7 milli\u00e1rd forinttal szemben.<br \/>\nA p\u00e9nz\u00fcgyi eredm\u00e9ny 4,67 milli\u00e1rd forinttal j\u00e1rult hozz\u00e1 a profithoz, m\u00edg tavaly az els\u0151 negyed\u00e9vben 2,16 milli\u00e1rd forint volt a p\u00e9nz\u00fcgyi soron el\u00e9rt nyeres\u00e9g.<br \/>\nA gy\u00f3gyszergy\u00e1r belf\u00f6ld\u00f6n 5 sz\u00e1zal\u00e9kkal 9,22 milli\u00e1rd forintra n\u00f6velte \u00e1rbev\u00e9tel\u00e9t 2013 els\u0151 negyed\u00e9v\u00e9ben. A kor\u00e1bbi id\u0151szakokat jellemz\u0151 cs\u00f6kken\u00e9sek ut\u00e1ni emelked\u00e9st a v\u00e1llalat a piac stabiliz\u00e1l\u00f3d\u00e1s\u00e1val, valamint az elm\u00falt k\u00e9t \u00e9vben bevezetett term\u00e9kek forgalm\u00e1val magyar\u00e1zta.<br \/>\nA\u00a0<span style=\"color: blue;\">Richter<\/span>\u00a0export \u00e1rbev\u00e9tele 4,7 sz\u00e1zal\u00e9kkal n\u0151tt, 258,8 milli\u00f3 eur\u00f3t tett ki. A jelent\u00e9s szerint jelent\u0151sen n\u0151tt a k\u00ednai, ukr\u00e1n, valamint egyes F\u00c1K-orsz\u00e1gok forgalma.<br \/>\nOroszorsz\u00e1gba, amely \u00e1ltal\u00e1ban a v\u00e1llalat egyik legjobban teljes\u00edt\u0151 exportpiaca, ez\u00fattal 7,3 sz\u00e1zal\u00e9kkal cs\u00f6kkent a kivitel, \u00e9rt\u00e9ke 81,7 milli\u00f3 eur\u00f3t tett ki. A teljes F\u00c1K-piaci kivitel 2 sz\u00e1zal\u00e9kkal b\u0151v\u00fclt, 123,7 milli\u00f3 eur\u00f3t \u00e9rte el, ezen bel\u00fcl az ukrajnai export csaknem 20 sz\u00e1zal\u00e9kkal n\u0151tt. Az Eur\u00f3pai Uni\u00f3ba ir\u00e1nyul\u00f3 kivitel 1,4 sz\u00e1zal\u00e9kkal, 105 milli\u00f3 eur\u00f3ra emelkedett, az amerikai export pedig 13,8 sz\u00e1zal\u00e9kkal 6,9 milli\u00f3 eur\u00f3ra cs\u00f6kkent. A k\u00ednai \u00e1rbev\u00e9tel 8,2 milli\u00f3 eur\u00f3 n\u00f6veked\u00e9s ut\u00e1n 9,6 milli\u00f3 eur\u00f3t tett ki az \u00e9v els\u0151 negyed\u00e9v\u00e9ben.<br \/>\nA\u00a0<span style=\"color: blue;\">Richter<\/span>-csoport saj\u00e1t t\u0151k\u00e9je megk\u00f6zel\u00edtette az 550 milli\u00e1rd forintot 2013. m\u00e1rcius 31-\u00e9n, a tavaly \u00e9v v\u00e9gi \u00e9rt\u00e9khez k\u00e9pest 5,7 sz\u00e1zal\u00e9kkal emelkedett. Az eredm\u00e9nytartal\u00e9k 19 milli\u00e1rd forinttal 488,5 milli\u00e1rd forintra n\u0151tt.<br \/>\nA\u00a0<span style=\"color: blue;\">Richter<\/span>\u00a0r\u00e9szv\u00e9nyeivel a Budapesti \u00c9rt\u00e9kt\u0151zsde A kateg\u00f3ri\u00e1j\u00e1ban kereskednek. A pap\u00edrokkal 34 150 forinton z\u00e1rt\u00e1k a szerdai keresked\u00e9st, az elm\u00falt egy \u00e9vben a legmagasabb \u00e1rfolyam 41 350, a legalacsonyabb 32 300 forint volt.. (MTI)<br \/>\n<i>2013. m\u00e1jus. 09. 00:01 \u00a0 <\/i><b><a href=\"http:\/\/client.bet.hu\/newkibdata\/114094302\/RCH130509QR01H.pdf\" target=\"_blank\" rel=\"noopener\">2013 I. Negyed\u00e9ves jelent\u00e9s (B\u00c9T)<\/a><\/b><\/p>\n<p>&nbsp;<\/p><div id=\"gazda-3122341735\" class=\"gazda-tartalomban gazda-entity-placement\"><script async src=\"https:\/\/pagead2.googlesyndication.com\/pagead\/js\/adsbygoogle.js\"><\/script>\r\n<ins class=\"adsbygoogle\"\r\n     style=\"display:block\"\r\n     data-ad-format=\"fluid\"\r\n     data-ad-layout-key=\"-6t+ed+2i-1n-4w\"\r\n     data-ad-client=\"ca-pub-1959107119989764\"\r\n     data-ad-slot=\"4008251320\"><\/ins>\r\n<script>\r\n     (adsbygoogle = window.adsbygoogle || []).push({});\r\n<\/script><\/div>\n<p>&nbsp;<\/p>\n<p>&nbsp;<\/p>\n","protected":false},"excerpt":{"rendered":"<p>A Richter Gedeon Nyrt. 19,050 milli\u00e1rd forint konszolid\u00e1lt ad\u00f3zott eredm\u00e9nyt \u00e9rt el az idei \u00e9v els\u0151 h\u00e1rom h\u00f3napj\u00e1ban, ami 2,441 milli\u00e1rd forinttal haladja meg az egy \u00e9vvel kor\u00e1bbit, s l\u00e9nyeg\u00e9ben megegyezik az anyav\u00e1llalat tulajdonosaira jut\u00f3 ad\u00f3zott eredm\u00e9nnyel &#8211; k\u00f6z\u00f6lte a t\u00e1rsas\u00e1g cs\u00fct\u00f6rt\u00f6k\u00f6n a t\u0151zsde honlapj\u00e1n.<\/p>\n","protected":false},"author":1,"featured_media":2248,"comment_status":"open","ping_status":"closed","sticky":false,"template":"","format":"standard","meta":[],"categories":[98,1,7,38],"tags":[],"_links":{"self":[{"href":"https:\/\/gazdasagportal.hu\/index.php\/wp-json\/wp\/v2\/posts\/8103"}],"collection":[{"href":"https:\/\/gazdasagportal.hu\/index.php\/wp-json\/wp\/v2\/posts"}],"about":[{"href":"https:\/\/gazdasagportal.hu\/index.php\/wp-json\/wp\/v2\/types\/post"}],"author":[{"embeddable":true,"href":"https:\/\/gazdasagportal.hu\/index.php\/wp-json\/wp\/v2\/users\/1"}],"replies":[{"embeddable":true,"href":"https:\/\/gazdasagportal.hu\/index.php\/wp-json\/wp\/v2\/comments?post=8103"}],"version-history":[{"count":8,"href":"https:\/\/gazdasagportal.hu\/index.php\/wp-json\/wp\/v2\/posts\/8103\/revisions"}],"predecessor-version":[{"id":8110,"href":"https:\/\/gazdasagportal.hu\/index.php\/wp-json\/wp\/v2\/posts\/8103\/revisions\/8110"}],"wp:featuredmedia":[{"embeddable":true,"href":"https:\/\/gazdasagportal.hu\/index.php\/wp-json\/wp\/v2\/media\/2248"}],"wp:attachment":[{"href":"https:\/\/gazdasagportal.hu\/index.php\/wp-json\/wp\/v2\/media?parent=8103"}],"wp:term":[{"taxonomy":"category","embeddable":true,"href":"https:\/\/gazdasagportal.hu\/index.php\/wp-json\/wp\/v2\/categories?post=8103"},{"taxonomy":"post_tag","embeddable":true,"href":"https:\/\/gazdasagportal.hu\/index.php\/wp-json\/wp\/v2\/tags?post=8103"}],"curies":[{"name":"wp","href":"https:\/\/api.w.org\/{rel}","templated":true}]}}